{"id":3415,"date":"2026-08-30T13:50:00","date_gmt":"2026-08-30T11:50:00","guid":{"rendered":"https:\/\/eglisematthania.com\/?p=3415"},"modified":"2026-09-06T08:56:59","modified_gmt":"2026-09-06T06:56:59","slug":"1-timothee-3-14-15-3-jean-1-4-ephesiens-2-19-22-leglise-locale-1","status":"publish","type":"post","link":"https:\/\/eglisematthania.com\/index.php\/2026\/08\/30\/1-timothee-3-14-15-3-jean-1-4-ephesiens-2-19-22-leglise-locale-1\/","title":{"rendered":"1 TIMOTH\u00c9E\u00a03.14-15, 3 JEAN 1.4, \u00c9PH\u00c9SIENS\u00a02.19-22\u00a0L\u2019\u00c9GLISE LOCALE (1)"},"content":{"rendered":"\n<h2 class=\"wp-block-heading\">Pr\u00e9dication Culte du 30 ao\u00fbt 2026 par le Pasteur Claude Missidimbazi <\/h2>\n\n\n\n<p class=\"wp-block-paragraph\"><em>\u00ab Je t\u2019\u00e9cris ces choses, avec l\u2019esp\u00e9rance d\u2019aller bient\u00f4t vers toi, mais afin que tu saches, si je tarde, comment il faut se conduire dans la maison de Dieu, qui est l\u2019\u00c9glise du Dieu vivant, la colonne et l\u2019appui de la v\u00e9rit\u00e9. \u00bb<\/em> 1 Timoth\u00e9e\u202c \u202d3\u202c.14-15<\/p>\n\n\n\n<p class=\"wp-block-paragraph\"><em>\u00ab\u00a0Ma plus grande joie, c\u2019est d\u2019apprendre que mes enfants marchent dans la lumi\u00e8re de la v\u00e9rit\u00e9.\u00a0\u00bb<\/em> 3 Jean 1.4<\/p>\n\n\n\n<p class=\"wp-block-paragraph\"><em>\u00ab Ainsi donc, vous n&rsquo;\u00eates plus des \u00e9trangers ni des exil\u00e9s\u00a0; mais vous \u00eates concitoyens des saints, membres de la maison de Dieu. Vous avez \u00e9t\u00e9 construits sur les fondations constitu\u00e9es par les ap\u00f4tres et proph\u00e8tes, J\u00e9sus-Christ lui-m\u00eame \u00e9tant la pierre de l&rsquo;angle. C&rsquo;est en lui que toute construction bien coordonn\u00e9e s&rsquo;\u00e9l\u00e8ve pour \u00eatre, dans le Seigneur, un sanctuaire saint. C&rsquo;est en lui que, vous aussi, vous \u00eates construits ensemble pour \u00eatre une habitation de Dieu, dans l&rsquo;Esprit. \u00bb<\/em> Eph\u00e9siens\u202c \u202d2\u202c.19-22<\/p>\n\n\n\n<h3 class=\"wp-block-heading\">Introduction<\/h3>\n\n\n\n<p class=\"wp-block-paragraph\">Nous devons revenir aux Saintes \u00c9critures pour entrer dans le projet de Dieu.\u00a0<\/p>\n\n\n\n<p class=\"wp-block-paragraph\">Lorsqu\u2019on se rassemble en tant qu\u2019\u00c9glise, nous ne venons pas pour recevoir des b\u00e9n\u00e9dictions mais \u00e9galement pour \u00eatre des b\u00e9n\u00e9dictions pour les autres.<\/p>\n\n\n\n<p class=\"wp-block-paragraph\">Nous pouvons \u00eatre ainsi des b\u00e9n\u00e9dictions pour nos responsables, comme Ga\u00efus a pu l\u2019\u00eatre pour Jean, par nos progr\u00e8s dans la marche dans v\u00e9rit\u00e9 (3 Jean 1.4).<\/p>\n\n\n\n<h3 class=\"wp-block-heading\">L\u2019\u00e9quilibre entre l\u2019amour et la v\u00e9rit\u00e9<\/h3>\n\n\n\n<p class=\"wp-block-paragraph\">Aussi fort qu&rsquo;il aimait J\u00e9sus, Jean, l&rsquo;ap\u00f4tre, n&rsquo;a jamais laiss\u00e9 son amour se r\u00e9duire \u00e0 un simple sentimentalisme.&nbsp;<\/p>\n\n\n\n<p class=\"wp-block-paragraph\">Il y a chez Jean un \u00e9quilibre juste entre l\u2019amour et la v\u00e9rit\u00e9. Lorsqu\u2019on \u00e9tudie l\u2019\u00c9vangile selon Jean, ses \u00e9p\u00eetres et l\u2019Apocalypse, il y a 80 occurrences du mot amour, et 70 fois le mot v\u00e9rit\u00e9.&nbsp;<\/p>\n\n\n\n<p class=\"wp-block-paragraph\">Son amour profond pour le Christ l\u2019a pouss\u00e9 \u00e0 \u00eatre un ma\u00eetre de l\u2019amour et un t\u00e9moin de la v\u00e9rit\u00e9 !<\/p>\n\n\n\n<p class=\"wp-block-paragraph\">Pour lui, l&rsquo;ob\u00e9issance \u00e0 la v\u00e9rit\u00e9 \u00e9tait la plus haute expression de l&rsquo;amour :&nbsp;<em>\u00ab&nbsp;Mais l\u2019amour de Dieu est vraiment parfait en celui qui garde Sa parole. C\u2019est \u00e0 cela que nous reconnaissons que nous sommes en Lui.&nbsp;\u00bb&nbsp;<\/em>(1 Jean 2.5)<\/p>\n\n\n\n<p class=\"wp-block-paragraph\">Jean parle d\u2019amour mais vit aussi l\u2019amour : ce n\u2019est pas qu\u2019un sentiment.&nbsp;<\/p>\n\n\n\n<p class=\"wp-block-paragraph\">Et ainsi, quand il \u00e9crit \u00e0 Ga\u00efus, la plus grande joie de Jean \u00e9tait de savoir que ses enfants marchaient dans la v\u00e9rit\u00e9. Et il d\u00e9non\u00e7ait fermement quiconque tentait de les d\u00e9tourner de cet objectif, en niant ou en d\u00e9formant la parole de Dieu.<\/p>\n\n\n\n<p class=\"wp-block-paragraph\">Aujourd\u2019hui, les fronti\u00e8res sont souvent brouill\u00e9es entre opinion et v\u00e9rit\u00e9.<\/p>\n\n\n\n<p class=\"wp-block-paragraph\">La v\u00e9rit\u00e9 souffre m\u00eame au sein de nos assembl\u00e9es, car de nombreux croyants sont pr\u00eats \u00e0 faire des compromis pour \u00e9viter de froisser les gens. Ils oublient, comme Jean l&rsquo;a v\u00e9cu et \u00e9crit, que le v\u00e9ritable amour ne s\u2019\u00e9panouit que dans une atmosph\u00e8re de v\u00e9rit\u00e9 biblique.&nbsp;<\/p>\n\n\n\n<p class=\"wp-block-paragraph\">L\u2019ap\u00f4tre Paul \u00e9crit :&nbsp;<em>\u00ab&nbsp;Et voici ce que je demande dans mes pri\u00e8res, c\u2019est que votre amour augmente de plus en plus en connaissance et en pleine intelligence.&nbsp;\u00bb&nbsp;<\/em>(Philippiens 1.9)<\/p>\n\n\n\n<p class=\"wp-block-paragraph\">Il insiste aussi ailleurs :&nbsp;<em>\u00ab&nbsp;Mais en disant la v\u00e9rit\u00e9 avec amour, nous cro\u00eetrons \u00e0 tout \u00e9gard en Celui qui est le chef : Christ.&nbsp;\u00bb&nbsp;<\/em>(Eph\u00e9siens 4.15)<\/p>\n\n\n\n<p class=\"wp-block-paragraph\">La croissance de l\u2019\u00c9glise repose sur le fait de dire la v\u00e9rit\u00e9 avec amour.<\/p>\n\n\n\n<p class=\"wp-block-paragraph\">Au milieu de cette confusion ambiante actuelle, Dieu nous appelle \u00e0 dire la v\u00e9rit\u00e9, m\u00eame dans l&rsquo;amour.&nbsp;<\/p>\n\n\n\n<p class=\"wp-block-paragraph\">Pour cro\u00eetre dans la v\u00e9rit\u00e9, il faut avoir l\u2019humilit\u00e9 de l\u2019accepter et savoir reconna\u00eetre lorsque nous avons tort.<\/p>\n\n\n\n<p class=\"wp-block-paragraph\">Nous avons besoin de la v\u00e9rit\u00e9 de Dieu, absolue et faisant autorit\u00e9.<\/p>\n\n\n\n<p class=\"wp-block-paragraph\">Il n\u2019y avait pas de contradiction entre la profession de foi de Ga\u00efus et sa pratique, sa conduite, sa marche au quotidien. La marche dans la v\u00e9rit\u00e9 transparaissait dans sa vie, et c\u2019\u00e9tait l\u00e0 la preuve, aux yeux de Jean, que son \u00e2me se portait bien.&nbsp;<\/p>\n\n\n\n<p class=\"wp-block-paragraph\">Rien ne rendait plus heureux Jean, il \u00e9tait fou de joie \u00e0 cause de cette bonne marche ! Il se r\u00e9jouissait de ce t\u00e9moignage !<\/p>\n\n\n\n<p class=\"wp-block-paragraph\">Quelle joie de trouver au sein de l\u2019\u00e9glise locale des fr\u00e8res et s\u0153urs qui restent fid\u00e8les et fermes, qui marchent dans la v\u00e9rit\u00e9.&nbsp;<\/p>\n\n\n\n<p class=\"wp-block-paragraph\">Lorsque nous voyons d&rsquo;autres personnes marcher dans la v\u00e9rit\u00e9, cela nous encourage. Lorsqu\u2019ils voient les chr\u00e9tiens marcher dans la v\u00e9rit\u00e9, leurs responsables sont encourag\u00e9s.&nbsp;<\/p>\n\n\n\n<h3 class=\"wp-block-heading\">Trois images pour comprendre la nature de l\u2019\u00c9glise<\/h3>\n\n\n\n<p class=\"wp-block-paragraph\">L\u2019\u00c9glise constitue une r\u00e9alit\u00e9 propre au Nouveau Testament. L\u2019\u00c9glise y est consid\u00e9r\u00e9e comme la famille de Dieu, le troupeau de D.(\u00c9ph\u00e9siens 2), l\u2019Isra\u00ebl de Dieu (Galates 6), le corps du Christ, l\u2019\u00e9pouse du Christ (\u00c9ph\u00e9siens 1, Apocalypse 19) et le temple du Saint-Esprit ( 1Corinthiens 3).<\/p>\n\n\n\n<p class=\"wp-block-paragraph\">Les membres de l\u2019\u00c9glise sont appel\u00e9s les \u00e9lus, les choisis, les saints, les consacr\u00e9s, fr\u00e8res et s\u0153urs, enfants adoptifs de Dieu.&nbsp;<\/p>\n\n\n\n<p class=\"wp-block-paragraph\">La d\u00e9finition m\u00eame de l\u2019\u00c9glise montre la grandeur de l\u2019\u00c9glise : elle est constitu\u00e9e de ceux qui sont appel\u00e9s&nbsp;<em>\u00ab&nbsp;hors de&nbsp;\u00bb<\/em>, hors du monde, pour appartenir \u00e0 Dieu, pour constituer le peuple de Dieu, mis \u00e0 part pour Dieu.<\/p>\n\n\n\n<p class=\"wp-block-paragraph\">En nous mettant \u00e0 part, hors du monde, le Christ transforme notre intelligence, notre culture, nos croyances, nos pr\u00e9f\u00e9rences, nos choix, nos ambitions, nos objectifs de vie\u2026<\/p>\n\n\n\n<p class=\"wp-block-paragraph\">Mais ce travail de transformation, en quittant le monde, ne se fait pas du jour au lendemain. C&rsquo;est un travail qui se fait petit \u00e0 petit gr\u00e2ce \u00e0 l&rsquo;enseignement biblique, gr\u00e2ce \u00e0 la pratique de la Parole. Et \u00e0 partir de l\u00e0, nous sommes transform\u00e9s via le renouvellement de notre intelligence pour comprendre et faire la volont\u00e9 de D.ieu.&nbsp;<\/p>\n\n\n\n<p class=\"wp-block-paragraph\">Nous devons reconna\u00eetre qu\u2019au sein de nos \u00e9glises locales, se trouvent des gens qui gardent encore leurs opinions, leur mani\u00e8re de penser, leur mani\u00e8re de voir les choses, et tant que le Saint-Esprit n&rsquo;enl\u00e8ve pas ces choses, l&rsquo;\u00e9glise conna\u00eet des probl\u00e8mes.<\/p>\n\n\n\n<p class=\"wp-block-paragraph\">Il est d\u2019usage de caract\u00e9riser l\u2019\u00c9glise sur terre comme \u00e9tant une, sainte, universelle et apostolique.&nbsp;<\/p>\n\n\n\n<p class=\"wp-block-paragraph\">Effectivement, malgr\u00e9 le grand nombre d\u2019\u00e9glises locales et de regroupements confessionnels, l\u2019\u00c9glise est une, car elle est en Christ.<\/p>\n\n\n\n<p class=\"wp-block-paragraph\">Elle est sainte, car elle est consacr\u00e9e collectivement \u00e0 D.ieu, tout comme chaque chr\u00e9tien l\u2019est individuellement en \u00e9tant devenu le temple du Saint Esprit.<\/p>\n\n\n\n<p class=\"wp-block-paragraph\">Elle est universelle, puisqu\u2019elle s\u2019\u00e9tend partout, \u00e0 l\u2019\u00e9chelle mondiale et cherche \u00e0 pr\u00e9server la pl\u00e9nitude de la foi.<\/p>\n\n\n\n<p class=\"wp-block-paragraph\">Elle est bien apostolique, car elle est fond\u00e9e sur l\u2019enseignement des ap\u00f4tres.&nbsp;<\/p>\n\n\n\n<p class=\"wp-block-paragraph\">Tout cela nous le retrouvons r\u00e9sum\u00e9 dans l\u2019\u00e9p\u00eetre aux \u00c9ph\u00e9siens :&nbsp;<em>\u00ab Ainsi donc, vous n&rsquo;\u00eates plus des \u00e9trangers ni des exil\u00e9s&nbsp;; mais vous \u00eates concitoyens des saints, membres de la maison de Dieu. Vous avez \u00e9t\u00e9 construits sur les fondations constitu\u00e9es par les ap\u00f4tres et proph\u00e8tes, J\u00e9sus-Christ lui-m\u00eame \u00e9tant la pierre de l&rsquo;angle. C&rsquo;est en lui que toute construction bien coordonn\u00e9e s&rsquo;\u00e9l\u00e8ve pour \u00eatre, dans le Seigneur, un sanctuaire saint. C&rsquo;est en lui que, vous aussi, vous \u00eates construits ensemble pour \u00eatre une habitation de Dieu, dans l&rsquo;Esprit. \u00bb&nbsp;<\/em>(\u00c9ph\u00e9siens&nbsp;2.19-22)&nbsp;<\/p>\n\n\n\n<p class=\"wp-block-paragraph\">L\u2019\u00c9glise existe en J\u00e9sus Christ, gr\u00e2ce \u00e0 Lui, par Lui et pour Lui.&nbsp;<\/p>\n\n\n\n<p class=\"wp-block-paragraph\">Nous voyons l&rsquo;\u00e9glise locale, l\u2019\u00e9glise visible avec ses failles, et bien s\u00fbr ses qualit\u00e9s. Dieu seul conna\u00eet l&rsquo;\u00e9glise universelle, l&rsquo;\u00e9glise invisible. Mais nous devons rester confiants et croire que dans toutes les \u00e9glises locales, il existe des disciples du Christ, des enfants de Dieu, n\u00e9s de Dieu. En effet, nous avons cette assurance, car Christ b\u00e2tit Son \u00c9glise.&nbsp;<\/p>\n\n\n\n<p class=\"wp-block-paragraph\">Dans ce passage, il y a trois images fortes pour nous donner de comprendre la nature de l\u2019\u00c9glise :<\/p>\n\n\n\n<ol class=\"wp-block-list\">\n<li><strong><em>La maison de Dieu, la famille de Dieu.&nbsp;<\/em><\/strong><\/li>\n<\/ol>\n\n\n\n<p class=\"wp-block-paragraph\">L\u2019\u00c9glise ici est compar\u00e9e \u00e0 une famille avec les relations \u00e9troites, intimes qui relient ses membres. C\u2019est le Temple o\u00f9 r\u00e9side le Seigneur.<\/p>\n\n\n\n<p class=\"wp-block-paragraph\">L\u2019ap\u00f4tre Paul \u00e9crit ainsi :&nbsp;<em>\u00ab&nbsp;Ne savez-vous pas que vous \u00eates le temple de Dieu et que l&rsquo;Esprit de Dieu habite en vous&nbsp;? Si quelqu&rsquo;un d\u00e9truit le temple de Dieu, Dieu le d\u00e9truira. Car le temple de Dieu est saint, et ce temple, c&rsquo;est vous.&nbsp;\u00bb<\/em>&nbsp;(1 Corinthiens&nbsp;3.16-17)<\/p>\n\n\n\n<p class=\"wp-block-paragraph\">L\u2019ap\u00f4tre Pierre affirme \u00e9galement :&nbsp;<em>\u00ab Vous-m\u00eames, comme des pierres vivantes, construisez-vous pour former une maison spirituelle, un saint sacerdoce, afin d&rsquo;offrir des sacrifices spirituels, agr\u00e9\u00e9s de Dieu, par J\u00e9sus-Christ\u2026 \u00bb<\/em>&nbsp;(1 Pierre 2.5)<\/p>\n\n\n\n<p class=\"wp-block-paragraph\">Comment devient-on membre de cette famille ? Par la nouvelle naissance. Nous le voyons dans le prologue de l\u2019\u00c9vangile selon Jean :&nbsp;<em>\u00ab&nbsp;Quelques-uns, cependant, l\u2019ont accueilli, ils ont cru en lui, ils ont plac\u00e9 leur confiance dans ce qu\u2019il \u00e9tait. \u00c0 tous ceux-l\u00e0, il a accord\u00e9 le privil\u00e8ge de devenir enfants de Dieu. Peu importe leur race et leur sang, puisque ce n\u2019est pas par une naissance naturelle qu\u2019ils le sont devenus, sous l\u2019impulsion d\u2019un d\u00e9sir instinctif ou par une initiative d\u2019homme&nbsp;: c\u2019est Dieu lui-m\u00eame qui les a fait na\u00eetre.&nbsp;\u00bb<\/em>&nbsp;(Jean&nbsp;1.12-13)<\/p>\n\n\n\n<p class=\"wp-block-paragraph\">Nos fr\u00e8res et nos s\u0153urs sont ceux qui sont n\u00e9s de D.ieu et qui font la volont\u00e9 de Dieu au quotidien.&nbsp;<\/p>\n\n\n\n<p class=\"wp-block-paragraph\">C\u2019est dans la maison de Dieu que nous devrions exp\u00e9rimenter l\u2019amour chr\u00e9tien,&nbsp;<\/p>\n\n\n\n<p class=\"wp-block-paragraph\">Nous devons nous honorer les uns, les autres et accepter que nous sommes diff\u00e9rents.&nbsp;<\/p>\n\n\n\n<p class=\"wp-block-paragraph\">La maison de Dieu c\u2019est l\u2019endroit o\u00f9 tout le monde doit pouvoir \u00eatre accueilli, quelques soient ses origines, sa situation sociale, ses handicaps, ou maladies, etc.<\/p>\n\n\n\n<p class=\"wp-block-paragraph\">Que le Seigneur nous donne toujours de comprendre que nous sommes l\u2019\u00c9glise, et nous pousse \u00e0 travailler pour le bien de l\u2019\u00c9glise.<\/p>\n\n\n\n<p class=\"wp-block-paragraph\"><\/p>\n","protected":false},"excerpt":{"rendered":"<p>Pr\u00e9dication Culte du 30 ao\u00fbt 2026 par le Pasteur Claude Missidimbazi \u00ab Je t\u2019\u00e9cris ces choses, avec l\u2019esp\u00e9rance d\u2019aller bient\u00f4t vers toi, mais afin que tu saches, si je tarde, comment il faut se conduire dans la maison de Dieu, qui est l\u2019\u00c9glise du Dieu vivant, la colonne et l\u2019appui de la v\u00e9rit\u00e9. \u00bb 1&#8230;<\/p>\n","protected":false},"author":4,"featured_media":3417,"comment_status":"open","ping_status":"open","sticky":false,"template":"","format":"standard","meta":{"footnotes":""},"categories":[30],"tags":[674,675],"class_list":["post-3415","post","type-post","status-publish","format-standard","has-post-thumbnail","hentry","category-enseignements","tag-eglise-locale","tag-eglise-universelle"],"yoast_head":"<!-- This site is optimized with the Yoast SEO plugin v27.6 - https:\/\/yoast.com\/product\/yoast-seo-wordpress\/ -->\n<title>1 TIMOTH\u00c9E\u00a03.14-15, 3 JEAN 1.4, \u00c9PH\u00c9SIENS\u00a02.19-22\u00a0L\u2019\u00c9GLISE LOCALE (1) - Eglise Matthania<\/title>\n<meta name=\"robots\" content=\"index, follow, max-snippet:-1, max-image-preview:large, max-video-preview:-1\" \/>\n<link rel=\"canonical\" href=\"https:\/\/eglisematthania.com\/index.php\/2026\/08\/30\/1-timothee-3-14-15-3-jean-1-4-ephesiens-2-19-22-leglise-locale-1\/\" \/>\n<meta property=\"og:locale\" content=\"fr_FR\" \/>\n<meta property=\"og:type\" content=\"article\" \/>\n<meta property=\"og:title\" content=\"1 TIMOTH\u00c9E\u00a03.14-15, 3 JEAN 1.4, \u00c9PH\u00c9SIENS\u00a02.19-22\u00a0L\u2019\u00c9GLISE LOCALE (1) - Eglise Matthania\" \/>\n<meta property=\"og:description\" content=\"Pr\u00e9dication Culte du 30 ao\u00fbt 2026 par le Pasteur Claude Missidimbazi \u00ab Je t\u2019\u00e9cris ces choses, avec l\u2019esp\u00e9rance d\u2019aller bient\u00f4t vers toi, mais afin que tu saches, si je tarde, comment il faut se conduire dans la maison de Dieu, qui est l\u2019\u00c9glise du Dieu vivant, la colonne et l\u2019appui de la v\u00e9rit\u00e9. \u00bb 1...\" \/>\n<meta property=\"og:url\" content=\"https:\/\/eglisematthania.com\/index.php\/2026\/08\/30\/1-timothee-3-14-15-3-jean-1-4-ephesiens-2-19-22-leglise-locale-1\/\" \/>\n<meta property=\"og:site_name\" content=\"Eglise Matthania\" \/>\n<meta property=\"article:published_time\" content=\"2026-08-30T11:50:00+00:00\" \/>\n<meta property=\"article:modified_time\" content=\"2026-09-06T06:56:59+00:00\" \/>\n<meta property=\"og:image\" content=\"https:\/\/eglisematthania.com\/wp-content\/uploads\/2026\/09\/Eglise-locale-croix.jpg\" \/>\n\t<meta property=\"og:image:width\" content=\"1280\" \/>\n\t<meta property=\"og:image:height\" content=\"853\" \/>\n\t<meta property=\"og:image:type\" content=\"image\/jpeg\" \/>\n<meta name=\"author\" content=\"Redaction Matthania\" \/>\n<meta name=\"twitter:card\" content=\"summary_large_image\" \/>\n<meta name=\"twitter:label1\" content=\"\u00c9crit par\" \/>\n\t<meta name=\"twitter:data1\" content=\"Redaction Matthania\" \/>\n\t<meta name=\"twitter:label2\" content=\"Dur\u00e9e de lecture estim\u00e9e\" \/>\n\t<meta name=\"twitter:data2\" content=\"8 minutes\" \/>\n<script type=\"application\/ld+json\" class=\"yoast-schema-graph\">{\"@context\":\"https:\\\/\\\/schema.org\",\"@graph\":[{\"@type\":\"Article\",\"@id\":\"https:\\\/\\\/eglisematthania.com\\\/index.php\\\/2026\\\/08\\\/30\\\/1-timothee-3-14-15-3-jean-1-4-ephesiens-2-19-22-leglise-locale-1\\\/#article\",\"isPartOf\":{\"@id\":\"https:\\\/\\\/eglisematthania.com\\\/index.php\\\/2026\\\/08\\\/30\\\/1-timothee-3-14-15-3-jean-1-4-ephesiens-2-19-22-leglise-locale-1\\\/\"},\"author\":{\"name\":\"Redaction Matthania\",\"@id\":\"https:\\\/\\\/eglisematthania.com\\\/#\\\/schema\\\/person\\\/dc8a6a5622532e51764c11fddb8c52a3\"},\"headline\":\"1 TIMOTH\u00c9E\u00a03.14-15, 3 JEAN 1.4, \u00c9PH\u00c9SIENS\u00a02.19-22\u00a0L\u2019\u00c9GLISE LOCALE (1)\",\"datePublished\":\"2026-08-30T11:50:00+00:00\",\"dateModified\":\"2026-09-06T06:56:59+00:00\",\"mainEntityOfPage\":{\"@id\":\"https:\\\/\\\/eglisematthania.com\\\/index.php\\\/2026\\\/08\\\/30\\\/1-timothee-3-14-15-3-jean-1-4-ephesiens-2-19-22-leglise-locale-1\\\/\"},\"wordCount\":1757,\"commentCount\":0,\"publisher\":{\"@id\":\"https:\\\/\\\/eglisematthania.com\\\/#organization\"},\"image\":{\"@id\":\"https:\\\/\\\/eglisematthania.com\\\/index.php\\\/2026\\\/08\\\/30\\\/1-timothee-3-14-15-3-jean-1-4-ephesiens-2-19-22-leglise-locale-1\\\/#primaryimage\"},\"thumbnailUrl\":\"https:\\\/\\\/eglisematthania.com\\\/wp-content\\\/uploads\\\/2026\\\/09\\\/Eglise-locale-croix.jpg\",\"keywords\":[\"\u00c9glise locale\",\"\u00c9glise universelle\"],\"articleSection\":[\"Enseignements\"],\"inLanguage\":\"fr-FR\",\"potentialAction\":[{\"@type\":\"CommentAction\",\"name\":\"Comment\",\"target\":[\"https:\\\/\\\/eglisematthania.com\\\/index.php\\\/2026\\\/08\\\/30\\\/1-timothee-3-14-15-3-jean-1-4-ephesiens-2-19-22-leglise-locale-1\\\/#respond\"]}]},{\"@type\":\"WebPage\",\"@id\":\"https:\\\/\\\/eglisematthania.com\\\/index.php\\\/2026\\\/08\\\/30\\\/1-timothee-3-14-15-3-jean-1-4-ephesiens-2-19-22-leglise-locale-1\\\/\",\"url\":\"https:\\\/\\\/eglisematthania.com\\\/index.php\\\/2026\\\/08\\\/30\\\/1-timothee-3-14-15-3-jean-1-4-ephesiens-2-19-22-leglise-locale-1\\\/\",\"name\":\"1 TIMOTH\u00c9E\u00a03.14-15, 3 JEAN 1.4, \u00c9PH\u00c9SIENS\u00a02.19-22\u00a0L\u2019\u00c9GLISE LOCALE (1) - Eglise Matthania\",\"isPartOf\":{\"@id\":\"https:\\\/\\\/eglisematthania.com\\\/#website\"},\"primaryImageOfPage\":{\"@id\":\"https:\\\/\\\/eglisematthania.com\\\/index.php\\\/2026\\\/08\\\/30\\\/1-timothee-3-14-15-3-jean-1-4-ephesiens-2-19-22-leglise-locale-1\\\/#primaryimage\"},\"image\":{\"@id\":\"https:\\\/\\\/eglisematthania.com\\\/index.php\\\/2026\\\/08\\\/30\\\/1-timothee-3-14-15-3-jean-1-4-ephesiens-2-19-22-leglise-locale-1\\\/#primaryimage\"},\"thumbnailUrl\":\"https:\\\/\\\/eglisematthania.com\\\/wp-content\\\/uploads\\\/2026\\\/09\\\/Eglise-locale-croix.jpg\",\"datePublished\":\"2026-08-30T11:50:00+00:00\",\"dateModified\":\"2026-09-06T06:56:59+00:00\",\"breadcrumb\":{\"@id\":\"https:\\\/\\\/eglisematthania.com\\\/index.php\\\/2026\\\/08\\\/30\\\/1-timothee-3-14-15-3-jean-1-4-ephesiens-2-19-22-leglise-locale-1\\\/#breadcrumb\"},\"inLanguage\":\"fr-FR\",\"potentialAction\":[{\"@type\":\"ReadAction\",\"target\":[\"https:\\\/\\\/eglisematthania.com\\\/index.php\\\/2026\\\/08\\\/30\\\/1-timothee-3-14-15-3-jean-1-4-ephesiens-2-19-22-leglise-locale-1\\\/\"]}]},{\"@type\":\"ImageObject\",\"inLanguage\":\"fr-FR\",\"@id\":\"https:\\\/\\\/eglisematthania.com\\\/index.php\\\/2026\\\/08\\\/30\\\/1-timothee-3-14-15-3-jean-1-4-ephesiens-2-19-22-leglise-locale-1\\\/#primaryimage\",\"url\":\"https:\\\/\\\/eglisematthania.com\\\/wp-content\\\/uploads\\\/2026\\\/09\\\/Eglise-locale-croix.jpg\",\"contentUrl\":\"https:\\\/\\\/eglisematthania.com\\\/wp-content\\\/uploads\\\/2026\\\/09\\\/Eglise-locale-croix.jpg\",\"width\":1280,\"height\":853},{\"@type\":\"BreadcrumbList\",\"@id\":\"https:\\\/\\\/eglisematthania.com\\\/index.php\\\/2026\\\/08\\\/30\\\/1-timothee-3-14-15-3-jean-1-4-ephesiens-2-19-22-leglise-locale-1\\\/#breadcrumb\",\"itemListElement\":[{\"@type\":\"ListItem\",\"position\":1,\"name\":\"Accueil\",\"item\":\"https:\\\/\\\/eglisematthania.com\\\/\"},{\"@type\":\"ListItem\",\"position\":2,\"name\":\"1 TIMOTH\u00c9E\u00a03.14-15, 3 JEAN 1.4, \u00c9PH\u00c9SIENS\u00a02.19-22\u00a0L\u2019\u00c9GLISE LOCALE (1)\"}]},{\"@type\":\"WebSite\",\"@id\":\"https:\\\/\\\/eglisematthania.com\\\/#website\",\"url\":\"https:\\\/\\\/eglisematthania.com\\\/\",\"name\":\"Eglise Matthania\",\"description\":\"\u00e9glise Protestante \u00e9vang\u00e9lique\",\"publisher\":{\"@id\":\"https:\\\/\\\/eglisematthania.com\\\/#organization\"},\"potentialAction\":[{\"@type\":\"SearchAction\",\"target\":{\"@type\":\"EntryPoint\",\"urlTemplate\":\"https:\\\/\\\/eglisematthania.com\\\/?s={search_term_string}\"},\"query-input\":{\"@type\":\"PropertyValueSpecification\",\"valueRequired\":true,\"valueName\":\"search_term_string\"}}],\"inLanguage\":\"fr-FR\"},{\"@type\":\"Organization\",\"@id\":\"https:\\\/\\\/eglisematthania.com\\\/#organization\",\"name\":\"Eglise Protestante \u00c9vang\u00e9lique Matthania\",\"url\":\"https:\\\/\\\/eglisematthania.com\\\/\",\"logo\":{\"@type\":\"ImageObject\",\"inLanguage\":\"fr-FR\",\"@id\":\"https:\\\/\\\/eglisematthania.com\\\/#\\\/schema\\\/logo\\\/image\\\/\",\"url\":\"https:\\\/\\\/eglisematthania.com\\\/wp-content\\\/uploads\\\/2020\\\/03\\\/LogoSite3.png\",\"contentUrl\":\"https:\\\/\\\/eglisematthania.com\\\/wp-content\\\/uploads\\\/2020\\\/03\\\/LogoSite3.png\",\"width\":258,\"height\":55,\"caption\":\"Eglise Protestante \u00c9vang\u00e9lique Matthania\"},\"image\":{\"@id\":\"https:\\\/\\\/eglisematthania.com\\\/#\\\/schema\\\/logo\\\/image\\\/\"}},{\"@type\":\"Person\",\"@id\":\"https:\\\/\\\/eglisematthania.com\\\/#\\\/schema\\\/person\\\/dc8a6a5622532e51764c11fddb8c52a3\",\"name\":\"Redaction Matthania\",\"image\":{\"@type\":\"ImageObject\",\"inLanguage\":\"fr-FR\",\"@id\":\"https:\\\/\\\/secure.gravatar.com\\\/avatar\\\/1414a88924072fc6032a395f2bd8af30fee21e82332dcb7070d57fee67ed5b6b?s=96&d=mm&r=g\",\"url\":\"https:\\\/\\\/secure.gravatar.com\\\/avatar\\\/1414a88924072fc6032a395f2bd8af30fee21e82332dcb7070d57fee67ed5b6b?s=96&d=mm&r=g\",\"contentUrl\":\"https:\\\/\\\/secure.gravatar.com\\\/avatar\\\/1414a88924072fc6032a395f2bd8af30fee21e82332dcb7070d57fee67ed5b6b?s=96&d=mm&r=g\",\"caption\":\"Redaction Matthania\"},\"url\":\"https:\\\/\\\/eglisematthania.com\\\/index.php\\\/author\\\/redaction-matthania\\\/\"}]}<\/script>\n<!-- \/ Yoast SEO plugin. -->","yoast_head_json":{"title":"1 TIMOTH\u00c9E\u00a03.14-15, 3 JEAN 1.4, \u00c9PH\u00c9SIENS\u00a02.19-22\u00a0L\u2019\u00c9GLISE LOCALE (1) - Eglise Matthania","robots":{"index":"index","follow":"follow","max-snippet":"max-snippet:-1","max-image-preview":"max-image-preview:large","max-video-preview":"max-video-preview:-1"},"canonical":"https:\/\/eglisematthania.com\/index.php\/2026\/08\/30\/1-timothee-3-14-15-3-jean-1-4-ephesiens-2-19-22-leglise-locale-1\/","og_locale":"fr_FR","og_type":"article","og_title":"1 TIMOTH\u00c9E\u00a03.14-15, 3 JEAN 1.4, \u00c9PH\u00c9SIENS\u00a02.19-22\u00a0L\u2019\u00c9GLISE LOCALE (1) - Eglise Matthania","og_description":"Pr\u00e9dication Culte du 30 ao\u00fbt 2026 par le Pasteur Claude Missidimbazi \u00ab Je t\u2019\u00e9cris ces choses, avec l\u2019esp\u00e9rance d\u2019aller bient\u00f4t vers toi, mais afin que tu saches, si je tarde, comment il faut se conduire dans la maison de Dieu, qui est l\u2019\u00c9glise du Dieu vivant, la colonne et l\u2019appui de la v\u00e9rit\u00e9. \u00bb 1...","og_url":"https:\/\/eglisematthania.com\/index.php\/2026\/08\/30\/1-timothee-3-14-15-3-jean-1-4-ephesiens-2-19-22-leglise-locale-1\/","og_site_name":"Eglise Matthania","article_published_time":"2026-08-30T11:50:00+00:00","article_modified_time":"2026-09-06T06:56:59+00:00","og_image":[{"width":1280,"height":853,"url":"https:\/\/eglisematthania.com\/wp-content\/uploads\/2026\/09\/Eglise-locale-croix.jpg","type":"image\/jpeg"}],"author":"Redaction Matthania","twitter_card":"summary_large_image","twitter_misc":{"\u00c9crit par":"Redaction Matthania","Dur\u00e9e de lecture estim\u00e9e":"8 minutes"},"schema":{"@context":"https:\/\/schema.org","@graph":[{"@type":"Article","@id":"https:\/\/eglisematthania.com\/index.php\/2026\/08\/30\/1-timothee-3-14-15-3-jean-1-4-ephesiens-2-19-22-leglise-locale-1\/#article","isPartOf":{"@id":"https:\/\/eglisematthania.com\/index.php\/2026\/08\/30\/1-timothee-3-14-15-3-jean-1-4-ephesiens-2-19-22-leglise-locale-1\/"},"author":{"name":"Redaction Matthania","@id":"https:\/\/eglisematthania.com\/#\/schema\/person\/dc8a6a5622532e51764c11fddb8c52a3"},"headline":"1 TIMOTH\u00c9E\u00a03.14-15, 3 JEAN 1.4, \u00c9PH\u00c9SIENS\u00a02.19-22\u00a0L\u2019\u00c9GLISE LOCALE (1)","datePublished":"2026-08-30T11:50:00+00:00","dateModified":"2026-09-06T06:56:59+00:00","mainEntityOfPage":{"@id":"https:\/\/eglisematthania.com\/index.php\/2026\/08\/30\/1-timothee-3-14-15-3-jean-1-4-ephesiens-2-19-22-leglise-locale-1\/"},"wordCount":1757,"commentCount":0,"publisher":{"@id":"https:\/\/eglisematthania.com\/#organization"},"image":{"@id":"https:\/\/eglisematthania.com\/index.php\/2026\/08\/30\/1-timothee-3-14-15-3-jean-1-4-ephesiens-2-19-22-leglise-locale-1\/#primaryimage"},"thumbnailUrl":"https:\/\/eglisematthania.com\/wp-content\/uploads\/2026\/09\/Eglise-locale-croix.jpg","keywords":["\u00c9glise locale","\u00c9glise universelle"],"articleSection":["Enseignements"],"inLanguage":"fr-FR","potentialAction":[{"@type":"CommentAction","name":"Comment","target":["https:\/\/eglisematthania.com\/index.php\/2026\/08\/30\/1-timothee-3-14-15-3-jean-1-4-ephesiens-2-19-22-leglise-locale-1\/#respond"]}]},{"@type":"WebPage","@id":"https:\/\/eglisematthania.com\/index.php\/2026\/08\/30\/1-timothee-3-14-15-3-jean-1-4-ephesiens-2-19-22-leglise-locale-1\/","url":"https:\/\/eglisematthania.com\/index.php\/2026\/08\/30\/1-timothee-3-14-15-3-jean-1-4-ephesiens-2-19-22-leglise-locale-1\/","name":"1 TIMOTH\u00c9E\u00a03.14-15, 3 JEAN 1.4, \u00c9PH\u00c9SIENS\u00a02.19-22\u00a0L\u2019\u00c9GLISE LOCALE (1) - Eglise Matthania","isPartOf":{"@id":"https:\/\/eglisematthania.com\/#website"},"primaryImageOfPage":{"@id":"https:\/\/eglisematthania.com\/index.php\/2026\/08\/30\/1-timothee-3-14-15-3-jean-1-4-ephesiens-2-19-22-leglise-locale-1\/#primaryimage"},"image":{"@id":"https:\/\/eglisematthania.com\/index.php\/2026\/08\/30\/1-timothee-3-14-15-3-jean-1-4-ephesiens-2-19-22-leglise-locale-1\/#primaryimage"},"thumbnailUrl":"https:\/\/eglisematthania.com\/wp-content\/uploads\/2026\/09\/Eglise-locale-croix.jpg","datePublished":"2026-08-30T11:50:00+00:00","dateModified":"2026-09-06T06:56:59+00:00","breadcrumb":{"@id":"https:\/\/eglisematthania.com\/index.php\/2026\/08\/30\/1-timothee-3-14-15-3-jean-1-4-ephesiens-2-19-22-leglise-locale-1\/#breadcrumb"},"inLanguage":"fr-FR","potentialAction":[{"@type":"ReadAction","target":["https:\/\/eglisematthania.com\/index.php\/2026\/08\/30\/1-timothee-3-14-15-3-jean-1-4-ephesiens-2-19-22-leglise-locale-1\/"]}]},{"@type":"ImageObject","inLanguage":"fr-FR","@id":"https:\/\/eglisematthania.com\/index.php\/2026\/08\/30\/1-timothee-3-14-15-3-jean-1-4-ephesiens-2-19-22-leglise-locale-1\/#primaryimage","url":"https:\/\/eglisematthania.com\/wp-content\/uploads\/2026\/09\/Eglise-locale-croix.jpg","contentUrl":"https:\/\/eglisematthania.com\/wp-content\/uploads\/2026\/09\/Eglise-locale-croix.jpg","width":1280,"height":853},{"@type":"BreadcrumbList","@id":"https:\/\/eglisematthania.com\/index.php\/2026\/08\/30\/1-timothee-3-14-15-3-jean-1-4-ephesiens-2-19-22-leglise-locale-1\/#breadcrumb","itemListElement":[{"@type":"ListItem","position":1,"name":"Accueil","item":"https:\/\/eglisematthania.com\/"},{"@type":"ListItem","position":2,"name":"1 TIMOTH\u00c9E\u00a03.14-15, 3 JEAN 1.4, \u00c9PH\u00c9SIENS\u00a02.19-22\u00a0L\u2019\u00c9GLISE LOCALE (1)"}]},{"@type":"WebSite","@id":"https:\/\/eglisematthania.com\/#website","url":"https:\/\/eglisematthania.com\/","name":"Eglise Matthania","description":"\u00e9glise Protestante \u00e9vang\u00e9lique","publisher":{"@id":"https:\/\/eglisematthania.com\/#organization"},"potentialAction":[{"@type":"SearchAction","target":{"@type":"EntryPoint","urlTemplate":"https:\/\/eglisematthania.com\/?s={search_term_string}"},"query-input":{"@type":"PropertyValueSpecification","valueRequired":true,"valueName":"search_term_string"}}],"inLanguage":"fr-FR"},{"@type":"Organization","@id":"https:\/\/eglisematthania.com\/#organization","name":"Eglise Protestante \u00c9vang\u00e9lique Matthania","url":"https:\/\/eglisematthania.com\/","logo":{"@type":"ImageObject","inLanguage":"fr-FR","@id":"https:\/\/eglisematthania.com\/#\/schema\/logo\/image\/","url":"https:\/\/eglisematthania.com\/wp-content\/uploads\/2020\/03\/LogoSite3.png","contentUrl":"https:\/\/eglisematthania.com\/wp-content\/uploads\/2020\/03\/LogoSite3.png","width":258,"height":55,"caption":"Eglise Protestante \u00c9vang\u00e9lique Matthania"},"image":{"@id":"https:\/\/eglisematthania.com\/#\/schema\/logo\/image\/"}},{"@type":"Person","@id":"https:\/\/eglisematthania.com\/#\/schema\/person\/dc8a6a5622532e51764c11fddb8c52a3","name":"Redaction Matthania","image":{"@type":"ImageObject","inLanguage":"fr-FR","@id":"https:\/\/secure.gravatar.com\/avatar\/1414a88924072fc6032a395f2bd8af30fee21e82332dcb7070d57fee67ed5b6b?s=96&d=mm&r=g","url":"https:\/\/secure.gravatar.com\/avatar\/1414a88924072fc6032a395f2bd8af30fee21e82332dcb7070d57fee67ed5b6b?s=96&d=mm&r=g","contentUrl":"https:\/\/secure.gravatar.com\/avatar\/1414a88924072fc6032a395f2bd8af30fee21e82332dcb7070d57fee67ed5b6b?s=96&d=mm&r=g","caption":"Redaction Matthania"},"url":"https:\/\/eglisematthania.com\/index.php\/author\/redaction-matthania\/"}]}},"_links":{"self":[{"href":"https:\/\/eglisematthania.com\/index.php\/wp-json\/wp\/v2\/posts\/3415","targetHints":{"allow":["GET"]}}],"collection":[{"href":"https:\/\/eglisematthania.com\/index.php\/wp-json\/wp\/v2\/posts"}],"about":[{"href":"https:\/\/eglisematthania.com\/index.php\/wp-json\/wp\/v2\/types\/post"}],"author":[{"embeddable":true,"href":"https:\/\/eglisematthania.com\/index.php\/wp-json\/wp\/v2\/users\/4"}],"replies":[{"embeddable":true,"href":"https:\/\/eglisematthania.com\/index.php\/wp-json\/wp\/v2\/comments?post=3415"}],"version-history":[{"count":3,"href":"https:\/\/eglisematthania.com\/index.php\/wp-json\/wp\/v2\/posts\/3415\/revisions"}],"predecessor-version":[{"id":3420,"href":"https:\/\/eglisematthania.com\/index.php\/wp-json\/wp\/v2\/posts\/3415\/revisions\/3420"}],"wp:featuredmedia":[{"embeddable":true,"href":"https:\/\/eglisematthania.com\/index.php\/wp-json\/wp\/v2\/media\/3417"}],"wp:attachment":[{"href":"https:\/\/eglisematthania.com\/index.php\/wp-json\/wp\/v2\/media?parent=3415"}],"wp:term":[{"taxonomy":"category","embeddable":true,"href":"https:\/\/eglisematthania.com\/index.php\/wp-json\/wp\/v2\/categories?post=3415"},{"taxonomy":"post_tag","embeddable":true,"href":"https:\/\/eglisematthania.com\/index.php\/wp-json\/wp\/v2\/tags?post=3415"}],"curies":[{"name":"wp","href":"https:\/\/api.w.org\/{rel}","templated":true}]}}