{"id":3300,"date":"2026-04-19T20:38:58","date_gmt":"2026-04-19T18:38:58","guid":{"rendered":"https:\/\/eglisematthania.com\/?p=3300"},"modified":"2026-04-26T10:04:51","modified_gmt":"2026-04-26T08:04:51","slug":"2-corinthiens-4-7-18-la-resurrection-presente-et-future","status":"publish","type":"post","link":"https:\/\/eglisematthania.com\/index.php\/2026\/04\/19\/2-corinthiens-4-7-18-la-resurrection-presente-et-future\/","title":{"rendered":"2 CORINTHIENS 4.7-18 LA R\u00c9SURRECTION PR\u00c9SENTE ET FUTURE"},"content":{"rendered":"\n<h2 class=\"wp-block-heading\">Pr\u00e9dication culte du dimanche 19 avril 2026 par le pasteur Claude Missidimbazi <\/h2>\n\n\n\n<p><em>\u00ab Nous portons ce tr\u00e9sor dans des vases de terre, afin que cette grande puissance soit attribu\u00e9e \u00e0 Dieu, et non pas \u00e0 nous. Nous sommes press\u00e9s de toute mani\u00e8re, mais non r\u00e9duits \u00e0 l&rsquo;extr\u00e9mit\u00e9; dans la d\u00e9tresse, mais non dans le d\u00e9sespoir; pers\u00e9cut\u00e9s, mais non abandonn\u00e9s; abattus, mais non perdus; portant toujours avec nous dans notre corps la mort de J\u00e9sus, afin que la vie de J\u00e9sus soit aussi manifest\u00e9e dans notre corps. Car nous qui vivons, nous sommes sans cesse livr\u00e9s \u00e0 la mort \u00e0 cause de J\u00e9sus, afin que la vie de J\u00e9sus soit aussi manifest\u00e9e dans notre chair mortelle. Ainsi la mort agit en nous, et la vie agit en vous. Et comme nous avons le m\u00eame esprit de foi qui est exprim\u00e9 dans cette parole de l&rsquo;Ecriture : J&rsquo;ai cru, c&rsquo;est pourquoi j&rsquo;ai parl\u00e9! nous aussi nous croyons, et c&rsquo;est pour cela que nous parlons, sachant que celui qui a ressuscit\u00e9 le Seigneur J\u00e9sus nous ressuscitera aussi avec J\u00e9sus, et nous fera para\u00eetre avec vous en sa pr\u00e9sence. Car tout cela arrive \u00e0 cause de vous, afin que la gr\u00e2ce, en se multipliant, fasse abonder, \u00e0 la gloire de Dieu, les actions de gr\u00e2ces d&rsquo;un plus grand nombre. C&rsquo;est pourquoi nous ne perdons pas courage. Et m\u00eame si notre homme ext\u00e9rieur se d\u00e9truit, notre homme int\u00e9rieur se renouvelle de jour en jour. Car nos l\u00e9g\u00e8res afflictions du moment pr\u00e9sent produisent pour nous, au-del\u00e0 de toute mesure, un poids \u00e9ternel de gloire, parce que nous regardons, non point aux choses visibles, mais \u00e0 celles qui sont invisibles; car les choses visibles sont passag\u00e8res, et les invisibles sont \u00e9ternelles. \u00bb<\/em><\/p>\n\n\n\n<p>\u202d\u202d2 Corinthiens\u202c \u202d4\u202c:\u202d7\u202c-\u202d18\u202c \u202d(Nouvelle \u00c9dition de Gen\u00e8ve)<\/p>\n\n\n\n<h3 class=\"wp-block-heading\">Introduction<\/h3>\n\n\n\n<p>La puissance de r\u00e9surrection du Christ concerne tous les croyants.<\/p>\n\n\n\n<p>En lisant ce passage de la deuxi\u00e8me \u00e9p\u00eetre de l\u2019ap\u00f4tre Paul aux Corinthiens, nous avons \u00e0 la fois la doctrine mais aussi le v\u00e9cu de l\u2019ap\u00f4tre, qui nous ouvre son c\u0153ur et nous partage ses peines et ses joies, ses d\u00e9faites comme ses victoires. La puissance de la r\u00e9surrection du Christ a \u00e9t\u00e9 \u00e0 l\u2019\u0153uvre dans sa vie.<\/p>\n\n\n\n<p>Retenons cette v\u00e9rit\u00e9 :&nbsp;<strong>Quoiqu\u2019il arrive aujourd\u2019hui ou demain, regardons toute notre vie sous l\u2019angle de la r\u00e9surrection de J\u00e9sus Christ.&nbsp;<\/strong><\/p>\n\n\n\n<p>Interpr\u00e9tons tous les \u00e9v\u00e9nements (dans le monde, l\u2019\u00e9glise, notre vie personnelle) \u00e0 travers cette clef.&nbsp;<\/p>\n\n\n\n<p>La r\u00e9surrection du Christ est au centre de notre vie, de notre foi, de notre pratique chr\u00e9tienne :<em>&nbsp;\u00ab si Christ n&rsquo;est pas ressuscit\u00e9, notre pr\u00e9dication est donc vaine, et votre foi aussi est vaine. \u00bb<\/em>&nbsp;(1 Corinthiens 15.14)<\/p>\n\n\n\n<p>La v\u00e9rit\u00e9 de la R\u00e9surrection peut \u00eatre mise en pratique dans le monde r\u00e9el.<\/p>\n\n\n\n<p>Il ne s\u2019agit pas simplement d\u2019une doctrine th\u00e9orique int\u00e9ressante, mais d\u2019une doctrine qui touche et qui transforme la vie de tous ceux qui se tournent vers J\u00e9sus-Christ.&nbsp;<\/p>\n\n\n\n<p>Dieu transforme la vie de ceux qui mettent en pratique Sa v\u00e9rit\u00e9.<\/p>\n\n\n\n<p>Ceux qui ont rencontr\u00e9 le Ressuscit\u00e9 ont \u00e9t\u00e9 profond\u00e9ment transform\u00e9 :&nbsp;<em>\u00ab sachant que celui qui a ressuscit\u00e9 le Seigneur J\u00e9sus nous ressuscitera aussi avec J\u00e9sus, et nous fera para\u00eetre avec vous en sa pr\u00e9sence. \u00bb&nbsp;<\/em>(v.14)<\/p>\n\n\n\n<p>Dieu ne veut pas pour nous la souffrance, l\u2019\u00e9chec ou la mort mais la vie ! Son dernier mot pour l\u2019humanit\u00e9 c\u2019est J\u00e9sus Christ vivant, super vivant !<\/p>\n\n\n\n<p>Comme l&rsquo;a dit quelqu&rsquo;un du Christ :&nbsp;<em>\u00ab&nbsp;Pass\u00e9 par l\u2019agonie sous les oliviers de Gethsemane, de nuit, mais maintenant exultant de vitalit\u00e9 et de joie, depuis le matin du milieu de P\u00e2ques.&nbsp;\u00bb<\/em><\/p>\n\n\n\n<p>Le Christ est ressuscit\u00e9. Des vies ont ont \u00e9t\u00e9 transform\u00e9es lorsque les personnes sont entr\u00e9es en contact avec le J\u00e9sus ressuscit\u00e9 !&nbsp;<\/p>\n\n\n\n<p><strong>La r\u00e9surrection du Christ est le th\u00e8me qui unit les autres doctrines de la Bible.&nbsp;<\/strong><\/p>\n\n\n\n<h3 class=\"wp-block-heading\">La puissance de Dieu face \u00e0 la faiblesse humaine<\/h3>\n\n\n\n<p>La R\u00e9surrection de J\u00e9sus a donc des cons\u00e9quences pratiques dans la vie des croyants, notamment dans la vie de l\u2019ap\u00f4tre Paul.&nbsp;<\/p>\n\n\n\n<p>D&rsquo;abord, il est question de la puissance sur la faiblesse.<\/p>\n\n\n\n<p>v.7&nbsp;<em>\u00ab Nous portons ce tr\u00e9sor dans des vases de terre, afin que cette grande puissance soit attribu\u00e9e \u00e0 Dieu, et non pas \u00e0 nous. \u00bb<\/em><\/p>\n\n\n\n<p>L\u2019ap\u00f4tre Paul connaissait ses limites mais consid\u00e9rait aussi la puissance de Dieu. Il avait ses faiblesses, mais il \u00e9tait conscient que le Dieu infini n&rsquo;en avait aucune.<\/p>\n\n\n\n<p>Les chr\u00e9tiens portent un tr\u00e9sor spirituel :&nbsp;<em>\u00ab Car Dieu, qui a dit : La lumi\u00e8re brillera du sein des t\u00e9n\u00e8bres ! a fait briller la lumi\u00e8re dans nos c\u0153urs pour faire resplendir la connaissance de la gloire de Dieu sur la face de Christ. \u00bb<\/em><\/p>\n\n\n\n<p>Ce tr\u00e9sor que nous portons c\u2019est la lumi\u00e8re de la r\u00e9v\u00e9lation de J\u00e9sus Christ qui nous fait conna\u00eetre la gloire de Dieu.<\/p>\n\n\n\n<p>Nos corps charnels sont limit\u00e9s. Et le paradoxe est qu\u2019un tr\u00e9sor si pr\u00e9cieux, ce bijou inestimable, a \u00e9t\u00e9 plac\u00e9 dans des r\u00e9cipients sans valeur et non dans un coffre fort.<\/p>\n\n\n\n<p><strong>Tout comme les vases de terre ont peu de force, il n\u2019y a aucune capacit\u00e9 spirituelle chez aucun chr\u00e9tien : la puissance de vie vient de Celui qui agit au dedans de nous !<\/strong><\/p>\n\n\n\n<p>v.7&nbsp;<em>\u00ab Nous portons ce tr\u00e9sor dans des vases de terre, afin que cette grande puissance soit attribu\u00e9e \u00e0 Dieu, et non pas \u00e0 nous. \u00bb<\/em><\/p>\n\n\n\n<p>La faiblesse, les limitations de l\u2019homme d\u00e9montre encore davantage que l\u2019excellence de la puissance ne peut venir que de Dieu seul.<\/p>\n\n\n\n<p>La puissance de Dieu est sans pareille : aucune autre ne peut lui \u00eatre compar\u00e9e, elle est sans \u00e9gale.<\/p>\n\n\n\n<p>La puissance incomparable de Dieu, c\u2019est celle qu\u2019Il a manifest\u00e9e, d\u00e9ploy\u00e9e lorsqu\u2019Il a relev\u00e9 le Christ d\u2019entre les morts :&nbsp;<em>\u00ab [\u2026] l\u2019extraordinaire grandeur de la puissance qu\u2019il met en \u0153uvre en notre faveur, \u00e0 nous qui pla\u00e7ons notre confiance en lui. Cette puissance, en effet, il l\u2019a d\u00e9ploy\u00e9e dans toute sa force en la faisant agir en Christ lorsqu\u2019il l\u2019a ressuscit\u00e9 et l\u2019a fait si\u00e9ger \u00e0 sa droite, dans le monde c\u00e9leste. \u00bb<\/em>&nbsp;(Eph\u00e9siens\u202c \u202d1\u202c.19\u202c-\u202d20\u202c)<\/p>\n\n\n\n<p>Cette puissance est aussi pr\u00e9sente \u00e0 la Croix :&nbsp;<em>\u00ab nous, nous pr\u00eachons Christ crucifi\u00e9, scandale pour les Juifs et folie pour les pa\u00efens, mais puissance de Dieu et sagesse de Dieu pour ceux qui sont appel\u00e9s, tant Juifs que Grecs. \u00bb&nbsp;<\/em>(1 Corinthiens 1.23)<\/p>\n\n\n\n<p>Cette puissance ne nous appartient pas. Elle ne d\u00e9pend pas de notre pi\u00e9t\u00e9 ou de nos pri\u00e8res.<\/p>\n\n\n\n<p>Cette puissance gu\u00e9rit, rel\u00e8ve, transforme des vies, changes des caract\u00e8res.&nbsp;<\/p>\n\n\n\n<p>L\u2019ap\u00f4tre Paul a, \u00e0 maintes reprises, fait l\u2019exp\u00e9rience de cette puissance, dans les situations les plus sombres, et c\u2019est pour cela qu\u2019il ne se d\u00e9courageait pas.&nbsp;<\/p>\n\n\n\n<p>v.8-9&nbsp;<em>\u00ab Nous sommes press\u00e9s de toute mani\u00e8re, mais non r\u00e9duits \u00e0 l&rsquo;extr\u00e9mit\u00e9; dans la d\u00e9tresse, mais non dans le d\u00e9sespoir; pers\u00e9cut\u00e9s, mais non abandonn\u00e9s; abattus, mais non perdus\u2026 \u00bb<\/em><\/p>\n\n\n\n<p>C\u2019est un combat que l\u2019ap\u00f4tre Paul livre constamment avec la r\u00e9alit\u00e9 de la vie, contre les pers\u00e9cutions, les trahisons, les faux fr\u00e8res, souvent \u00e0 l\u2019\u00e9troit, sous pression\u2026<\/p>\n\n\n\n<p>Il nous d\u00e9crit une s\u00e9rie de quatre contrastes :<\/p>\n\n\n\n<ul class=\"wp-block-list\">\n<li>Nous sommes press\u00e9s de toutes parts, mais non \u00e9cras\u00e9s<\/li>\n\n\n\n<li>Perplexes, mais non d\u00e9sesp\u00e9r\u00e9s<\/li>\n\n\n\n<li>Pers\u00e9cut\u00e9, mais non abandonn\u00e9s<\/li>\n\n\n\n<li>Abattus, mais non an\u00e9antis<\/li>\n<\/ul>\n\n\n\n<p>Cette s\u00e9rie de paradoxes ne peut \u00eatre comprise que lorsque on accepte la fragilit\u00e9 de l&rsquo;\u00eatre humain, et qu&rsquo;on reconna\u00eet que m\u00eame dans cette fragilit\u00e9, dans nos limitations, il y a une puissance extraordinaire qui est \u00e0 l\u2019\u0153uvre : c&rsquo;est la puissance de la R\u00e9surrection de J\u00e9sus !<\/p>\n\n\n\n<p>L\u2019ap\u00f4tre Paul pr\u00eachait ET vivait la R\u00e9surrection !<\/p>\n\n\n\n<p><strong>Le minist\u00e8re chr\u00e9tien consiste \u00e0 faire l\u2019exp\u00e9rience de la puissance du Christ au milieu de la faiblesse humaine.<\/strong><\/p>\n\n\n\n<p>L\u2019ap\u00f4tre Paul a pris beaucoup de coups mais n\u2019a jamais \u00e9t\u00e9 mis \u00e0 K.O., il se relevait et continuait d\u2019avancer, sans jamais abandonner.<\/p>\n\n\n\n<p>L\u2019ap\u00f4tre \u00e9crit plus t\u00f4t dans la m\u00eame lettre :&nbsp;<em>\u00ab Il faut, en effet, que vous sachiez, fr\u00e8res et s\u0153urs, quelle d\u00e9tresse nous avons connue dans la province d\u2019Asie. Nous \u00e9tions \u00e9cras\u00e9s, \u00e0 bout de forces, au point m\u00eame que nous d\u00e9sesp\u00e9rions de conserver la vie. Nous avions accept\u00e9 en nous-m\u00eames notre condamnation \u00e0 mort. Cela nous a appris \u00e0 ne pas mettre notre confiance en nous-m\u00eames, mais uniquement en Dieu qui ressuscite les morts. C\u2019est lui qui nous a d\u00e9livr\u00e9s d\u2019une telle mort et qui nous en d\u00e9livrera encore. Oui, nous avons cette esp\u00e9rance en lui qu\u2019il nous d\u00e9livrera encore\u2026 \u00bb<\/em>&nbsp;(2 Corinthiens\u202c \u202d1.8-10)<\/p>\n\n\n\n<p>Dieu n\u2019a pas secouru Paul dans ses circonstances accablantes en supprimant toutes les difficult\u00e9s, mais en lui donnant la force de les surmonter.&nbsp;<\/p>\n\n\n\n<p>L\u2019ap\u00f4tre Paul partage avec nous ici cette gr\u00e2ce de surmonter l\u2019adversit\u00e9 gr\u00e2ce a la sollicitude de Dieu au milieu m\u00eame de cette adversit\u00e9.&nbsp;<\/p>\n\n\n\n<p><strong>La faiblesse humaine fournit \u00e0 la puissance divine l\u2019occasion de se manifester.<\/strong><\/p>\n\n\n\n<p>L\u2019ap\u00f4tre avait compris que c\u2019est quand il arrivait au bout de ses ressources, que Dieu commen\u00e7ait \u00e0 manifester les siennes :&nbsp;<em>\u00ab mais il m\u2019a r\u00e9pondu&nbsp;: \u00ab&nbsp;Ma gr\u00e2ce te suffit, c\u2019est dans la faiblesse que ma puissance se manifeste pleinement.&nbsp;\u00bb C\u2019est pourquoi je me vanterai plut\u00f4t de mes faiblesses, afin que la puissance de Christ repose sur moi. \u00bb<\/em>&nbsp;\u202d\u202d(2 Corinthiens\u202c \u202d12\u202c.9)<\/p>\n\n\n\n<h3 class=\"wp-block-heading\">Mourir \u00e0 soi-m\u00eame pour que la vie de J\u00e9sus soit manifest\u00e9e<\/h3>\n\n\n\n<p>v.11-12&nbsp;<em>\u00ab[\u2026] portant toujours avec nous dans notre corps la mort de J\u00e9sus, afin que la vie de J\u00e9sus soit aussi manifest\u00e9e dans notre corps. Car nous qui vivons, nous sommes sans cesse livr\u00e9s \u00e0 la mort \u00e0 cause de J\u00e9sus, afin que la vie de J\u00e9sus soit aussi manifest\u00e9e dans notre chair mortelle. Ainsi la mort agit en nous, et la vie agit en vous. \u00bb<\/em><\/p>\n\n\n\n<p>L\u2019ap\u00f4tre Paul affirme ici que cette vie de r\u00e9surrection de J\u00e9sus est r\u00e9v\u00e9l\u00e9e dans son corps (le corps de Paul).<\/p>\n\n\n\n<p><strong>La puissance de R\u00e9surrection du Christ agit dans nos corps, agit dans nos \u00e2mes, en vertu de la foi.<\/strong><\/p>\n\n\n\n<p>Le Christ J\u00e9sus nous a appris ce principe de l\u2019obligation de mourir avant de pouvoir revivre :&nbsp;<em>\u00ab En v\u00e9rit\u00e9, en v\u00e9rit\u00e9, je vous le dis, si le grain de bl\u00e9 qui est tomb\u00e9 en terre ne meurt, il reste seul; mais, s\u2019il meurt, il porte beaucoup de fruit. Celui qui aime sa vie la perdra, et celui qui hait sa vie dans ce monde la conservera pour la vie \u00e9ternelle. \u00bb<\/em><\/p>\n\n\n\n<p>Jean 12.24-25&nbsp;<\/p>\n\n\n\n<p>Ce principe de mort, semence, r\u00e9colte va \u00eatre aussi appliqu\u00e9 aux chr\u00e9tiens.&nbsp;<\/p>\n\n\n\n<p>L\u2019ap\u00f4tre Paul a aussi v\u00e9cu ce principe.&nbsp;<\/p>\n\n\n\n<p>Plus nous renon\u00e7ons \u00e0 nous m\u00eames pouf faire du bien aux autres, et plus nous portons en nous la mort de J\u00e9sus.<\/p>\n\n\n\n<p>L\u2019ap\u00f4tre Paul a fait de la mort de J\u00e9sus un principe de vie spirituelle :&nbsp;<em>\u00ab J\u2019ai \u00e9t\u00e9 crucifi\u00e9 avec Christ; et si je vis, ce n\u2019est plus moi qui vis, c\u2019est Christ qui vit en moi; si je vis maintenant dans la chair, je vis dans la foi au Fils de Dieu, qui m\u2019a aim\u00e9 et qui s\u2019est livr\u00e9 lui-m\u00eame pour moi. \u00bb<\/em>&nbsp;(Galates\u202c \u202d2\u202c.20\u202c)<\/p>\n\n\n\n<p>L\u2019ap\u00f4tre a v\u00e9cu comme un disciple serviteur crucifi\u00e9, afin que la vie de J\u00e9sus soit aussi manifest\u00e9e en lui d&rsquo;un point de vue spirituel.<\/p>\n\n\n\n<p><strong>Tout comme la mort du Christ a produit la vie chez les autres, l\u2019ap\u00f4tre savait que ses souffrances physiques encourageraient la vie spirituelle chez les autres.<\/strong><\/p>\n\n\n\n<p>Ce passage que nous lisons aujourd\u2019hui est un t\u00e9moignage puissant : quels que soient les fardeaux et les troubles chez les chr\u00e9tiens engag\u00e9s, ils ont suffisamment de raisons pour ne pas d\u00e9sesp\u00e9rer.<\/p>\n\n\n\n<h3 class=\"wp-block-heading\">Une puissance pour le pr\u00e9sent et une esp\u00e9rance pour l\u2019avenir<\/h3>\n\n\n\n<p>v.13&nbsp;<em>\u00ab Et comme nous avons le m\u00eame esprit de foi qui est exprim\u00e9 dans cette parole de l&rsquo;Ecriture : J&rsquo;ai cru, c&rsquo;est pourquoi j&rsquo;ai parl\u00e9! nous aussi nous croyons, et c&rsquo;est pour cela que nous parlons\u2026 \u00bb<\/em><\/p>\n\n\n\n<p>La Bible explique concernant la foi, qu\u2019elle est la substance des choses qu\u2019on esp\u00e8re, la preuve des choses qu\u2019on ne voit pas (H\u00e9breux 11.1 \u00e0 16). Il est impossible de plaire \u00e0 Dieu sans la foi.&nbsp;<\/p>\n\n\n\n<p>L\u2019ap\u00f4tre Paul parle ici de l\u2019Esprit de foi.&nbsp;<\/p>\n\n\n\n<p>Nous avons re\u00e7us le m\u00eame Esprit de foi. L\u2019Esprit engendre la foi.&nbsp;<\/p>\n\n\n\n<p>La foi a donn\u00e9 \u00e0 Paul la parole.<\/p>\n\n\n\n<p>Si nous croyons en J\u00e9sus nous parlerons de Lui : c\u2019est la cons\u00e9quence de l\u2019Esprit de foi.&nbsp;<\/p>\n\n\n\n<p>Le chr\u00e9tien authentique sait que J\u00e9sus est vivant et que les autres ont besoin de Lui : c\u2019est pourquoi il en parle le plus possible !<\/p>\n\n\n\n<p>L\u2019Esprit de foi engendre la pratique de l\u2019\u00e9vang\u00e9lisation !&nbsp;<\/p>\n\n\n\n<p>L\u2019ap\u00f4tre Paul avait la foi qui lui a donn\u00e9 de l\u2019assurance. L\u2019ap\u00f4tre Paul avait fait de ces principes un mode de vie : il parlait, proclamait la parole, insistait en toute occasion.&nbsp;<\/p>\n\n\n\n<p>v.14&nbsp;<em>\u00ab [nous aussi nous croyons, et c&rsquo;est pour cela que nous parlons\u2026] sachant que celui qui a ressuscit\u00e9 le Seigneur J\u00e9sus nous ressuscitera aussi avec J\u00e9sus, et nous fera para\u00eetre avec vous en sa pr\u00e9sence. \u00bb<\/em><\/p>\n\n\n\n<p>Le participe<em>&nbsp;\u00ab&nbsp;sachant que\u2026&nbsp;\u00bb<\/em>, utilis\u00e9 ici, indique chez Paul une ferme conviction du c\u0153ur suscit\u00e9 par le minist\u00e8re d\u2019enseignement du Saint Esprit.<\/p>\n\n\n\n<p>L\u2019ap\u00f4tre Paul partageait cette conviction :&nbsp;<\/p>\n\n\n\n<ul class=\"wp-block-list\">\n<li>Dieu a ressuscit\u00e9 le Christ d\u2019entre les morts,<\/li>\n\n\n\n<li>Dieu nous ressuscitera alors aussi.<\/li>\n<\/ul>\n\n\n\n<p><strong>La R\u00e9surrection offre une esp\u00e9rance pour l\u2019avenir ainsi qu\u2019une puissance pour le pr\u00e9sent !<\/strong><\/p>\n\n\n\n<p>Et l\u2019ap\u00f4tre Paul partageait la conviction qui en d\u00e9coulait : il croyait que Dieu ferait para\u00eetre en Sa pr\u00e9sence au ciel, \u00e0 la fois les croyants de Corinthe, auxquels il \u00e9crivait, et lui-m\u00eame.&nbsp;<\/p>\n\n\n\n<p>Tout cela est bas\u00e9 sur la r\u00e9surrection de J\u00e9sus !<\/p>\n\n\n\n<p>v.15&nbsp;<em>\u00ab Car tout cela arrive \u00e0 cause de vous, afin que la gr\u00e2ce, en se multipliant, fasse abonder, \u00e0 la gloire de Dieu, les actions de gr\u00e2ces d&rsquo;un plus grand nombre. \u00bb<\/em><\/p>\n\n\n\n<p>La foi a donn\u00e9 \u00e0 l\u2019ap\u00f4tre l\u2019assurance et l\u2019endurance. L\u2019endurance exprime ext\u00e9rieurement la foi int\u00e9rieure.<\/p>\n\n\n\n<p>Si l\u2019ap\u00f4tre Paul a tenu dans la foi, c\u2019est que la gr\u00e2ce de Dieu le soutenait. La gr\u00e2ce ne se contente pas de sauver, mais maintient dans le temps.<\/p>\n\n\n\n<p><strong>L\u2019ap\u00f4tre a endur\u00e9 beaucoup de choses parce qu\u2019il avait un objectif pr\u00e9cis : une doxologie ultime = la louange \u00e0 Dieu, les actions de gr\u00e2ces du plus grand nombre !&nbsp;<\/strong><\/p>\n\n\n\n<p>Interrogeons-nous : dans quels termes concevons nous l\u2019avenir ?&nbsp;<\/p>\n\n\n\n<p>Soyons honn\u00eates, nous pensons souvent \u00e0 notre retraite, \u00e0 nos derni\u00e8res ann\u00e9es sur cette terre, et cela l\u2019emporte sur le destin ultime, sur les questions des temps de la fin.<\/p>\n\n\n\n<p>On consacre bien plus d\u2019\u00e9nergie et de r\u00e9flexions \u00e0 am\u00e9liorer notre sant\u00e9 et notre patrimoine notamment sur les derni\u00e8res ann\u00e9es de notre existence terrestre.<\/p>\n\n\n\n<p>Mais nous devons nous concentrer sur les choses de la fin, regarder toutes choses dans la perspective de l\u2019\u00e9ternit\u00e9.&nbsp;<\/p>\n\n\n\n<p>Nous lisons dans l\u2019Apocalypse la doxologie \u00e9ternelle :&nbsp;<em>\u00ab Apr\u00e8s cela, je regardai, et voici, il y avait une grande foule, que personne ne pouvait compter, de toute nation, de toute tribu, de tout peuple, et de toute langue. Ils se tenaient devant le tr\u00f4ne et devant l&rsquo;Agneau, rev\u00eatus de robes blanches, et des palmes dans leurs mains. Et ils criaient d&rsquo;une voix forte, en disant: Le salut est \u00e0 notre Dieu qui est assis sur le tr\u00f4ne, et \u00e0 l&rsquo;Agneau.&nbsp;\u00bb&nbsp;<\/em><\/p>\n\n\n\n<p>\u202d\u202d(Apocalypse\u202c \u202d7\u202c.9\u202c-\u202d10\u202c)<\/p>\n\n\n\n<p>La raison d\u2019\u00eatre de notre salut c\u2019est que nous devenions de v\u00e9ritables adorateurs de Dieu.<\/p>\n\n\n\n<p>La raison d\u2019\u00eatre des chr\u00e9tiens c\u2019est glorifier Dieu !&nbsp;<\/p>\n\n\n\n<p><strong>Le but ultime de ceux qui sont sauv\u00e9s par Dieu c\u2019est devenir toujours plus puissant dans la louange, dans l\u2019adoration de Dieu.<\/strong><\/p>\n\n\n\n<p>L\u2019ap\u00f4tre Paul avait sans cesse ce but ultime en ligne de mire : c\u2019est ce qui le motivait \u00e0 rester ferme et \u00e0 pr\u00eacher l\u2019\u00c9vangile, afin que la gr\u00e2ce s\u2019\u00e9tende \u00e0 un nombre toujours plus grand qui deviendront des adorateurs.<\/p>\n\n\n\n<p>Quand on investit dans la vie des autres, il s\u2019\u00e9l\u00e8ve de leur vie une louange qui monte vers Dieu, et c\u2019est cela qui doit nous motiver.&nbsp;<\/p>\n\n\n\n<p>Notre avenir n\u2019est pas ici bas, nous devons avoir comme mod\u00e8le le Christ J\u00e9sus, suivre Son chemin pour nous retrouver l\u00e0 o\u00f9 Il est.&nbsp;<\/p>\n\n\n\n<p>Notre souci ne doit donc pas \u00eatre focalis\u00e9 sur les choses de ce monde, mais sur les choses qui concerne J\u00e9sus.&nbsp;<\/p>\n\n\n\n<p>Nous devons vivre pour la gloire de Dieu, pas vivre pour notre retraite, ou d\u2019autres projets purement terrestres.&nbsp;<\/p>\n\n\n\n<h3 class=\"wp-block-heading\">Conclusion<\/h3>\n\n\n\n<p>La foi de Paul lui avait donn\u00e9 une vision claire :&nbsp;<em>\u00ab Car nos l\u00e9g\u00e8res afflictions du moment pr\u00e9sent produisent pour nous, au-del\u00e0 de toute mesure, un poids \u00e9ternel de gloire, parce que nous regardons, non point aux choses visibles, mais \u00e0 celles qui sont invisibles; car les choses visibles sont passag\u00e8res, et les invisibles sont \u00e9ternelles.&nbsp;\u00bb<\/em>(v.17-18)<\/p>\n\n\n\n<p>Apprenons \u00e0 d\u00e9passer le cadre de ce qui est visible pour regarder l\u2019\u00e9ternit\u00e9.<\/p>\n\n\n\n<p><strong>Dans cette&nbsp;<\/strong><strong><em>\u00ab&nbsp;seule vie qui bient\u00f4t s\u2019ach\u00e8vera, seul ce qui est fait pour le Christ durera&nbsp;\u00bb<\/em><\/strong>&nbsp;(Charles Studd)&nbsp;<\/p>\n\n\n\n<p><\/p>\n","protected":false},"excerpt":{"rendered":"<p>Pr\u00e9dication culte du dimanche 19 avril 2026 par le pasteur Claude Missidimbazi \u00ab Nous portons ce tr\u00e9sor dans des vases de terre, afin que cette grande puissance soit attribu\u00e9e \u00e0 Dieu, et non pas \u00e0 nous. Nous sommes press\u00e9s de toute mani\u00e8re, mais non r\u00e9duits \u00e0 l&rsquo;extr\u00e9mit\u00e9; dans la d\u00e9tresse, mais non dans le d\u00e9sespoir;&#8230;<\/p>\n","protected":false},"author":4,"featured_media":3306,"comment_status":"open","ping_status":"open","sticky":false,"template":"","format":"standard","meta":{"footnotes":""},"categories":[30],"tags":[661],"class_list":["post-3300","post","type-post","status-publish","format-standard","has-post-thumbnail","hentry","category-enseignements","tag-la-resurrection"],"yoast_head":"<!-- This site is optimized with the Yoast SEO plugin v27.3 - https:\/\/yoast.com\/product\/yoast-seo-wordpress\/ -->\n<title>2 CORINTHIENS 4.7-18 LA R\u00c9SURRECTION PR\u00c9SENTE ET FUTURE - Eglise Matthania<\/title>\n<meta name=\"robots\" content=\"index, follow, max-snippet:-1, max-image-preview:large, max-video-preview:-1\" \/>\n<link rel=\"canonical\" href=\"https:\/\/eglisematthania.com\/index.php\/2026\/04\/19\/2-corinthiens-4-7-18-la-resurrection-presente-et-future\/\" \/>\n<meta property=\"og:locale\" content=\"fr_FR\" \/>\n<meta property=\"og:type\" content=\"article\" \/>\n<meta property=\"og:title\" content=\"2 CORINTHIENS 4.7-18 LA R\u00c9SURRECTION PR\u00c9SENTE ET FUTURE - Eglise Matthania\" \/>\n<meta property=\"og:description\" content=\"Pr\u00e9dication culte du dimanche 19 avril 2026 par le pasteur Claude Missidimbazi \u00ab Nous portons ce tr\u00e9sor dans des vases de terre, afin que cette grande puissance soit attribu\u00e9e \u00e0 Dieu, et non pas \u00e0 nous. Nous sommes press\u00e9s de toute mani\u00e8re, mais non r\u00e9duits \u00e0 l&rsquo;extr\u00e9mit\u00e9; dans la d\u00e9tresse, mais non dans le d\u00e9sespoir;...\" \/>\n<meta property=\"og:url\" content=\"https:\/\/eglisematthania.com\/index.php\/2026\/04\/19\/2-corinthiens-4-7-18-la-resurrection-presente-et-future\/\" \/>\n<meta property=\"og:site_name\" content=\"Eglise Matthania\" \/>\n<meta property=\"article:published_time\" content=\"2026-04-19T18:38:58+00:00\" \/>\n<meta property=\"article:modified_time\" content=\"2026-04-26T08:04:51+00:00\" \/>\n<meta property=\"og:image\" content=\"https:\/\/eglisematthania.com\/wp-content\/uploads\/2026\/04\/Vitalite-resurrection.jpg\" \/>\n\t<meta property=\"og:image:width\" content=\"1280\" \/>\n\t<meta property=\"og:image:height\" content=\"800\" \/>\n\t<meta property=\"og:image:type\" content=\"image\/jpeg\" \/>\n<meta name=\"author\" content=\"Redaction Matthania\" \/>\n<meta name=\"twitter:card\" content=\"summary_large_image\" \/>\n<meta name=\"twitter:label1\" content=\"\u00c9crit par\" \/>\n\t<meta name=\"twitter:data1\" content=\"Redaction Matthania\" \/>\n\t<meta name=\"twitter:label2\" content=\"Dur\u00e9e de lecture estim\u00e9e\" \/>\n\t<meta name=\"twitter:data2\" content=\"14 minutes\" \/>\n<script type=\"application\/ld+json\" class=\"yoast-schema-graph\">{\"@context\":\"https:\\\/\\\/schema.org\",\"@graph\":[{\"@type\":\"Article\",\"@id\":\"https:\\\/\\\/eglisematthania.com\\\/index.php\\\/2026\\\/04\\\/19\\\/2-corinthiens-4-7-18-la-resurrection-presente-et-future\\\/#article\",\"isPartOf\":{\"@id\":\"https:\\\/\\\/eglisematthania.com\\\/index.php\\\/2026\\\/04\\\/19\\\/2-corinthiens-4-7-18-la-resurrection-presente-et-future\\\/\"},\"author\":{\"name\":\"Redaction Matthania\",\"@id\":\"https:\\\/\\\/eglisematthania.com\\\/#\\\/schema\\\/person\\\/dc8a6a5622532e51764c11fddb8c52a3\"},\"headline\":\"2 CORINTHIENS 4.7-18 LA R\u00c9SURRECTION PR\u00c9SENTE ET FUTURE\",\"datePublished\":\"2026-04-19T18:38:58+00:00\",\"dateModified\":\"2026-04-26T08:04:51+00:00\",\"mainEntityOfPage\":{\"@id\":\"https:\\\/\\\/eglisematthania.com\\\/index.php\\\/2026\\\/04\\\/19\\\/2-corinthiens-4-7-18-la-resurrection-presente-et-future\\\/\"},\"wordCount\":3129,\"commentCount\":0,\"publisher\":{\"@id\":\"https:\\\/\\\/eglisematthania.com\\\/#organization\"},\"image\":{\"@id\":\"https:\\\/\\\/eglisematthania.com\\\/index.php\\\/2026\\\/04\\\/19\\\/2-corinthiens-4-7-18-la-resurrection-presente-et-future\\\/#primaryimage\"},\"thumbnailUrl\":\"https:\\\/\\\/eglisematthania.com\\\/wp-content\\\/uploads\\\/2026\\\/04\\\/Vitalite-resurrection.jpg\",\"keywords\":[\"La r\u00e9surrection\"],\"articleSection\":[\"Enseignements\"],\"inLanguage\":\"fr-FR\",\"potentialAction\":[{\"@type\":\"CommentAction\",\"name\":\"Comment\",\"target\":[\"https:\\\/\\\/eglisematthania.com\\\/index.php\\\/2026\\\/04\\\/19\\\/2-corinthiens-4-7-18-la-resurrection-presente-et-future\\\/#respond\"]}]},{\"@type\":\"WebPage\",\"@id\":\"https:\\\/\\\/eglisematthania.com\\\/index.php\\\/2026\\\/04\\\/19\\\/2-corinthiens-4-7-18-la-resurrection-presente-et-future\\\/\",\"url\":\"https:\\\/\\\/eglisematthania.com\\\/index.php\\\/2026\\\/04\\\/19\\\/2-corinthiens-4-7-18-la-resurrection-presente-et-future\\\/\",\"name\":\"2 CORINTHIENS 4.7-18 LA R\u00c9SURRECTION PR\u00c9SENTE ET FUTURE - Eglise Matthania\",\"isPartOf\":{\"@id\":\"https:\\\/\\\/eglisematthania.com\\\/#website\"},\"primaryImageOfPage\":{\"@id\":\"https:\\\/\\\/eglisematthania.com\\\/index.php\\\/2026\\\/04\\\/19\\\/2-corinthiens-4-7-18-la-resurrection-presente-et-future\\\/#primaryimage\"},\"image\":{\"@id\":\"https:\\\/\\\/eglisematthania.com\\\/index.php\\\/2026\\\/04\\\/19\\\/2-corinthiens-4-7-18-la-resurrection-presente-et-future\\\/#primaryimage\"},\"thumbnailUrl\":\"https:\\\/\\\/eglisematthania.com\\\/wp-content\\\/uploads\\\/2026\\\/04\\\/Vitalite-resurrection.jpg\",\"datePublished\":\"2026-04-19T18:38:58+00:00\",\"dateModified\":\"2026-04-26T08:04:51+00:00\",\"breadcrumb\":{\"@id\":\"https:\\\/\\\/eglisematthania.com\\\/index.php\\\/2026\\\/04\\\/19\\\/2-corinthiens-4-7-18-la-resurrection-presente-et-future\\\/#breadcrumb\"},\"inLanguage\":\"fr-FR\",\"potentialAction\":[{\"@type\":\"ReadAction\",\"target\":[\"https:\\\/\\\/eglisematthania.com\\\/index.php\\\/2026\\\/04\\\/19\\\/2-corinthiens-4-7-18-la-resurrection-presente-et-future\\\/\"]}]},{\"@type\":\"ImageObject\",\"inLanguage\":\"fr-FR\",\"@id\":\"https:\\\/\\\/eglisematthania.com\\\/index.php\\\/2026\\\/04\\\/19\\\/2-corinthiens-4-7-18-la-resurrection-presente-et-future\\\/#primaryimage\",\"url\":\"https:\\\/\\\/eglisematthania.com\\\/wp-content\\\/uploads\\\/2026\\\/04\\\/Vitalite-resurrection.jpg\",\"contentUrl\":\"https:\\\/\\\/eglisematthania.com\\\/wp-content\\\/uploads\\\/2026\\\/04\\\/Vitalite-resurrection.jpg\",\"width\":1280,\"height\":800},{\"@type\":\"BreadcrumbList\",\"@id\":\"https:\\\/\\\/eglisematthania.com\\\/index.php\\\/2026\\\/04\\\/19\\\/2-corinthiens-4-7-18-la-resurrection-presente-et-future\\\/#breadcrumb\",\"itemListElement\":[{\"@type\":\"ListItem\",\"position\":1,\"name\":\"Accueil\",\"item\":\"https:\\\/\\\/eglisematthania.com\\\/\"},{\"@type\":\"ListItem\",\"position\":2,\"name\":\"2 CORINTHIENS 4.7-18 LA R\u00c9SURRECTION PR\u00c9SENTE ET FUTURE\"}]},{\"@type\":\"WebSite\",\"@id\":\"https:\\\/\\\/eglisematthania.com\\\/#website\",\"url\":\"https:\\\/\\\/eglisematthania.com\\\/\",\"name\":\"Eglise Matthania\",\"description\":\"\u00e9glise Protestante \u00e9vang\u00e9lique\",\"publisher\":{\"@id\":\"https:\\\/\\\/eglisematthania.com\\\/#organization\"},\"potentialAction\":[{\"@type\":\"SearchAction\",\"target\":{\"@type\":\"EntryPoint\",\"urlTemplate\":\"https:\\\/\\\/eglisematthania.com\\\/?s={search_term_string}\"},\"query-input\":{\"@type\":\"PropertyValueSpecification\",\"valueRequired\":true,\"valueName\":\"search_term_string\"}}],\"inLanguage\":\"fr-FR\"},{\"@type\":\"Organization\",\"@id\":\"https:\\\/\\\/eglisematthania.com\\\/#organization\",\"name\":\"Eglise Protestante \u00c9vang\u00e9lique Matthania\",\"url\":\"https:\\\/\\\/eglisematthania.com\\\/\",\"logo\":{\"@type\":\"ImageObject\",\"inLanguage\":\"fr-FR\",\"@id\":\"https:\\\/\\\/eglisematthania.com\\\/#\\\/schema\\\/logo\\\/image\\\/\",\"url\":\"https:\\\/\\\/eglisematthania.com\\\/wp-content\\\/uploads\\\/2020\\\/03\\\/LogoSite3.png\",\"contentUrl\":\"https:\\\/\\\/eglisematthania.com\\\/wp-content\\\/uploads\\\/2020\\\/03\\\/LogoSite3.png\",\"width\":258,\"height\":55,\"caption\":\"Eglise Protestante \u00c9vang\u00e9lique Matthania\"},\"image\":{\"@id\":\"https:\\\/\\\/eglisematthania.com\\\/#\\\/schema\\\/logo\\\/image\\\/\"}},{\"@type\":\"Person\",\"@id\":\"https:\\\/\\\/eglisematthania.com\\\/#\\\/schema\\\/person\\\/dc8a6a5622532e51764c11fddb8c52a3\",\"name\":\"Redaction Matthania\",\"image\":{\"@type\":\"ImageObject\",\"inLanguage\":\"fr-FR\",\"@id\":\"https:\\\/\\\/secure.gravatar.com\\\/avatar\\\/1414a88924072fc6032a395f2bd8af30fee21e82332dcb7070d57fee67ed5b6b?s=96&d=mm&r=g\",\"url\":\"https:\\\/\\\/secure.gravatar.com\\\/avatar\\\/1414a88924072fc6032a395f2bd8af30fee21e82332dcb7070d57fee67ed5b6b?s=96&d=mm&r=g\",\"contentUrl\":\"https:\\\/\\\/secure.gravatar.com\\\/avatar\\\/1414a88924072fc6032a395f2bd8af30fee21e82332dcb7070d57fee67ed5b6b?s=96&d=mm&r=g\",\"caption\":\"Redaction Matthania\"},\"url\":\"https:\\\/\\\/eglisematthania.com\\\/index.php\\\/author\\\/redaction-matthania\\\/\"}]}<\/script>\n<!-- \/ Yoast SEO plugin. -->","yoast_head_json":{"title":"2 CORINTHIENS 4.7-18 LA R\u00c9SURRECTION PR\u00c9SENTE ET FUTURE - Eglise Matthania","robots":{"index":"index","follow":"follow","max-snippet":"max-snippet:-1","max-image-preview":"max-image-preview:large","max-video-preview":"max-video-preview:-1"},"canonical":"https:\/\/eglisematthania.com\/index.php\/2026\/04\/19\/2-corinthiens-4-7-18-la-resurrection-presente-et-future\/","og_locale":"fr_FR","og_type":"article","og_title":"2 CORINTHIENS 4.7-18 LA R\u00c9SURRECTION PR\u00c9SENTE ET FUTURE - Eglise Matthania","og_description":"Pr\u00e9dication culte du dimanche 19 avril 2026 par le pasteur Claude Missidimbazi \u00ab Nous portons ce tr\u00e9sor dans des vases de terre, afin que cette grande puissance soit attribu\u00e9e \u00e0 Dieu, et non pas \u00e0 nous. Nous sommes press\u00e9s de toute mani\u00e8re, mais non r\u00e9duits \u00e0 l&rsquo;extr\u00e9mit\u00e9; dans la d\u00e9tresse, mais non dans le d\u00e9sespoir;...","og_url":"https:\/\/eglisematthania.com\/index.php\/2026\/04\/19\/2-corinthiens-4-7-18-la-resurrection-presente-et-future\/","og_site_name":"Eglise Matthania","article_published_time":"2026-04-19T18:38:58+00:00","article_modified_time":"2026-04-26T08:04:51+00:00","og_image":[{"width":1280,"height":800,"url":"https:\/\/eglisematthania.com\/wp-content\/uploads\/2026\/04\/Vitalite-resurrection.jpg","type":"image\/jpeg"}],"author":"Redaction Matthania","twitter_card":"summary_large_image","twitter_misc":{"\u00c9crit par":"Redaction Matthania","Dur\u00e9e de lecture estim\u00e9e":"14 minutes"},"schema":{"@context":"https:\/\/schema.org","@graph":[{"@type":"Article","@id":"https:\/\/eglisematthania.com\/index.php\/2026\/04\/19\/2-corinthiens-4-7-18-la-resurrection-presente-et-future\/#article","isPartOf":{"@id":"https:\/\/eglisematthania.com\/index.php\/2026\/04\/19\/2-corinthiens-4-7-18-la-resurrection-presente-et-future\/"},"author":{"name":"Redaction Matthania","@id":"https:\/\/eglisematthania.com\/#\/schema\/person\/dc8a6a5622532e51764c11fddb8c52a3"},"headline":"2 CORINTHIENS 4.7-18 LA R\u00c9SURRECTION PR\u00c9SENTE ET FUTURE","datePublished":"2026-04-19T18:38:58+00:00","dateModified":"2026-04-26T08:04:51+00:00","mainEntityOfPage":{"@id":"https:\/\/eglisematthania.com\/index.php\/2026\/04\/19\/2-corinthiens-4-7-18-la-resurrection-presente-et-future\/"},"wordCount":3129,"commentCount":0,"publisher":{"@id":"https:\/\/eglisematthania.com\/#organization"},"image":{"@id":"https:\/\/eglisematthania.com\/index.php\/2026\/04\/19\/2-corinthiens-4-7-18-la-resurrection-presente-et-future\/#primaryimage"},"thumbnailUrl":"https:\/\/eglisematthania.com\/wp-content\/uploads\/2026\/04\/Vitalite-resurrection.jpg","keywords":["La r\u00e9surrection"],"articleSection":["Enseignements"],"inLanguage":"fr-FR","potentialAction":[{"@type":"CommentAction","name":"Comment","target":["https:\/\/eglisematthania.com\/index.php\/2026\/04\/19\/2-corinthiens-4-7-18-la-resurrection-presente-et-future\/#respond"]}]},{"@type":"WebPage","@id":"https:\/\/eglisematthania.com\/index.php\/2026\/04\/19\/2-corinthiens-4-7-18-la-resurrection-presente-et-future\/","url":"https:\/\/eglisematthania.com\/index.php\/2026\/04\/19\/2-corinthiens-4-7-18-la-resurrection-presente-et-future\/","name":"2 CORINTHIENS 4.7-18 LA R\u00c9SURRECTION PR\u00c9SENTE ET FUTURE - Eglise Matthania","isPartOf":{"@id":"https:\/\/eglisematthania.com\/#website"},"primaryImageOfPage":{"@id":"https:\/\/eglisematthania.com\/index.php\/2026\/04\/19\/2-corinthiens-4-7-18-la-resurrection-presente-et-future\/#primaryimage"},"image":{"@id":"https:\/\/eglisematthania.com\/index.php\/2026\/04\/19\/2-corinthiens-4-7-18-la-resurrection-presente-et-future\/#primaryimage"},"thumbnailUrl":"https:\/\/eglisematthania.com\/wp-content\/uploads\/2026\/04\/Vitalite-resurrection.jpg","datePublished":"2026-04-19T18:38:58+00:00","dateModified":"2026-04-26T08:04:51+00:00","breadcrumb":{"@id":"https:\/\/eglisematthania.com\/index.php\/2026\/04\/19\/2-corinthiens-4-7-18-la-resurrection-presente-et-future\/#breadcrumb"},"inLanguage":"fr-FR","potentialAction":[{"@type":"ReadAction","target":["https:\/\/eglisematthania.com\/index.php\/2026\/04\/19\/2-corinthiens-4-7-18-la-resurrection-presente-et-future\/"]}]},{"@type":"ImageObject","inLanguage":"fr-FR","@id":"https:\/\/eglisematthania.com\/index.php\/2026\/04\/19\/2-corinthiens-4-7-18-la-resurrection-presente-et-future\/#primaryimage","url":"https:\/\/eglisematthania.com\/wp-content\/uploads\/2026\/04\/Vitalite-resurrection.jpg","contentUrl":"https:\/\/eglisematthania.com\/wp-content\/uploads\/2026\/04\/Vitalite-resurrection.jpg","width":1280,"height":800},{"@type":"BreadcrumbList","@id":"https:\/\/eglisematthania.com\/index.php\/2026\/04\/19\/2-corinthiens-4-7-18-la-resurrection-presente-et-future\/#breadcrumb","itemListElement":[{"@type":"ListItem","position":1,"name":"Accueil","item":"https:\/\/eglisematthania.com\/"},{"@type":"ListItem","position":2,"name":"2 CORINTHIENS 4.7-18 LA R\u00c9SURRECTION PR\u00c9SENTE ET FUTURE"}]},{"@type":"WebSite","@id":"https:\/\/eglisematthania.com\/#website","url":"https:\/\/eglisematthania.com\/","name":"Eglise Matthania","description":"\u00e9glise Protestante \u00e9vang\u00e9lique","publisher":{"@id":"https:\/\/eglisematthania.com\/#organization"},"potentialAction":[{"@type":"SearchAction","target":{"@type":"EntryPoint","urlTemplate":"https:\/\/eglisematthania.com\/?s={search_term_string}"},"query-input":{"@type":"PropertyValueSpecification","valueRequired":true,"valueName":"search_term_string"}}],"inLanguage":"fr-FR"},{"@type":"Organization","@id":"https:\/\/eglisematthania.com\/#organization","name":"Eglise Protestante \u00c9vang\u00e9lique Matthania","url":"https:\/\/eglisematthania.com\/","logo":{"@type":"ImageObject","inLanguage":"fr-FR","@id":"https:\/\/eglisematthania.com\/#\/schema\/logo\/image\/","url":"https:\/\/eglisematthania.com\/wp-content\/uploads\/2020\/03\/LogoSite3.png","contentUrl":"https:\/\/eglisematthania.com\/wp-content\/uploads\/2020\/03\/LogoSite3.png","width":258,"height":55,"caption":"Eglise Protestante \u00c9vang\u00e9lique Matthania"},"image":{"@id":"https:\/\/eglisematthania.com\/#\/schema\/logo\/image\/"}},{"@type":"Person","@id":"https:\/\/eglisematthania.com\/#\/schema\/person\/dc8a6a5622532e51764c11fddb8c52a3","name":"Redaction Matthania","image":{"@type":"ImageObject","inLanguage":"fr-FR","@id":"https:\/\/secure.gravatar.com\/avatar\/1414a88924072fc6032a395f2bd8af30fee21e82332dcb7070d57fee67ed5b6b?s=96&d=mm&r=g","url":"https:\/\/secure.gravatar.com\/avatar\/1414a88924072fc6032a395f2bd8af30fee21e82332dcb7070d57fee67ed5b6b?s=96&d=mm&r=g","contentUrl":"https:\/\/secure.gravatar.com\/avatar\/1414a88924072fc6032a395f2bd8af30fee21e82332dcb7070d57fee67ed5b6b?s=96&d=mm&r=g","caption":"Redaction Matthania"},"url":"https:\/\/eglisematthania.com\/index.php\/author\/redaction-matthania\/"}]}},"_links":{"self":[{"href":"https:\/\/eglisematthania.com\/index.php\/wp-json\/wp\/v2\/posts\/3300","targetHints":{"allow":["GET"]}}],"collection":[{"href":"https:\/\/eglisematthania.com\/index.php\/wp-json\/wp\/v2\/posts"}],"about":[{"href":"https:\/\/eglisematthania.com\/index.php\/wp-json\/wp\/v2\/types\/post"}],"author":[{"embeddable":true,"href":"https:\/\/eglisematthania.com\/index.php\/wp-json\/wp\/v2\/users\/4"}],"replies":[{"embeddable":true,"href":"https:\/\/eglisematthania.com\/index.php\/wp-json\/wp\/v2\/comments?post=3300"}],"version-history":[{"count":2,"href":"https:\/\/eglisematthania.com\/index.php\/wp-json\/wp\/v2\/posts\/3300\/revisions"}],"predecessor-version":[{"id":3309,"href":"https:\/\/eglisematthania.com\/index.php\/wp-json\/wp\/v2\/posts\/3300\/revisions\/3309"}],"wp:featuredmedia":[{"embeddable":true,"href":"https:\/\/eglisematthania.com\/index.php\/wp-json\/wp\/v2\/media\/3306"}],"wp:attachment":[{"href":"https:\/\/eglisematthania.com\/index.php\/wp-json\/wp\/v2\/media?parent=3300"}],"wp:term":[{"taxonomy":"category","embeddable":true,"href":"https:\/\/eglisematthania.com\/index.php\/wp-json\/wp\/v2\/categories?post=3300"},{"taxonomy":"post_tag","embeddable":true,"href":"https:\/\/eglisematthania.com\/index.php\/wp-json\/wp\/v2\/tags?post=3300"}],"curies":[{"name":"wp","href":"https:\/\/api.w.org\/{rel}","templated":true}]}}