{"id":3267,"date":"2026-03-08T21:24:49","date_gmt":"2026-03-08T20:24:49","guid":{"rendered":"https:\/\/eglisematthania.com\/?p=3267"},"modified":"2026-03-29T22:39:38","modified_gmt":"2026-03-29T20:39:38","slug":"jean-8-31-32-la-foi-veritable","status":"publish","type":"post","link":"https:\/\/eglisematthania.com\/index.php\/2026\/03\/08\/jean-8-31-32-la-foi-veritable\/","title":{"rendered":"JEAN 8.31-32 LA FOI V\u00c9RITABLE"},"content":{"rendered":"\n<h2 class=\"wp-block-heading\">Pr\u00e9dication culte du dimanche 08 mars 2026 par le pasteur Claude Missidimbazi <\/h2>\n\n\n\n<p><em>\u00ab31&nbsp;<\/em>J\u00e9sus donc dit aux Juifs qui avaient cru en lui : \u00ab Si vous demeurez dans ma parole, vous \u00eates vraiment mes disciples, 32 vous conna\u00eetrez la v\u00e9rit\u00e9 et la v\u00e9rit\u00e9 fera de vous des hommes libres. \u00bb<\/p>\n\n\n\n<p>Traduction \u0152cum\u00e9nique de la Bible<\/p>\n\n\n\n<p>\u00ab&nbsp;31 J\u00e9sus dit alors aux Juifs qui l&rsquo;avaient cru : \u00a0\u00bb Si vous demeurez dans ma parole, vous \u00eates vraiment mes disciples, 32 et vous conna\u00eetrez la v\u00e9rit\u00e9 et la v\u00e9rit\u00e9 vous lib\u00e9rera.&nbsp;\u00bb<\/p>\n\n\n\n<p>Bible de J\u00e9rusalem&nbsp;<\/p>\n\n\n\n<p>\u00ab&nbsp;Et il dit aux juifs qui avaient cru en lui : si vous demeurez dans ma parole, vous \u00eates vraiment mes disciples, vous conna\u00eetrez la v\u00e9rit\u00e9 et la v\u00e9rit\u00e9 vous rendra libres.&nbsp;\u00bb<\/p>\n\n\n\n<p>Nouvelle \u00c9dition de Gen\u00e8ve&nbsp;<\/p>\n\n\n\n<h3 class=\"wp-block-heading\">Introduction<\/h3>\n\n\n\n<p>Dans ce long discours de controverse, entre le Christ et les autorit\u00e9s et religieux de Sonia temps, que nous rapporte l\u2019\u00c9vangile selon Jean, nous voulons nous arr\u00eater sur deux versets en particulier.&nbsp;<\/p>\n\n\n\n<p>Le Christ a dit ailleurs que la semence c\u2019est la Parole de Dieu :&nbsp;<em>\u00ab Voici ce que signifie cette parabole: La semence, c\u2019est la parole de Dieu. \u00bb&nbsp;<\/em>(Luc 8.11). Ce que reprend l\u2019ap\u00f4tre Pierre dans l\u2019une de ses \u00e9p\u00eetres :&nbsp;<em>\u00ab [\u2026] puisque vous avez \u00e9t\u00e9 r\u00e9g\u00e9n\u00e9r\u00e9s, non par une semence corruptible, mais par une semence incorruptible, par la parole vivante et permanente de Dieu. \u00bb&nbsp;<\/em>\u202d\u202d(1 Pierre 1.22)<\/p>\n\n\n\n<p>Le Christ introduit ici une condition sine qua none \u00e0 remplir pour celui qui a cru en J\u00e9sus, la condition sans laquelle rien ne peut se passer : cette condition est de demeurer dans Sa parole.<\/p>\n\n\n\n<p>Le Christ s\u2019adresse ici \u00e0 des personnes qui avaient d\u00e9cid\u00e9 de Le suivre, \u00e0 ceux qui avaient&nbsp;<em>\u00ab&nbsp;cru&nbsp;\u00bb<\/em>&nbsp;en Lui.&nbsp;<\/p>\n\n\n\n<p>Le verbe&nbsp;<em>\u00ab&nbsp;croire&nbsp;\u00bb<\/em>&nbsp;peut nous tromper. On peut croire en tout et en n\u2019importe quoi. On peut croire et affirmer des r\u00e9alit\u00e9s non conformes aux \u00e9critures. On peut croire \u00e0 un Christ fabriqu\u00e9 de toutes pi\u00e8ces, non conforme aux \u00c9critures.<\/p>\n\n\n\n<p>Il est donc important de diff\u00e9rencier la croyance g\u00e9n\u00e9rale, le fait de&nbsp;<em>\u00ab&nbsp;croire en Dieu&nbsp;\u00bb<\/em>, et les manifestations de la foi v\u00e9ritable.&nbsp;<\/p>\n\n\n\n<p>La croyance g\u00e9n\u00e9rale n&rsquo;apporte qu\u2019une forme de bien-\u00eatre, mais ne change pas le c\u0153ur tortueux de l&rsquo;\u00eatre humain.<\/p>\n\n\n\n<p>La foi v\u00e9ritable transforme l\u2019\u00eatre humain.<\/p>\n\n\n\n<h3 class=\"wp-block-heading\">Demeurer dans la parole du Christ<\/h3>\n\n\n\n<p><em>\u00ab&nbsp;Si vous demeurez dans ma parole, vous \u00eates vraiment mes disciples&nbsp;\u00bb<\/em>&nbsp;(v.31)<\/p>\n\n\n\n<p>Le verbe&nbsp;<em>\u00ab&nbsp;demeurer&nbsp;\u00bb<\/em>&nbsp;est souvent utilis\u00e9 dans l\u2019\u00c9vangile selon Jean.&nbsp;<\/p>\n\n\n\n<p>Ce verbe ici d\u00e9signe une relation qui se maintient dans la dur\u00e9e.&nbsp;<\/p>\n\n\n\n<p>On pourrait traduire :&nbsp;<em>\u00ab&nbsp;Si vous vous attardez sur ma parole, vous \u00eates vraiment mes disciples.&nbsp;\u00bb<\/em><\/p>\n\n\n\n<p>Il s\u2019agit de rester, habiter, poursuivre, ob\u00e9ir \u00e0 l\u2019enseignement de J\u00e9sus.<\/p>\n\n\n\n<p>Il y a toute une forme de nuances qui nous permettent de bien comprendre : \u00ab&nbsp;si vous continuez \u00e0 ob\u00e9ir \u00e0 ce que j\u2019ai dit&nbsp;\u00bb, \u00ab&nbsp;si vous vous tenez \u00e0 mon enseignement&nbsp;\u00bb, \u00ab&nbsp;si vous \u00eates fid\u00e8les \u00e0 ce que j\u2019ai dit&nbsp;\u00bb, \u00ab&nbsp;si vous faites de la parole votre maison&nbsp;\u00bb, \u00ab&nbsp;si vous pers\u00e9v\u00e9rez dans la r\u00e9v\u00e9lation que je vous ai annonc\u00e9e&nbsp;\u00bb, \u00ab&nbsp;si vous continuez dans ce que je vous ai appris&nbsp;\u00bb\u2026<\/p>\n\n\n\n<p>Si nous respectons cette condition de pers\u00e9v\u00e9rer, de demeurer, de rester dans ce que J\u00e9sus a dit, alors seulement nous sommes Ses disciples.<\/p>\n\n\n\n<p>La Parole du Christ est la r\u00e8gle de vie de tout disciple.&nbsp;<\/p>\n\n\n\n<p>Cela implique pour tout chr\u00e9tien une d\u00e9termination ferme \u00e0 \u00e9couter, r\u00e9fl\u00e9chir, s\u2019attacher et ob\u00e9ir \u00e0 la parole de J\u00e9sus.<\/p>\n\n\n\n<p>Rester dans la parole du Christ, c\u2019est avoir une relation suivie avec le Christ Lui-m\u00eame, Lui qui est la Parole de Vie.<\/p>\n\n\n\n<p>Le Christ insiste ici : il ne faut pas s&rsquo;attacher simplement \u00e0 la foi qu&rsquo;on dit avoir acquis, mais p\u00e9n\u00e9trer et s&rsquo;installer dans la v\u00e9rit\u00e9 que contient la Parole.<\/p>\n\n\n\n<p>Donc la condition sine qua none pour \u00eatre reconnu et accept\u00e9 comme un disciple de J\u00e9sus c\u2019est de demeurer dans la Parole de J\u00e9sus.<\/p>\n\n\n\n<p><strong>L\u2019acceptation r\u00e9solue et durable de la r\u00e9v\u00e9lation christologique, c\u2019est \u00e0 dire qui parle de J\u00e9sus, est le crit\u00e8re qui valide la foi.<\/strong><\/p>\n\n\n\n<p>C\u2019est un enjeu capital pour tout croyant.<\/p>\n\n\n\n<p>Trois effets r\u00e9sultent du fait d\u2019accepter et remplir cette condition \u00e9nonc\u00e9e par le Christ ici.<\/p>\n\n\n\n<h3 class=\"wp-block-heading\">Premier r\u00e9sultat : \u00eatre un vrai disciple<\/h3>\n\n\n\n<p>Le premier effet de la r\u00e9alit\u00e9 de la condition que J\u00e9sus pose est un effet identitaire :&nbsp;<em>\u00ab&nbsp;[\u2026] si vous demeurez dans ma parole,&nbsp;<\/em><em><u>vous \u00eates vraiment mes disciples<\/u><\/em><em>\u2026 \u00bb<\/em>&nbsp;(v.31)<\/p>\n\n\n\n<p><strong>Seul celui qui remplit cette condition donn\u00e9e, c\u2019est \u00e0 dire habiter et persister dans l\u2019ob\u00e9issance \u00e0 ce que J\u00e9sus dit, est v\u00e9ritablement un disciple du Christ J\u00e9sus.<\/strong><\/p>\n\n\n\n<p>Il y a donc le vrai disciple et la vraie foi, mais aussi le faux disciple et la fausse foi.&nbsp;<\/p>\n\n\n\n<p>Il y a ceux qui suivent Jesus pour un temps mais qui d\u00e9missionnent lorsque les difficult\u00e9s, les soucis sont l\u00e0 (voir la<\/p>\n\n\n\n<p>Parabole du Semeur et des quatre chemins, Marc 4.1-20). Ce sont des disciples d\u2019un moment.<\/p>\n\n\n\n<p>Mais le vrai disciple continue \u00e0 demeurer dans la parole du Christ et garde tout ce que le Christ a enseign\u00e9, Le concernant et concernant le P\u00e8re, et ce quelque soit les circonstances.<\/p>\n\n\n\n<h3 class=\"wp-block-heading\">Deuxi\u00e8me r\u00e9sultat : conna\u00eetre la v\u00e9rit\u00e9 de J\u00e9sus<\/h3>\n\n\n\n<p>Le deuxi\u00e8me effet du fait de remplir cette condition que pose le Christ :&nbsp;<em>\u00ab&nbsp;[\u2026] si vous demeurez dans ma parole, vous \u00eates vraiment mes disciples,&nbsp;<\/em><em><u>vous conna\u00eetrez la v\u00e9rit\u00e9 et la v\u00e9rit\u00e9 vous rendra libres.<\/u><\/em><em>&nbsp;\u00bb<\/em>&nbsp;(v.32)<\/p>\n\n\n\n<p><strong>Le fait d\u2019habiter et persister dans l\u2019ob\u00e9issance \u00e0 ce que J\u00e9sus dit, a pour r\u00e9sultat de conna\u00eetre la v\u00e9rit\u00e9, la v\u00e9rit\u00e9 de J\u00e9sus.&nbsp;<\/strong><\/p>\n\n\n\n<p>On ne peut pas conna\u00eetre la v\u00e9rit\u00e9 de J\u00e9sus si on ne demeure pas avant tout dans Sa parole.<\/p>\n\n\n\n<p>Dieu nous r\u00e9v\u00e9lera la v\u00e9rit\u00e9 si d\u2019abord nous demeurons dans ce que J\u00e9sus dit.<\/p>\n\n\n\n<p>C\u2019est pour cela que le chr\u00e9tien doit aimer les \u00e9critures, les \u00e9tudier au maximum. C\u2019est lorsqu\u2019il \u00e9tudie ce que J\u00e9sus a dit concernant le P\u00e8re et Lui-m\u00eame, que le S.eigneur va Lui donner de conna\u00eetre la v\u00e9rit\u00e9 : Sa v\u00e9rit\u00e9, pas celle d\u2019un autre.<\/p>\n\n\n\n<p><em>\u00ab&nbsp;Qu\u2019est-ce que la v\u00e9rit\u00e9&nbsp;?&nbsp;\u00bb<\/em>&nbsp;(Jean 18.38)<\/p>\n\n\n\n<p>Pour Pilate qui interrogeait le Christ lors de Son proc\u00e8s, la v\u00e9rit\u00e9 \u00e9tait une grande question philosophique.<\/p>\n\n\n\n<p>Pour les mystiques, la v\u00e9rit\u00e9 est une question de r\u00e9v\u00e9lations int\u00e9rieures.<\/p>\n\n\n\n<p>Pour l\u2019homme moderne, la v\u00e9rit\u00e9 est souvent une affaire individuelle : \u00e0 chacun ses v\u00e9rit\u00e9s.<\/p>\n\n\n\n<p>Mais c\u2019est le Christ J\u00e9sus la v\u00e9rit\u00e9 !&nbsp;<\/p>\n\n\n\n<h3 class=\"wp-block-heading\">Les opinions erron\u00e9es au sujet de la v\u00e9rit\u00e9<\/h3>\n\n\n\n<p>Dans nos \u00e9glises, on tol\u00e8re aussi souvent des opinions erron\u00e9es. Mais lorsque l&rsquo;on pr\u00eache un \u00e9vangile, qui n&rsquo;est pas le vrai \u00c9vangile, apportant une fausse foi, alors les gens sont perdus.<\/p>\n\n\n\n<p>Arr\u00eatons nous sur certaines de ces opinions erron\u00e9es largement r\u00e9pandues au sujet de la v\u00e9rit\u00e9.&nbsp;<\/p>\n\n\n\n<p>Il est par exemple faux de croire que malgr\u00e9 le fait de diluer la v\u00e9rit\u00e9 par l&rsquo;ajout de doctrine humaines, elle peut rester acceptable aux yeux de Dieu.&nbsp;<\/p>\n\n\n\n<p>Nous lisons dans le livre de l\u2019Apocalypse :&nbsp;<strong><em>\u00ab&nbsp;<\/em><\/strong><em>Je le d\u00e9clare \u00e0 quiconque entend les paroles de la proph\u00e9tie de ce livre : Si quelqu\u2019un y ajoute quelque chose, Dieu le frappera des fl\u00e9aux d\u00e9crits dans ce livre; et si quelqu\u2019un retranche quelque chose des paroles du livre de cette proph\u00e9tie, Dieu retranchera sa part de l\u2019arbre de la vie et de la ville sainte, d\u00e9crits dans ce livre.&nbsp;\u00bb&nbsp;<\/em>(Apocalypse 22.18)<\/p>\n\n\n\n<p>Il nous faut accepter la Bible comme r\u00e9v\u00e9lant la Parole de Dieu : il ne faut rien y ajouter et rien en retrancher.<\/p>\n\n\n\n<p>Il est faux de croire que l\u2019homme peut pervertir la v\u00e9rit\u00e9 tout en continuant \u00e0 plaire \u00e0 Dieu !<\/p>\n\n\n\n<p>Celui qui souille la v\u00e9rit\u00e9 est du diable :&nbsp;<em>\u00ab Je m&rsquo;\u00e9tonne que vous vous d\u00e9tourniez si vite de celui qui vous a appel\u00e9s par la gr\u00e2ce de Christ pour passer \u00e0 un autre \u00e9vangile. Ce n&rsquo;est pas qu&rsquo;il y ait un autre \u00e9vangile, mais il y a des gens qui vous troublent et qui veulent d\u00e9former l&rsquo;Evangile de Christ. Mais si quelqu&rsquo;un \u2013 m\u00eame nous ou m\u00eame un ange venu du ciel \u2013 vous annon\u00e7ait un \u00e9vangile diff\u00e9rent de celui que nous vous avons pr\u00each\u00e9, qu&rsquo;il soit maudit! Nous l&rsquo;avons d\u00e9j\u00e0 dit, et je le r\u00e9p\u00e8te maintenant: si quelqu&rsquo;un vous annonce un autre \u00e9vangile que celui que vous avez re\u00e7u, qu&rsquo;il soit maudit ! \u00bb<\/em><\/p>\n\n\n\n<p>Quand quelqu\u2019un pervertir l\u2019\u00c9vangile du Christ, il en fait autre chose. Un tel \u00e9vangile est au service de la puissance du mal.<\/p>\n\n\n\n<p>Il n\u2019y a qu\u2019un seul moyen pour \u00eatre sauv\u00e9 c\u2019est croire ce que la Bible d\u00e9clare.<\/p>\n\n\n\n<p>Il est faux de croire que la v\u00e9rit\u00e9 peut \u00eatre \u00e0 la fois vraie pour une personne et fausse pour une autre.&nbsp;<\/p>\n\n\n\n<p>La v\u00e9rit\u00e9 doit \u00eatre objective et \u00eatre la m\u00eame pour tout un chacun.&nbsp;<\/p>\n\n\n\n<p>Il n\u2019y a qu\u2019un seul chemin, une seule v\u00e9rit\u00e9 : le Christ J\u00e9sus Lui-m\u00eame.<\/p>\n\n\n\n<p>Et c&rsquo;est pour tout cela que nous sommes exhort\u00e9s \u00e0 examiner toute chose et retenir ce qui est bon. Il nous faut \u00eatre z\u00e9l\u00e9 pour l\u2019\u00e9tude assidue de la Bible, il nous faut \u00eatre z\u00e9l\u00e9 pour l\u2019ob\u00e9issance \u00e0 ce que la Bible enseigne.<\/p>\n\n\n\n<p>Nous ne devons pas \u00eatre comme ces croyants dont parle l\u2019ap\u00f4tre Paul dans son \u00e9p\u00eetre aux Romains :&nbsp;<em>\u00ab&nbsp;Fr\u00e8res, le v\u0153u de mon c\u0153ur et ma pri\u00e8re \u00e0 Dieu pour eux, c\u2019est qu\u2019ils soient sauv\u00e9s. Je leur rends le t\u00e9moignage qu\u2019ils ont du z\u00e8le pour Dieu, mais sans intelligence. \u00bb<\/em>(Romains 10.1-2)&nbsp;<\/p>\n\n\n\n<p><strong>L\u2019\u00c9criture doit nous fa\u00e7onner intellectuellement, moralement et spirituellement.&nbsp;<\/strong><\/p>\n\n\n\n<p>Un r\u00e9formateur a dit :\u00a0<em>\u00ab\u00a0Nul ne peut penser juste sur Dieu, ni vivre et se conduire comme il faut sans la Bible\u00a0\u00bb<\/em><\/p>\n\n\n\n<p>Le verbe qui est traduit par&nbsp;<em>\u00ab&nbsp;conna\u00eetre&nbsp;\u00bb&nbsp;<\/em>dans le verset&nbsp;<em>\u00ab&nbsp;vous conna\u00eetrez la v\u00e9rit\u00e9 et la v\u00e9rit\u00e9 vous rendra libres&nbsp;\u00bb<\/em>, va au-del\u00e0 d\u2019une simple connaissance intellectuelle : il s\u2019agit de faire l\u2019exp\u00e9rience pratique.&nbsp;<\/p>\n\n\n\n<p><strong>Quelque soit le niveau intellectuel du chr\u00e9tien qui demeure dans ce que J\u00e9sus dit, il fera l\u2019exp\u00e9rience de la v\u00e9rit\u00e9.<\/strong><\/p>\n\n\n\n<p>Le v\u00e9rit\u00e9 sera une r\u00e9alit\u00e9 pour lui, Dieu sera une r\u00e9alit\u00e9 pour lui.<\/p>\n\n\n\n<p>Et la v\u00e9rit\u00e9 de J\u00e9sus a toujours un pouvoir de transformation.&nbsp;<\/p>\n\n\n\n<p>Pour penser les pens\u00e9es de Dieu, il faut sans cesse m\u00e9diter les paroles du Christ.\u00a0<\/p>\n\n\n\n<p>La v\u00e9rit\u00e9 n\u00e9cessite une attention soutenue et un z\u00e8le d\u00e9mesur\u00e9 de chercher \u00e0 comprendre ce que J\u00e9sus dit.<\/p>\n\n\n\n<h3 class=\"wp-block-heading\">Qu\u2019est-ce que la v\u00e9rit\u00e9 selon J\u00e9sus<\/h3>\n\n\n\n<p>Il s\u2019agit du contenu de ce qui est vrai, de ce qui est conforme \u00e0 ce qui s\u2019est r\u00e9ellement pass\u00e9.<\/p>\n\n\n\n<p>Ce n\u2019est pas une invention, une imagination : c\u2019est une r\u00e9alit\u00e9.<\/p>\n\n\n\n<p>En demeurant dans la parole que le Christ dit, nous sommes de vrais disciples et nous faisons l\u2019exp\u00e9rience de la v\u00e9rit\u00e9 et il y a des changements palpables dans notre fa\u00e7on de vivre.<\/p>\n\n\n\n<p>Qu\u2019est-ce que la v\u00e9rit\u00e9 selon J\u00e9sus ? De quelle v\u00e9rit\u00e9 s\u2019agit-il ?<\/p>\n\n\n\n<p><strong>Demeurer dans la parole de J\u00e9sus, c\u2019est avoir acc\u00e8s \u00e0 la r\u00e9alit\u00e9 divine, et vivre la r\u00e9alit\u00e9 divine.<\/strong><\/p>\n\n\n\n<p>Cette v\u00e9rit\u00e9 se manifeste et se communique en J\u00e9sus seul.<\/p>\n\n\n\n<p>En J\u00e9sus Christ nous rencontrons Dieu tel qu\u2019Il est r\u00e9ellement :<\/p>\n\n\n\n<ul class=\"wp-block-list\">\n<li>\u00ab Et la Parole a \u00e9t\u00e9 faite chair, et elle a habit\u00e9 parmi nous, pleine de gr\u00e2ce et de v\u00e9rit\u00e9; et nous avons contempl\u00e9 sa gloire, une gloire comme la gloire du Fils unique venu du P\u00e8re. \u00bb (Jean\u202c 1.14)<\/li>\n<\/ul>\n\n\n\n<p><strong>J\u00e9sus est la v\u00e9rit\u00e9, Celui qui seul r\u00e9v\u00e8le le P\u00e8re tel qu\u2019Il est r\u00e9ellement.&nbsp;<\/strong><\/p>\n\n\n\n<p>J\u00e9sus a dit :&nbsp;<em>\u00ab&nbsp;Je suis le chemin, c\u2019est \u00e0 dire la v\u00e9rit\u00e9 et la vie. Nul ne vient au P\u00e8re que par moi.&nbsp;\u00bb<\/em>&nbsp;(Jean 14.6)<\/p>\n\n\n\n<p>Il n\u2019y a pas d\u2019autre moyen de conna\u00eetre Dieu.\u00a0<\/p>\n\n\n\n<p><strong>Le message m\u00eame de J\u00e9sus est fond\u00e9 sur la v\u00e9racit\u00e9 de Dieu.&nbsp;<\/strong><\/p>\n\n\n\n<p>Accepter les paroles de J\u00e9sus c\u2019est accepter que Dieu est vrai :\u00a0<\/p>\n\n\n\n<ul class=\"wp-block-list\">\n<li><em>\u00ab Celui qui a re\u00e7u son t\u00e9moignage a certifi\u00e9 que Dieu est vrai\u2026 \u00bb<\/em>&nbsp;(Jean\u202c \u202d3.33)<\/li>\n\n\n\n<li><em>\u00ab J\u2019ai beaucoup de choses \u00e0 dire de vous et \u00e0 juger en vous; mais celui qui m\u2019a envoy\u00e9 est vrai, et ce que j\u2019ai entendu de lui, je le dis au monde. \u00bb&nbsp;<\/em>(Jean\u202c \u202d8.26)<\/li>\n<\/ul>\n\n\n\n<p>Le Christ J\u00e9sus dit toujours la v\u00e9rit\u00e9 !<\/p>\n\n\n\n<p><strong>Le t\u00e9moignage rendu au Christ est vrai et digne de confiance :&nbsp;<\/strong><\/p>\n\n\n\n<ul class=\"wp-block-list\">\n<li><em>\u00ab Si c\u2019est moi qui rends t\u00e9moignage de moi-m\u00eame, mon t\u00e9moignage n\u2019est pas vrai. Il y en a un autre qui rend t\u00e9moignage de moi, et je sais que le t\u00e9moignage qu\u2019il rend de moi est vrai.&nbsp;\u00bb&nbsp;<\/em>(Jean 5.31-32)<\/li>\n\n\n\n<li><em>\u00ab C\u2019est ce disciple qui rend t\u00e9moignage de ces choses, et qui les a \u00e9crites. Et nous savons que son t\u00e9moignage est vrai. \u00bb<\/em>&nbsp;(Jean\u202c \u202d21.24)<\/li>\n\n\n\n<li><em>\u00ab Beaucoup de gens vinrent \u00e0 lui, et ils disaient : Jean n\u2019a fait aucun miracle; mais tout ce que Jean a dit de cet homme \u00e9tait vrai. \u00bb<\/em>&nbsp;(Jean\u202c \u202d10.41)<\/li>\n<\/ul>\n\n\n\n<p><strong>Le Christ J\u00e9sus est venu inaugurer ce temps d\u2019adoration en v\u00e9rit\u00e9, dans l\u2019Esprit :&nbsp;<\/strong><em>\u00ab Mais l\u2019heure vient, et elle est d\u00e9j\u00e0 venue, o\u00f9 les vrais adorateurs adoreront le P\u00e8re en esprit et en v\u00e9rit\u00e9; car ce sont l\u00e0 les adorateurs que le P\u00e8re demande. Dieu est Esprit, et il faut que ceux qui l\u2019adorent l\u2019adorent en esprit et en v\u00e9rit\u00e9. \u00bb<\/em>&nbsp;(Jean\u202c \u202d4.23-24)<\/p>\n\n\n\n<p>Le P\u00e8re cherche ces vrais adorateurs, qui doivent l&rsquo;adorer dans Esprit et dans la v\u00e9rit\u00e9. La v\u00e9rit\u00e9 se trouve dans les Saintes \u00c9critures. Et quand nous prenons \u00e0 c\u0153ur d\u2019\u00e9tudier comment les croyants adorent Dieu dans la Bible, et que nous r\u00e9p\u00e9tons les m\u00eames choses, nous sommes dans cette adoration\u00a0<em>\u00ab\u00a0en v\u00e9rit\u00e9\u00a0\u00bb<\/em>. Tout le reste, c&rsquo;est une fausse adoration.\u00a0<\/p>\n\n\n\n<h3 class=\"wp-block-heading\">Troisi\u00e8me r\u00e9sultat : \u00eatre lib\u00e9r\u00e9 de tout esclavage<\/h3>\n\n\n\n<p>Demeurer dans la Parole du Christ a pour troisi\u00e8me effet de lib\u00e9rer les vrais disciples. Ils ne sont plus des esclaves !<\/p>\n\n\n\n<p>Ils sont lib\u00e9r\u00e9s de la puissance de la peur de la mort !<\/p>\n\n\n\n<p>Les disciples seront lib\u00e9r\u00e9s du domaine du p\u00e9ch\u00e9 et de la mort.<\/p>\n\n\n\n<p><strong>L\u2019ob\u00e9issance pers\u00e9v\u00e9rante \u00e0 ce que J\u00e9sus dit garantit la libert\u00e9 \u00e0 l\u2019\u00e9gard du mensonge, \u00e0 l\u2019\u00e9gard du p\u00e9ch\u00e9, \u00e0 l\u2019\u00e9gard de la mort.<\/strong><\/p>\n\n\n\n<p>Le Christ J\u00e9sus promet que celui qui demeure dans ce qu\u2019il dit ne sera plus un esclave du mensonge, du p\u00e9ch\u00e9 et de la mort.<\/p>\n\n\n\n<p><\/p>\n","protected":false},"excerpt":{"rendered":"<p>Pr\u00e9dication culte du dimanche 08 mars 2026 par le pasteur Claude Missidimbazi \u00ab31&nbsp;J\u00e9sus donc dit aux Juifs qui avaient cru en lui : \u00ab Si vous demeurez dans ma parole, vous \u00eates vraiment mes disciples, 32 vous conna\u00eetrez la v\u00e9rit\u00e9 et la v\u00e9rit\u00e9 fera de vous des hommes libres. \u00bb Traduction \u0152cum\u00e9nique de la Bible&#8230;<\/p>\n","protected":false},"author":4,"featured_media":3275,"comment_status":"open","ping_status":"open","sticky":false,"template":"","format":"standard","meta":{"footnotes":""},"categories":[30],"tags":[655,70,654],"class_list":["post-3267","post","type-post","status-publish","format-standard","has-post-thumbnail","hentry","category-enseignements","tag-jean-831-32","tag-la-foi","tag-la-liberte-dans-la-foi"],"yoast_head":"<!-- This site is optimized with the Yoast SEO plugin v27.3 - https:\/\/yoast.com\/product\/yoast-seo-wordpress\/ -->\n<title>JEAN 8.31-32 LA FOI V\u00c9RITABLE - Eglise Matthania<\/title>\n<meta name=\"robots\" content=\"index, follow, max-snippet:-1, max-image-preview:large, max-video-preview:-1\" \/>\n<link rel=\"canonical\" href=\"https:\/\/eglisematthania.com\/index.php\/2026\/03\/08\/jean-8-31-32-la-foi-veritable\/\" \/>\n<meta property=\"og:locale\" content=\"fr_FR\" \/>\n<meta property=\"og:type\" content=\"article\" \/>\n<meta property=\"og:title\" content=\"JEAN 8.31-32 LA FOI V\u00c9RITABLE - Eglise Matthania\" \/>\n<meta property=\"og:description\" content=\"Pr\u00e9dication culte du dimanche 08 mars 2026 par le pasteur Claude Missidimbazi \u00ab31&nbsp;J\u00e9sus donc dit aux Juifs qui avaient cru en lui : \u00ab Si vous demeurez dans ma parole, vous \u00eates vraiment mes disciples, 32 vous conna\u00eetrez la v\u00e9rit\u00e9 et la v\u00e9rit\u00e9 fera de vous des hommes libres. \u00bb Traduction \u0152cum\u00e9nique de la Bible...\" \/>\n<meta property=\"og:url\" content=\"https:\/\/eglisematthania.com\/index.php\/2026\/03\/08\/jean-8-31-32-la-foi-veritable\/\" \/>\n<meta property=\"og:site_name\" content=\"Eglise Matthania\" \/>\n<meta property=\"article:published_time\" content=\"2026-03-08T20:24:49+00:00\" \/>\n<meta property=\"article:modified_time\" content=\"2026-03-29T20:39:38+00:00\" \/>\n<meta property=\"og:image\" content=\"https:\/\/eglisematthania.com\/wp-content\/uploads\/2026\/03\/Veritable-foi.jpg\" \/>\n\t<meta property=\"og:image:width\" content=\"1279\" \/>\n\t<meta property=\"og:image:height\" content=\"854\" \/>\n\t<meta property=\"og:image:type\" content=\"image\/jpeg\" \/>\n<meta name=\"author\" content=\"Redaction Matthania\" \/>\n<meta name=\"twitter:card\" content=\"summary_large_image\" \/>\n<meta name=\"twitter:label1\" content=\"\u00c9crit par\" \/>\n\t<meta name=\"twitter:data1\" content=\"Redaction Matthania\" \/>\n\t<meta name=\"twitter:label2\" content=\"Dur\u00e9e de lecture estim\u00e9e\" \/>\n\t<meta name=\"twitter:data2\" content=\"12 minutes\" \/>\n<script type=\"application\/ld+json\" class=\"yoast-schema-graph\">{\"@context\":\"https:\\\/\\\/schema.org\",\"@graph\":[{\"@type\":\"Article\",\"@id\":\"https:\\\/\\\/eglisematthania.com\\\/index.php\\\/2026\\\/03\\\/08\\\/jean-8-31-32-la-foi-veritable\\\/#article\",\"isPartOf\":{\"@id\":\"https:\\\/\\\/eglisematthania.com\\\/index.php\\\/2026\\\/03\\\/08\\\/jean-8-31-32-la-foi-veritable\\\/\"},\"author\":{\"name\":\"Redaction Matthania\",\"@id\":\"https:\\\/\\\/eglisematthania.com\\\/#\\\/schema\\\/person\\\/dc8a6a5622532e51764c11fddb8c52a3\"},\"headline\":\"JEAN 8.31-32 LA FOI V\u00c9RITABLE\",\"datePublished\":\"2026-03-08T20:24:49+00:00\",\"dateModified\":\"2026-03-29T20:39:38+00:00\",\"mainEntityOfPage\":{\"@id\":\"https:\\\/\\\/eglisematthania.com\\\/index.php\\\/2026\\\/03\\\/08\\\/jean-8-31-32-la-foi-veritable\\\/\"},\"wordCount\":2682,\"commentCount\":0,\"publisher\":{\"@id\":\"https:\\\/\\\/eglisematthania.com\\\/#organization\"},\"image\":{\"@id\":\"https:\\\/\\\/eglisematthania.com\\\/index.php\\\/2026\\\/03\\\/08\\\/jean-8-31-32-la-foi-veritable\\\/#primaryimage\"},\"thumbnailUrl\":\"https:\\\/\\\/eglisematthania.com\\\/wp-content\\\/uploads\\\/2026\\\/03\\\/Veritable-foi.jpg\",\"keywords\":[\"Jean 8:31-32\",\"la foi\",\"La libert\u00e9 dans la foi\"],\"articleSection\":[\"Enseignements\"],\"inLanguage\":\"fr-FR\",\"potentialAction\":[{\"@type\":\"CommentAction\",\"name\":\"Comment\",\"target\":[\"https:\\\/\\\/eglisematthania.com\\\/index.php\\\/2026\\\/03\\\/08\\\/jean-8-31-32-la-foi-veritable\\\/#respond\"]}]},{\"@type\":\"WebPage\",\"@id\":\"https:\\\/\\\/eglisematthania.com\\\/index.php\\\/2026\\\/03\\\/08\\\/jean-8-31-32-la-foi-veritable\\\/\",\"url\":\"https:\\\/\\\/eglisematthania.com\\\/index.php\\\/2026\\\/03\\\/08\\\/jean-8-31-32-la-foi-veritable\\\/\",\"name\":\"JEAN 8.31-32 LA FOI V\u00c9RITABLE - Eglise Matthania\",\"isPartOf\":{\"@id\":\"https:\\\/\\\/eglisematthania.com\\\/#website\"},\"primaryImageOfPage\":{\"@id\":\"https:\\\/\\\/eglisematthania.com\\\/index.php\\\/2026\\\/03\\\/08\\\/jean-8-31-32-la-foi-veritable\\\/#primaryimage\"},\"image\":{\"@id\":\"https:\\\/\\\/eglisematthania.com\\\/index.php\\\/2026\\\/03\\\/08\\\/jean-8-31-32-la-foi-veritable\\\/#primaryimage\"},\"thumbnailUrl\":\"https:\\\/\\\/eglisematthania.com\\\/wp-content\\\/uploads\\\/2026\\\/03\\\/Veritable-foi.jpg\",\"datePublished\":\"2026-03-08T20:24:49+00:00\",\"dateModified\":\"2026-03-29T20:39:38+00:00\",\"breadcrumb\":{\"@id\":\"https:\\\/\\\/eglisematthania.com\\\/index.php\\\/2026\\\/03\\\/08\\\/jean-8-31-32-la-foi-veritable\\\/#breadcrumb\"},\"inLanguage\":\"fr-FR\",\"potentialAction\":[{\"@type\":\"ReadAction\",\"target\":[\"https:\\\/\\\/eglisematthania.com\\\/index.php\\\/2026\\\/03\\\/08\\\/jean-8-31-32-la-foi-veritable\\\/\"]}]},{\"@type\":\"ImageObject\",\"inLanguage\":\"fr-FR\",\"@id\":\"https:\\\/\\\/eglisematthania.com\\\/index.php\\\/2026\\\/03\\\/08\\\/jean-8-31-32-la-foi-veritable\\\/#primaryimage\",\"url\":\"https:\\\/\\\/eglisematthania.com\\\/wp-content\\\/uploads\\\/2026\\\/03\\\/Veritable-foi.jpg\",\"contentUrl\":\"https:\\\/\\\/eglisematthania.com\\\/wp-content\\\/uploads\\\/2026\\\/03\\\/Veritable-foi.jpg\",\"width\":1279,\"height\":854},{\"@type\":\"BreadcrumbList\",\"@id\":\"https:\\\/\\\/eglisematthania.com\\\/index.php\\\/2026\\\/03\\\/08\\\/jean-8-31-32-la-foi-veritable\\\/#breadcrumb\",\"itemListElement\":[{\"@type\":\"ListItem\",\"position\":1,\"name\":\"Accueil\",\"item\":\"https:\\\/\\\/eglisematthania.com\\\/\"},{\"@type\":\"ListItem\",\"position\":2,\"name\":\"JEAN 8.31-32 LA FOI V\u00c9RITABLE\"}]},{\"@type\":\"WebSite\",\"@id\":\"https:\\\/\\\/eglisematthania.com\\\/#website\",\"url\":\"https:\\\/\\\/eglisematthania.com\\\/\",\"name\":\"Eglise Matthania\",\"description\":\"\u00e9glise Protestante \u00e9vang\u00e9lique\",\"publisher\":{\"@id\":\"https:\\\/\\\/eglisematthania.com\\\/#organization\"},\"potentialAction\":[{\"@type\":\"SearchAction\",\"target\":{\"@type\":\"EntryPoint\",\"urlTemplate\":\"https:\\\/\\\/eglisematthania.com\\\/?s={search_term_string}\"},\"query-input\":{\"@type\":\"PropertyValueSpecification\",\"valueRequired\":true,\"valueName\":\"search_term_string\"}}],\"inLanguage\":\"fr-FR\"},{\"@type\":\"Organization\",\"@id\":\"https:\\\/\\\/eglisematthania.com\\\/#organization\",\"name\":\"Eglise Protestante \u00c9vang\u00e9lique Matthania\",\"url\":\"https:\\\/\\\/eglisematthania.com\\\/\",\"logo\":{\"@type\":\"ImageObject\",\"inLanguage\":\"fr-FR\",\"@id\":\"https:\\\/\\\/eglisematthania.com\\\/#\\\/schema\\\/logo\\\/image\\\/\",\"url\":\"https:\\\/\\\/eglisematthania.com\\\/wp-content\\\/uploads\\\/2020\\\/03\\\/LogoSite3.png\",\"contentUrl\":\"https:\\\/\\\/eglisematthania.com\\\/wp-content\\\/uploads\\\/2020\\\/03\\\/LogoSite3.png\",\"width\":258,\"height\":55,\"caption\":\"Eglise Protestante \u00c9vang\u00e9lique Matthania\"},\"image\":{\"@id\":\"https:\\\/\\\/eglisematthania.com\\\/#\\\/schema\\\/logo\\\/image\\\/\"}},{\"@type\":\"Person\",\"@id\":\"https:\\\/\\\/eglisematthania.com\\\/#\\\/schema\\\/person\\\/dc8a6a5622532e51764c11fddb8c52a3\",\"name\":\"Redaction Matthania\",\"image\":{\"@type\":\"ImageObject\",\"inLanguage\":\"fr-FR\",\"@id\":\"https:\\\/\\\/secure.gravatar.com\\\/avatar\\\/1414a88924072fc6032a395f2bd8af30fee21e82332dcb7070d57fee67ed5b6b?s=96&d=mm&r=g\",\"url\":\"https:\\\/\\\/secure.gravatar.com\\\/avatar\\\/1414a88924072fc6032a395f2bd8af30fee21e82332dcb7070d57fee67ed5b6b?s=96&d=mm&r=g\",\"contentUrl\":\"https:\\\/\\\/secure.gravatar.com\\\/avatar\\\/1414a88924072fc6032a395f2bd8af30fee21e82332dcb7070d57fee67ed5b6b?s=96&d=mm&r=g\",\"caption\":\"Redaction Matthania\"},\"url\":\"https:\\\/\\\/eglisematthania.com\\\/index.php\\\/author\\\/redaction-matthania\\\/\"}]}<\/script>\n<!-- \/ Yoast SEO plugin. -->","yoast_head_json":{"title":"JEAN 8.31-32 LA FOI V\u00c9RITABLE - Eglise Matthania","robots":{"index":"index","follow":"follow","max-snippet":"max-snippet:-1","max-image-preview":"max-image-preview:large","max-video-preview":"max-video-preview:-1"},"canonical":"https:\/\/eglisematthania.com\/index.php\/2026\/03\/08\/jean-8-31-32-la-foi-veritable\/","og_locale":"fr_FR","og_type":"article","og_title":"JEAN 8.31-32 LA FOI V\u00c9RITABLE - Eglise Matthania","og_description":"Pr\u00e9dication culte du dimanche 08 mars 2026 par le pasteur Claude Missidimbazi \u00ab31&nbsp;J\u00e9sus donc dit aux Juifs qui avaient cru en lui : \u00ab Si vous demeurez dans ma parole, vous \u00eates vraiment mes disciples, 32 vous conna\u00eetrez la v\u00e9rit\u00e9 et la v\u00e9rit\u00e9 fera de vous des hommes libres. \u00bb Traduction \u0152cum\u00e9nique de la Bible...","og_url":"https:\/\/eglisematthania.com\/index.php\/2026\/03\/08\/jean-8-31-32-la-foi-veritable\/","og_site_name":"Eglise Matthania","article_published_time":"2026-03-08T20:24:49+00:00","article_modified_time":"2026-03-29T20:39:38+00:00","og_image":[{"width":1279,"height":854,"url":"https:\/\/eglisematthania.com\/wp-content\/uploads\/2026\/03\/Veritable-foi.jpg","type":"image\/jpeg"}],"author":"Redaction Matthania","twitter_card":"summary_large_image","twitter_misc":{"\u00c9crit par":"Redaction Matthania","Dur\u00e9e de lecture estim\u00e9e":"12 minutes"},"schema":{"@context":"https:\/\/schema.org","@graph":[{"@type":"Article","@id":"https:\/\/eglisematthania.com\/index.php\/2026\/03\/08\/jean-8-31-32-la-foi-veritable\/#article","isPartOf":{"@id":"https:\/\/eglisematthania.com\/index.php\/2026\/03\/08\/jean-8-31-32-la-foi-veritable\/"},"author":{"name":"Redaction Matthania","@id":"https:\/\/eglisematthania.com\/#\/schema\/person\/dc8a6a5622532e51764c11fddb8c52a3"},"headline":"JEAN 8.31-32 LA FOI V\u00c9RITABLE","datePublished":"2026-03-08T20:24:49+00:00","dateModified":"2026-03-29T20:39:38+00:00","mainEntityOfPage":{"@id":"https:\/\/eglisematthania.com\/index.php\/2026\/03\/08\/jean-8-31-32-la-foi-veritable\/"},"wordCount":2682,"commentCount":0,"publisher":{"@id":"https:\/\/eglisematthania.com\/#organization"},"image":{"@id":"https:\/\/eglisematthania.com\/index.php\/2026\/03\/08\/jean-8-31-32-la-foi-veritable\/#primaryimage"},"thumbnailUrl":"https:\/\/eglisematthania.com\/wp-content\/uploads\/2026\/03\/Veritable-foi.jpg","keywords":["Jean 8:31-32","la foi","La libert\u00e9 dans la foi"],"articleSection":["Enseignements"],"inLanguage":"fr-FR","potentialAction":[{"@type":"CommentAction","name":"Comment","target":["https:\/\/eglisematthania.com\/index.php\/2026\/03\/08\/jean-8-31-32-la-foi-veritable\/#respond"]}]},{"@type":"WebPage","@id":"https:\/\/eglisematthania.com\/index.php\/2026\/03\/08\/jean-8-31-32-la-foi-veritable\/","url":"https:\/\/eglisematthania.com\/index.php\/2026\/03\/08\/jean-8-31-32-la-foi-veritable\/","name":"JEAN 8.31-32 LA FOI V\u00c9RITABLE - Eglise Matthania","isPartOf":{"@id":"https:\/\/eglisematthania.com\/#website"},"primaryImageOfPage":{"@id":"https:\/\/eglisematthania.com\/index.php\/2026\/03\/08\/jean-8-31-32-la-foi-veritable\/#primaryimage"},"image":{"@id":"https:\/\/eglisematthania.com\/index.php\/2026\/03\/08\/jean-8-31-32-la-foi-veritable\/#primaryimage"},"thumbnailUrl":"https:\/\/eglisematthania.com\/wp-content\/uploads\/2026\/03\/Veritable-foi.jpg","datePublished":"2026-03-08T20:24:49+00:00","dateModified":"2026-03-29T20:39:38+00:00","breadcrumb":{"@id":"https:\/\/eglisematthania.com\/index.php\/2026\/03\/08\/jean-8-31-32-la-foi-veritable\/#breadcrumb"},"inLanguage":"fr-FR","potentialAction":[{"@type":"ReadAction","target":["https:\/\/eglisematthania.com\/index.php\/2026\/03\/08\/jean-8-31-32-la-foi-veritable\/"]}]},{"@type":"ImageObject","inLanguage":"fr-FR","@id":"https:\/\/eglisematthania.com\/index.php\/2026\/03\/08\/jean-8-31-32-la-foi-veritable\/#primaryimage","url":"https:\/\/eglisematthania.com\/wp-content\/uploads\/2026\/03\/Veritable-foi.jpg","contentUrl":"https:\/\/eglisematthania.com\/wp-content\/uploads\/2026\/03\/Veritable-foi.jpg","width":1279,"height":854},{"@type":"BreadcrumbList","@id":"https:\/\/eglisematthania.com\/index.php\/2026\/03\/08\/jean-8-31-32-la-foi-veritable\/#breadcrumb","itemListElement":[{"@type":"ListItem","position":1,"name":"Accueil","item":"https:\/\/eglisematthania.com\/"},{"@type":"ListItem","position":2,"name":"JEAN 8.31-32 LA FOI V\u00c9RITABLE"}]},{"@type":"WebSite","@id":"https:\/\/eglisematthania.com\/#website","url":"https:\/\/eglisematthania.com\/","name":"Eglise Matthania","description":"\u00e9glise Protestante \u00e9vang\u00e9lique","publisher":{"@id":"https:\/\/eglisematthania.com\/#organization"},"potentialAction":[{"@type":"SearchAction","target":{"@type":"EntryPoint","urlTemplate":"https:\/\/eglisematthania.com\/?s={search_term_string}"},"query-input":{"@type":"PropertyValueSpecification","valueRequired":true,"valueName":"search_term_string"}}],"inLanguage":"fr-FR"},{"@type":"Organization","@id":"https:\/\/eglisematthania.com\/#organization","name":"Eglise Protestante \u00c9vang\u00e9lique Matthania","url":"https:\/\/eglisematthania.com\/","logo":{"@type":"ImageObject","inLanguage":"fr-FR","@id":"https:\/\/eglisematthania.com\/#\/schema\/logo\/image\/","url":"https:\/\/eglisematthania.com\/wp-content\/uploads\/2020\/03\/LogoSite3.png","contentUrl":"https:\/\/eglisematthania.com\/wp-content\/uploads\/2020\/03\/LogoSite3.png","width":258,"height":55,"caption":"Eglise Protestante \u00c9vang\u00e9lique Matthania"},"image":{"@id":"https:\/\/eglisematthania.com\/#\/schema\/logo\/image\/"}},{"@type":"Person","@id":"https:\/\/eglisematthania.com\/#\/schema\/person\/dc8a6a5622532e51764c11fddb8c52a3","name":"Redaction Matthania","image":{"@type":"ImageObject","inLanguage":"fr-FR","@id":"https:\/\/secure.gravatar.com\/avatar\/1414a88924072fc6032a395f2bd8af30fee21e82332dcb7070d57fee67ed5b6b?s=96&d=mm&r=g","url":"https:\/\/secure.gravatar.com\/avatar\/1414a88924072fc6032a395f2bd8af30fee21e82332dcb7070d57fee67ed5b6b?s=96&d=mm&r=g","contentUrl":"https:\/\/secure.gravatar.com\/avatar\/1414a88924072fc6032a395f2bd8af30fee21e82332dcb7070d57fee67ed5b6b?s=96&d=mm&r=g","caption":"Redaction Matthania"},"url":"https:\/\/eglisematthania.com\/index.php\/author\/redaction-matthania\/"}]}},"_links":{"self":[{"href":"https:\/\/eglisematthania.com\/index.php\/wp-json\/wp\/v2\/posts\/3267","targetHints":{"allow":["GET"]}}],"collection":[{"href":"https:\/\/eglisematthania.com\/index.php\/wp-json\/wp\/v2\/posts"}],"about":[{"href":"https:\/\/eglisematthania.com\/index.php\/wp-json\/wp\/v2\/types\/post"}],"author":[{"embeddable":true,"href":"https:\/\/eglisematthania.com\/index.php\/wp-json\/wp\/v2\/users\/4"}],"replies":[{"embeddable":true,"href":"https:\/\/eglisematthania.com\/index.php\/wp-json\/wp\/v2\/comments?post=3267"}],"version-history":[{"count":1,"href":"https:\/\/eglisematthania.com\/index.php\/wp-json\/wp\/v2\/posts\/3267\/revisions"}],"predecessor-version":[{"id":3268,"href":"https:\/\/eglisematthania.com\/index.php\/wp-json\/wp\/v2\/posts\/3267\/revisions\/3268"}],"wp:featuredmedia":[{"embeddable":true,"href":"https:\/\/eglisematthania.com\/index.php\/wp-json\/wp\/v2\/media\/3275"}],"wp:attachment":[{"href":"https:\/\/eglisematthania.com\/index.php\/wp-json\/wp\/v2\/media?parent=3267"}],"wp:term":[{"taxonomy":"category","embeddable":true,"href":"https:\/\/eglisematthania.com\/index.php\/wp-json\/wp\/v2\/categories?post=3267"},{"taxonomy":"post_tag","embeddable":true,"href":"https:\/\/eglisematthania.com\/index.php\/wp-json\/wp\/v2\/tags?post=3267"}],"curies":[{"name":"wp","href":"https:\/\/api.w.org\/{rel}","templated":true}]}}