{"id":2628,"date":"2024-04-22T10:21:43","date_gmt":"2024-04-22T08:21:43","guid":{"rendered":"https:\/\/eglisematthania.com\/?p=2628"},"modified":"2024-04-22T10:22:32","modified_gmt":"2024-04-22T08:22:32","slug":"jean-21-1-17-lapparition-de-jesus-pres-de-la-mer-de-tiberiade","status":"publish","type":"post","link":"https:\/\/eglisematthania.com\/index.php\/2024\/04\/22\/jean-21-1-17-lapparition-de-jesus-pres-de-la-mer-de-tiberiade\/","title":{"rendered":"JEAN 21.1-17 L\u2019APPARITION DE J\u00c9SUS PR\u00c8S DE LA MER DE TIB\u00c9RIADE"},"content":{"rendered":"\n<h2 class=\"wp-block-heading\">Pr\u00e9dication culte du 21 avril par le Fr\u00e8re Fortun\u00e9 Massamba <\/h2>\n\n\n\n<p><em>\u00ab&nbsp;Apr\u00e8s cela, J\u00e9sus se montra encore aux disciples, sur les bords de la mer de Tib\u00e9riade. Et voici de quelle mani\u00e8re il se montra. Simon Pierre, Thomas, appel\u00e9 Didyme, Nathana\u00ebl, de Cana en Galil\u00e9e, les fils de Z\u00e9b\u00e9d\u00e9e, et deux autres disciples de J\u00e9sus, \u00e9taient ensemble. Simon Pierre leur dit: Je vais p\u00eacher. Ils lui dirent: Nous allons aussi avec toi. Ils sortirent et mont\u00e8rent dans une barque, et cette nuit-l\u00e0 ils ne prirent rien. Le matin \u00e9tant venu, J\u00e9sus se trouva sur le rivage; mais les disciples ne savaient pas que c\u2019\u00e9tait J\u00e9sus. J\u00e9sus leur dit: Enfants, n\u2019avez-vous rien \u00e0 manger? Ils lui r\u00e9pondirent: Non. Il leur dit: Jetez le filet du c\u00f4t\u00e9 droit de la barque, et vous trouverez. Ils le jet\u00e8rent donc, et ils ne pouvaient plus le retirer, \u00e0 cause de la grande quantit\u00e9 de poissons. Alors le disciple que J\u00e9sus aimait dit \u00e0 Pierre: C\u2019est le Seigneur! Et Simon Pierre, d\u00e8s qu\u2019il eut entendu que c\u2019\u00e9tait le Seigneur, mit son v\u00eatement et sa ceinture, car il \u00e9tait nu, et se jeta dans la mer. Les autres disciples vinrent avec la barque, tirant le filet plein de poissons, car ils n\u2019\u00e9taient \u00e9loign\u00e9s de terre que d\u2019environ deux cents coud\u00e9es. Lorsqu\u2019ils furent descendus \u00e0 terre, ils virent l\u00e0 des charbons allum\u00e9s, du poisson dessus, et du pain. J\u00e9sus leur dit: Apportez des poissons que vous venez de prendre. Simon Pierre monta dans la barque, et tira \u00e0 terre le filet plein de cent cinquante-trois grands poissons; et quoiqu\u2019il y en e\u00fbt tant, le filet ne se rompit point. J\u00e9sus leur dit: Venez, mangez. Et aucun des disciples n\u2019osait lui demander: Qui es-tu? Sachant que c\u2019\u00e9tait le Seigneur. J\u00e9sus s\u2019approcha, prit le pain, et leur en donna; il fit de m\u00eame du poisson. C\u2019\u00e9tait d\u00e9j\u00e0 la troisi\u00e8me fois que J\u00e9sus se montrait \u00e0 ses disciples depuis qu\u2019il \u00e9tait ressuscit\u00e9 des morts. Apr\u00e8s qu\u2019ils eurent mang\u00e9, J\u00e9sus dit \u00e0 Simon Pierre: Simon, fils de Jonas, m\u2019aimes-tu plus que ne m\u2019aiment ceux-ci? Il lui r\u00e9pondit: Oui, Seigneur, tu sais que je t\u2019aime. J\u00e9sus lui dit: Pais mes agneaux. Il lui dit une seconde fois: Simon, fils de Jonas, m\u2019aimes-tu? Pierre lui r\u00e9pondit: Oui, Seigneur, tu sais que je t\u2019aime. J\u00e9sus lui dit: Pais mes brebis. Il lui dit pour la troisi\u00e8me fois: Simon, fils de Jonas, m\u2019aimes-tu? Pierre fut attrist\u00e9 de ce qu\u2019il lui avait dit pour la troisi\u00e8me fois: M\u2019aimes-tu? Et il lui r\u00e9pondit: Seigneur, tu sais toutes choses, tu sais que je t\u2019aime. J\u00e9sus lui dit: Pais mes brebis.&nbsp;\u00bb<\/em><\/p>\n\n\n\n<p>\u202d\u202dJean\u202c \u202d21\u202c.1\u202c-\u202d17\u202c<\/p>\n\n\n\n<h3 class=\"wp-block-heading\">Introduction<\/h3>\n\n\n\n<p>Apr\u00e8s Sa crucifixion, Sa mort et Sa resurrection, le Christ J\u00e9sus est apparu plusieurs fois \u00e0 Ses disciples.<\/p>\n\n\n\n<p>Il est apparu en premier \u00e0 Marie de Magdala (Marc 16.9), et aux autres femmes au tombeau.<\/p>\n\n\n\n<p>Il est aussi apparu aux disciples sur le chemin d\u2019Emma\u00fcs, \u00e0 Pierre et aux disciples \u00e0 J\u00e9rusalem, et tant d\u2019autres (1 Corinthiens 15.5-7).&nbsp;<\/p>\n\n\n\n<p>La R\u00e9surrection est le fondement de la foi chr\u00e9tienne.<\/p>\n\n\n\n<p>Ceux qui ont affirm\u00e9 avoir vu le Christ ressuscit\u00e9 ont boulevers\u00e9 le monde.<\/p>\n\n\n\n<p>Mais si J\u00e9sus est r\u00e9ellement sorti du tombeau, qui L\u2019a vu ? Quelle est la valeur de ces t\u00e9moignages ?<\/p>\n\n\n\n<h3 class=\"wp-block-heading\">Le contexte<\/h3>\n\n\n\n<p>Notre texte commence par&nbsp;<em>\u00ab&nbsp;Apr\u00e8s cela&nbsp;\u00bb<\/em>.<\/p>\n\n\n\n<p>Il y a eu auparavant, la confrontation du Christ J\u00e9sus avec Son disciple Thomas qui doutait de Sa r\u00e9surrection (Jean 20.24-29).<\/p>\n\n\n\n<p><em>\u00ab&nbsp;Apr\u00e8s cela, J\u00e9sus se montra encore aux disciples, sur les bords de la mer de Tib\u00e9riade. \u00bb<\/em>&nbsp;(v.1)<\/p>\n\n\n\n<p>C\u2019est sur les rives de la mer de Tib\u00e9riade, encore appel\u00e9e mer de Galil\u00e9e, que notre r\u00e9cit prend place.<\/p>\n\n\n\n<p>C\u2019est sur les rives, et parfois sur les eaux, de cette merveilleuse et parfois redoutable petite mer, que se d\u00e9roule une bonne partie de la vie publique du Christ J\u00e9sus.<\/p>\n\n\n\n<p>Beaucoup des plus s\u00e9duisants \u00e9pisodes rapport\u00e9s par les \u00e9vang\u00e9listes s\u2019y passent.<\/p>\n\n\n\n<p>Comme par exemple :<\/p>\n\n\n\n<ul class=\"wp-block-list\">\n<li>L\u2019appel d\u00e9finitif des premiers disciples (Matthieu\u00a04.18-22)<\/li>\n\n\n\n<li>La temp\u00eate apais\u00e9e (Matthieu 8.23-27)<\/li>\n\n\n\n<li>La marche sur la mer (Matthieu 14.22-33)<\/li>\n<\/ul>\n\n\n\n<p>C\u2019est donc dans un endroit familier, bien connu de Ses disciples, que le Christ Se montre de nouveau \u00e0 eux.&nbsp;<\/p>\n\n\n\n<p><em>\u00ab&nbsp;Simon Pierre, Thomas, appel\u00e9 Didyme, Nathana\u00ebl, de Cana en Galil\u00e9e, les fils de Z\u00e9b\u00e9d\u00e9e, et deux autres disciples de J\u00e9sus, \u00e9taient ensemble.&nbsp;Simon Pierre leur dit: Je vais p\u00eacher. Ils lui dirent : Nous allons aussi avec toi. \u00bb<\/em>&nbsp;(v.2\u202c-3)<\/p>\n\n\n\n<p>L\u2019ap\u00f4tre Pierre prend l\u2019initiative d\u2019aller p\u00eacher au cours de la nuit.&nbsp;<\/p>\n\n\n\n<p>Avec ses compagnons, ils d\u00e9cident de renouer avec leur m\u00e9tier de p\u00eacheurs.&nbsp;<\/p>\n\n\n\n<p>M\u00eame si le Christ est ressuscit\u00e9, Il n\u2019est plus l\u00e0 avec eux et la vie semble devoir reprendre son cours.<\/p>\n\n\n\n<p><em>\u00ab&nbsp;Cette nuit l\u00e0, ils ne prirent rien.&nbsp;\u00bb<\/em>&nbsp;(v.3)<\/p>\n\n\n\n<p>Malgr\u00e9 le fait qu\u2019il s\u2019agissait de p\u00eacheurs aguerris, et qu\u2019ils se sont activ\u00e9s la nuit qui est le moment propice pour prendre du poisson, les disciples sont sortis bredouilles de leur p\u00eache nocturne.<\/p>\n\n\n\n<h3 class=\"wp-block-heading\">Une p\u00eache miraculeuse<\/h3>\n\n\n\n<p><em>\u00ab&nbsp;Le matin \u00e9tant venu, J\u00e9sus se trouva sur le rivage; mais les disciples ne savaient pas que c\u2019\u00e9tait J\u00e9sus.&nbsp;\u00bb<\/em>&nbsp;(v.4)<\/p>\n\n\n\n<p>En r\u00e9alit\u00e9, le Seigneur a manifest\u00e9 Sa pr\u00e9sence ici pour fortifier la foi de Ses disciples.<\/p>\n\n\n\n<p><em>\u00ab&nbsp;Il leur dit : Jetez le filet du c\u00f4t\u00e9 droit de la barque, et vous trouverez.&nbsp;\u00bb<\/em>&nbsp;(v.6)<\/p>\n\n\n\n<p>Le verset 6 nous relate comme le Christ leur commande, avec pr\u00e9cision, de jeter leur filet du c\u00f4t\u00e9 droit de leur bateau.<\/p>\n\n\n\n<p>Sur cette parole du S eigneur, les disciples&nbsp;<em>\u00ab&nbsp; jet\u00e8rent donc, et ils ne pouvaient plus le retirer, \u00e0 cause de la grande quantit\u00e9 de poissons.&nbsp;\u00bb<\/em>&nbsp;(v.6)<\/p>\n\n\n\n<p>En agissant sur la base de la parole du Christ J\u00e9sus, l\u00e0 o\u00f9 les disciples ne purent prendre aucun poisson durant toute une nuit, ils ont remont\u00e9 instantan\u00e9ment 153 gros poissons.<\/p>\n\n\n\n<p>Pouvait-il en \u00eatre autrement alors qu\u2019ils ont agi sur la base de la parole de Celui qui a fait le Ciel, la Terre, Celui qui a cr\u00e9\u00e9 toutes choses et qui a toute autorit\u00e9 sur la nature, omnipotent et omniscient ?<\/p>\n\n\n\n<p><em>\u00ab&nbsp;J\u00e9sus Christ est le m\u00eame hier, aujourd&rsquo;hui, et \u00e9ternellement.&nbsp;\u00bb<\/em>&nbsp;(H\u00e9breux 13.8)<\/p>\n\n\n\n<p>Le Christ J\u00e9sus, le Ressuscit\u00e9 continue \u00e0 faire des miracles et des signes, comme avant Sa mort et Sa r\u00e9surrection. Et Il continue \u00e0 en faire encore aujourd\u2019hui.<\/p>\n\n\n\n<p><em>\u00ab&nbsp;Alors le disciple que J\u00e9sus aimait dit \u00e0 Pierre : C\u2019est le Seigneur !&nbsp;\u00bb<\/em>&nbsp;(v.7)<\/p>\n\n\n\n<p>\u00c0 l\u2019aune de ce qui s\u2019est pass\u00e9, le disciple que J\u00e9sus aimait a compris tr\u00e8s vite que celui qui \u00e9tait sur le rivage est le S.eigneur, le Ma\u00eetre J\u00e9sus Christ.<\/p>\n\n\n\n<p>Cette \u00e9pisode nous rappelle l\u2019\u00e9v\u00e9nement rapport\u00e9 dans les d\u00e9buts de l\u2019Evangile selon Luc, lors de l\u2019appel et la vocation des trois disciples Jacques, Jean et Pierre :&nbsp;<em>\u00ab&nbsp;Lorsqu\u2019il eut cess\u00e9 de parler, il dit \u00e0 Simon : Avance en pleine eau, et jetez vos filets pour p\u00eacher. Simon lui r\u00e9pondit : Ma\u00eetre, nous avons travaill\u00e9 toute la nuit sans rien prendre; mais, sur ta parole, je jetterai le filet. L\u2019ayant jet\u00e9, ils prirent une grande quantit\u00e9 de poissons, et leur filet se rompait. Ils firent signe \u00e0 leurs compagnons qui \u00e9taient dans l\u2019autre barque de venir les aider. Ils vinrent et ils remplirent les deux barques, au point qu\u2019elles enfon\u00e7aient. Quand il vit cela, Simon Pierre tomba aux genoux de J\u00e9sus, et dit : Seigneur, retire-toi de moi, parce que je suis un homme p\u00e9cheur. [\u2026] Alors J\u00e9sus dit \u00e0 Simon : Ne crains point; d\u00e9sormais tu seras p\u00eacheur d\u2019hommes.&nbsp;\u00bb<\/em>&nbsp;(Luc\u202c \u202d5\u202c:\u202d4\u202c-\u202d8\u202c, \u202d10\u202c)<\/p>\n\n\n\n<p>Dans les deux cas, le Seigneur J\u00e9sus a parl\u00e9, les disciples ont ob\u00e9i et agi, et le miracle s\u2019est produit.<\/p>\n\n\n\n<p>En agissant sur la base de la parole de J\u00e9sus, le r\u00e9sultat est exceptionnel !<\/p>\n\n\n\n<p>\u00c0 l\u2019exemple de ces premiers disciples du Christ : ob\u00e9issons \u00e0 la parole de Dieu.<\/p>\n\n\n\n<p><strong><em>\u00ab&nbsp;<\/em><\/strong><em>J\u00e9sus leur dit: Enfants, n&rsquo;avez-vous rien \u00e0 manger ? Ils lui r\u00e9pondirent : Non.&nbsp;\u00bb<\/em>&nbsp;(v.5)<\/p>\n\n\n\n<p><strong><em>\u00ab&nbsp;<\/em><\/strong><em>Lorsqu&rsquo;ils furent descendus \u00e0 terre, ils virent l\u00e0 des charbons allum\u00e9s, du poisson dessus, et du pain.&nbsp;\u00bb<\/em>&nbsp;(v.9)<\/p>\n\n\n\n<p>Lorsque les disciples d\u00e9barquent, le<\/p>\n\n\n\n<p>Christ J\u00e9sus les invitent \u00e0 manger : tout est pr\u00eat.<\/p>\n\n\n\n<p>Le Christ J\u00e9sus savait qu\u2019ils \u00e9taient \u00e9puis\u00e9s, fatigu\u00e9s de leur dure nuit de labeur, et Il est ce bon berger qui prend soin de Ses brebis, qui S\u2019int\u00e9resse \u00e0 tous les d\u00e9tails de leur vie !<\/p>\n\n\n\n<p>Le Ressuscit\u00e9 prend aussi soin de nous aujourd\u2019hui, comme Il le fit hier pour Ses disciples : Son amour est ind\u00e9fectible !<\/p>\n\n\n\n<h3 class=\"wp-block-heading\">Aimons-nous J\u00e9sus ?<\/h3>\n\n\n\n<p>\u00c0 partir du verset 15, un \u00e9change va s\u2019installer entre le Christ J\u00e9sus et Simon Pierre.<\/p>\n\n\n\n<p><em>\u00ab&nbsp;Apr\u00e8s qu&rsquo;ils eurent mang\u00e9, J\u00e9sus dit \u00e0 Simon Pierre : Simon, fils de Jonas, m&rsquo;aimes-tu plus que ne m&rsquo;aiment ceux-ci ? Il lui r\u00e9pondit : Oui, Seigneur, tu sais que je t&rsquo;aime. J\u00e9sus lui dit : Pais mes agneaux.&nbsp;\u00bb<\/em>&nbsp;(v.15)<\/p>\n\n\n\n<p>Le Christ semble vouloir comparer l\u2019amour de Pierre \u00e0 celui des autres disciples.<\/p>\n\n\n\n<p>Il utilise le verbe grec \u00ab&nbsp;agapao&nbsp;(\u1f00\u03b3\u03b1\u03c0\u03ac\u03c9)\u00bb, l\u2019amour qui va jusqu\u2019au sacrifice de soi.<\/p>\n\n\n\n<p>Il demande encore une seconde fois (v.16),&nbsp;<em>\u00ab&nbsp;m\u2019aimes tu&nbsp;?&nbsp;\u00bb<\/em>&nbsp;en utilisant le m\u00eame terme.<\/p>\n\n\n\n<p>Mais lorsqu\u2019il demande pour la troisi\u00e8me fois&nbsp;<em>\u00ab&nbsp;m\u2019aimes tu ?&nbsp;\u00bb<\/em>&nbsp;(v.17), le Christ J\u00e9sus emploie le verbe \u00ab&nbsp;phileo&nbsp;(\u03c6\u03b9\u03bb\u03ad\u03c9)\u00bb qui d\u00e9signe l\u2019affection, l\u2019affinit\u00e9, l\u2019amour fraternel.<\/p>\n\n\n\n<p>Le S eigneur vient restaurer l\u2019amour de Pierre envers Lui.&nbsp;<\/p>\n\n\n\n<p>L\u2019ap\u00f4tre Pierre aimait J\u00e9sus mais se fiait trop \u00e0 ses propres capacit\u00e9s naturels.<\/p>\n\n\n\n<p>Nous aussi, tr\u00e8s souvent, nous comptons sur nous-m\u00eames, sur nos acquis mat\u00e9riels, intellectuels, professionnels\u2026<\/p>\n\n\n\n<p>En toutes choses, comptons d\u2019abord sur Dieu !<\/p>\n\n\n\n<p>Le Christ J\u00e9sus conduit Son disciple dans une exp\u00e9rience destin\u00e9e \u00e0 dissiper les sombres souvenirs de l\u2019\u00e9pisode du reniement.<\/p>\n\n\n\n<p>Alors que Pierre L\u2019avait reni\u00e9 trois fois, \u00e0 trois reprises, le Christ J\u00e9sus demande \u00e0 Son disciple si il L\u2019aime, tout en lui confiant la charge de Son troupeau.<\/p>\n\n\n\n<p>La vie de Pierre a chang\u00e9 : de p\u00eacheur, il devient \u00e9vang\u00e9liste.<\/p>\n\n\n\n<p>La relation du disciple Pierre avec Son Ma\u00eetre J\u00e9sus a \u00e9galement \u00e9t\u00e9 chang\u00e9e : il est pardonn\u00e9 et comprend enfin la signification des paroles du Seigneur au sujet de Sa mort et de Sa r\u00e9surrection.<\/p>\n\n\n\n<p><em>\u00ab&nbsp;[Pierre] lui r\u00e9pondit: Seigneur, tu sais toutes choses, tu sais que je t&rsquo;aime. J\u00e9sus lui dit : Pais mes brebis.&nbsp;\u00bb<\/em>&nbsp;(v.17)<\/p>\n\n\n\n<p>Si nous voulons nourrir le troupeau du Seigneur, nous devons avoir foi en Lui et L\u2019aimer.<\/p>\n\n\n\n<p><strong>La r\u00e9alit\u00e9 de notre amour pour J\u00e9sus Christ est attest\u00e9 par notre disposition \u00e0 Le servir<\/strong>, \u00e0 Lui consacrer notre vie.<\/p>\n\n\n\n<p>\u00c0 ces trois questions de J\u00e9sus, Simon Pierre a toujours eu la m\u00eame r\u00e9ponse :&nbsp;<em>\u00ab Oui&nbsp;! Tu sais que je T\u2019aime !&nbsp;\u00bb<\/em><\/p>\n\n\n\n<p>Le Christ J\u00e9sus nous pose la m\u00eame question aujourd\u2019hui.<\/p>\n\n\n\n<p>Si nous aimons J\u00e9sus, nous devons renoncer \u00e0 nous-m\u00eames et prenons notre croix pour Le suivre.<\/p>\n\n\n\n<p>L\u2019amour pour le Christ J\u00e9sus se mat\u00e9rialise en :<\/p>\n\n\n\n<ul class=\"wp-block-list\">\n<li>Aimant Dieu de toutes nos forces, notre pens\u00e9e<\/li>\n\n\n\n<li>Aimant notre prochain<\/li>\n\n\n\n<li>Pardonnant notre prochain\u00a0<\/li>\n\n\n\n<li>Aimant lire les Saintes \u00c9critures et en les mettant en pratique\u00a0<\/li>\n\n\n\n<li>Aimant la pri\u00e8re\u00a0<\/li>\n\n\n\n<li>Aimant l\u2019\u00c9glise du Christ\u00a0<\/li>\n\n\n\n<li>Proclamant la Bonne Nouvelle de Son \u00c9vangile<\/li>\n\n\n\n<li>Pratiquant le bien et en fuyant le mal<\/li>\n\n\n\n<li>Recherchant la sanctification\u00a0<\/li>\n\n\n\n<li>Aimant les cultes et les r\u00e9unions communautaires<\/li>\n\n\n\n<li>Pratiquant le bien et fuyant le mal<\/li>\n\n\n\n<li>Prenant soin de nos responsables<\/li>\n\n\n\n<li>Donnant de nos biens, d\u00eemes et offrandes, et notre temps<\/li>\n<\/ul>\n\n\n\n<h3 class=\"wp-block-heading\">Conclusion<\/h3>\n\n\n\n<p>Le Christ J\u00e9sus investit ici l\u2019ap\u00f4tre Pierre dans la mission de prendre soin de Son \u00c9glise.<\/p>\n\n\n\n<p>Puissions-nous r\u00e9aliser que le Christ J\u00e9sus est bel et bien ressuscit\u00e9, et que le t\u00e9moignage de ceux qui L\u2019ont vu est vrai.&nbsp;<\/p>\n\n\n\n<p>Que l\u2019Esprit de Dieu aide chacun d\u2019entre nous \u00e0 garder ces choses et \u00e0 les mettre en pratique.<\/p>\n","protected":false},"excerpt":{"rendered":"<p>Pr\u00e9dication culte du 21 avril par le Fr\u00e8re Fortun\u00e9 Massamba \u00ab&nbsp;Apr\u00e8s cela, J\u00e9sus se montra encore aux disciples, sur les bords de la mer de Tib\u00e9riade. Et voici de quelle mani\u00e8re il se montra. Simon Pierre, Thomas, appel\u00e9 Didyme, Nathana\u00ebl, de Cana en Galil\u00e9e, les fils de Z\u00e9b\u00e9d\u00e9e, et deux autres disciples de J\u00e9sus, \u00e9taient&#8230;<\/p>\n","protected":false},"author":4,"featured_media":2629,"comment_status":"open","ping_status":"open","sticky":false,"template":"","format":"standard","meta":{"footnotes":""},"categories":[30],"tags":[504,506],"class_list":["post-2628","post","type-post","status-publish","format-standard","has-post-thumbnail","hentry","category-enseignements","tag-apparition-de-jesus","tag-mer-de-tiberiade"],"yoast_head":"<!-- This site is optimized with the Yoast SEO plugin v27.3 - https:\/\/yoast.com\/product\/yoast-seo-wordpress\/ -->\n<title>JEAN 21.1-17 L\u2019APPARITION DE J\u00c9SUS PR\u00c8S DE LA MER DE TIB\u00c9RIADE - Eglise Matthania<\/title>\n<meta name=\"robots\" content=\"index, follow, max-snippet:-1, max-image-preview:large, max-video-preview:-1\" \/>\n<link rel=\"canonical\" href=\"https:\/\/eglisematthania.com\/index.php\/2024\/04\/22\/jean-21-1-17-lapparition-de-jesus-pres-de-la-mer-de-tiberiade\/\" \/>\n<meta property=\"og:locale\" content=\"fr_FR\" \/>\n<meta property=\"og:type\" content=\"article\" \/>\n<meta property=\"og:title\" content=\"JEAN 21.1-17 L\u2019APPARITION DE J\u00c9SUS PR\u00c8S DE LA MER DE TIB\u00c9RIADE - Eglise Matthania\" \/>\n<meta property=\"og:description\" content=\"Pr\u00e9dication culte du 21 avril par le Fr\u00e8re Fortun\u00e9 Massamba \u00ab&nbsp;Apr\u00e8s cela, J\u00e9sus se montra encore aux disciples, sur les bords de la mer de Tib\u00e9riade. Et voici de quelle mani\u00e8re il se montra. Simon Pierre, Thomas, appel\u00e9 Didyme, Nathana\u00ebl, de Cana en Galil\u00e9e, les fils de Z\u00e9b\u00e9d\u00e9e, et deux autres disciples de J\u00e9sus, \u00e9taient...\" \/>\n<meta property=\"og:url\" content=\"https:\/\/eglisematthania.com\/index.php\/2024\/04\/22\/jean-21-1-17-lapparition-de-jesus-pres-de-la-mer-de-tiberiade\/\" \/>\n<meta property=\"og:site_name\" content=\"Eglise Matthania\" \/>\n<meta property=\"article:published_time\" content=\"2024-04-22T08:21:43+00:00\" \/>\n<meta property=\"article:modified_time\" content=\"2024-04-22T08:22:32+00:00\" \/>\n<meta property=\"og:image\" content=\"https:\/\/eglisematthania.com\/wp-content\/uploads\/2024\/04\/Lake--scaled.jpg\" \/>\n\t<meta property=\"og:image:width\" content=\"2560\" \/>\n\t<meta property=\"og:image:height\" content=\"1922\" \/>\n\t<meta property=\"og:image:type\" content=\"image\/jpeg\" \/>\n<meta name=\"author\" content=\"Redaction Matthania\" \/>\n<meta name=\"twitter:card\" content=\"summary_large_image\" \/>\n<meta name=\"twitter:label1\" content=\"\u00c9crit par\" \/>\n\t<meta name=\"twitter:data1\" content=\"Redaction Matthania\" \/>\n\t<meta name=\"twitter:label2\" content=\"Dur\u00e9e de lecture estim\u00e9e\" \/>\n\t<meta name=\"twitter:data2\" content=\"10 minutes\" \/>\n<script type=\"application\/ld+json\" class=\"yoast-schema-graph\">{\"@context\":\"https:\\\/\\\/schema.org\",\"@graph\":[{\"@type\":\"Article\",\"@id\":\"https:\\\/\\\/eglisematthania.com\\\/index.php\\\/2024\\\/04\\\/22\\\/jean-21-1-17-lapparition-de-jesus-pres-de-la-mer-de-tiberiade\\\/#article\",\"isPartOf\":{\"@id\":\"https:\\\/\\\/eglisematthania.com\\\/index.php\\\/2024\\\/04\\\/22\\\/jean-21-1-17-lapparition-de-jesus-pres-de-la-mer-de-tiberiade\\\/\"},\"author\":{\"name\":\"Redaction Matthania\",\"@id\":\"https:\\\/\\\/eglisematthania.com\\\/#\\\/schema\\\/person\\\/dc8a6a5622532e51764c11fddb8c52a3\"},\"headline\":\"JEAN 21.1-17 L\u2019APPARITION DE J\u00c9SUS PR\u00c8S DE LA MER DE TIB\u00c9RIADE\",\"datePublished\":\"2024-04-22T08:21:43+00:00\",\"dateModified\":\"2024-04-22T08:22:32+00:00\",\"mainEntityOfPage\":{\"@id\":\"https:\\\/\\\/eglisematthania.com\\\/index.php\\\/2024\\\/04\\\/22\\\/jean-21-1-17-lapparition-de-jesus-pres-de-la-mer-de-tiberiade\\\/\"},\"wordCount\":2165,\"commentCount\":0,\"publisher\":{\"@id\":\"https:\\\/\\\/eglisematthania.com\\\/#organization\"},\"image\":{\"@id\":\"https:\\\/\\\/eglisematthania.com\\\/index.php\\\/2024\\\/04\\\/22\\\/jean-21-1-17-lapparition-de-jesus-pres-de-la-mer-de-tiberiade\\\/#primaryimage\"},\"thumbnailUrl\":\"https:\\\/\\\/eglisematthania.com\\\/wp-content\\\/uploads\\\/2024\\\/04\\\/Lake--scaled.jpg\",\"keywords\":[\"Apparition de J\u00e9sus\",\"Mer de Tib\u00e9riade\"],\"articleSection\":[\"Enseignements\"],\"inLanguage\":\"fr-FR\",\"potentialAction\":[{\"@type\":\"CommentAction\",\"name\":\"Comment\",\"target\":[\"https:\\\/\\\/eglisematthania.com\\\/index.php\\\/2024\\\/04\\\/22\\\/jean-21-1-17-lapparition-de-jesus-pres-de-la-mer-de-tiberiade\\\/#respond\"]}]},{\"@type\":\"WebPage\",\"@id\":\"https:\\\/\\\/eglisematthania.com\\\/index.php\\\/2024\\\/04\\\/22\\\/jean-21-1-17-lapparition-de-jesus-pres-de-la-mer-de-tiberiade\\\/\",\"url\":\"https:\\\/\\\/eglisematthania.com\\\/index.php\\\/2024\\\/04\\\/22\\\/jean-21-1-17-lapparition-de-jesus-pres-de-la-mer-de-tiberiade\\\/\",\"name\":\"JEAN 21.1-17 L\u2019APPARITION DE J\u00c9SUS PR\u00c8S DE LA MER DE TIB\u00c9RIADE - Eglise Matthania\",\"isPartOf\":{\"@id\":\"https:\\\/\\\/eglisematthania.com\\\/#website\"},\"primaryImageOfPage\":{\"@id\":\"https:\\\/\\\/eglisematthania.com\\\/index.php\\\/2024\\\/04\\\/22\\\/jean-21-1-17-lapparition-de-jesus-pres-de-la-mer-de-tiberiade\\\/#primaryimage\"},\"image\":{\"@id\":\"https:\\\/\\\/eglisematthania.com\\\/index.php\\\/2024\\\/04\\\/22\\\/jean-21-1-17-lapparition-de-jesus-pres-de-la-mer-de-tiberiade\\\/#primaryimage\"},\"thumbnailUrl\":\"https:\\\/\\\/eglisematthania.com\\\/wp-content\\\/uploads\\\/2024\\\/04\\\/Lake--scaled.jpg\",\"datePublished\":\"2024-04-22T08:21:43+00:00\",\"dateModified\":\"2024-04-22T08:22:32+00:00\",\"breadcrumb\":{\"@id\":\"https:\\\/\\\/eglisematthania.com\\\/index.php\\\/2024\\\/04\\\/22\\\/jean-21-1-17-lapparition-de-jesus-pres-de-la-mer-de-tiberiade\\\/#breadcrumb\"},\"inLanguage\":\"fr-FR\",\"potentialAction\":[{\"@type\":\"ReadAction\",\"target\":[\"https:\\\/\\\/eglisematthania.com\\\/index.php\\\/2024\\\/04\\\/22\\\/jean-21-1-17-lapparition-de-jesus-pres-de-la-mer-de-tiberiade\\\/\"]}]},{\"@type\":\"ImageObject\",\"inLanguage\":\"fr-FR\",\"@id\":\"https:\\\/\\\/eglisematthania.com\\\/index.php\\\/2024\\\/04\\\/22\\\/jean-21-1-17-lapparition-de-jesus-pres-de-la-mer-de-tiberiade\\\/#primaryimage\",\"url\":\"https:\\\/\\\/eglisematthania.com\\\/wp-content\\\/uploads\\\/2024\\\/04\\\/Lake--scaled.jpg\",\"contentUrl\":\"https:\\\/\\\/eglisematthania.com\\\/wp-content\\\/uploads\\\/2024\\\/04\\\/Lake--scaled.jpg\",\"width\":2560,\"height\":1922},{\"@type\":\"BreadcrumbList\",\"@id\":\"https:\\\/\\\/eglisematthania.com\\\/index.php\\\/2024\\\/04\\\/22\\\/jean-21-1-17-lapparition-de-jesus-pres-de-la-mer-de-tiberiade\\\/#breadcrumb\",\"itemListElement\":[{\"@type\":\"ListItem\",\"position\":1,\"name\":\"Accueil\",\"item\":\"https:\\\/\\\/eglisematthania.com\\\/\"},{\"@type\":\"ListItem\",\"position\":2,\"name\":\"JEAN 21.1-17 L\u2019APPARITION DE J\u00c9SUS PR\u00c8S DE LA MER DE TIB\u00c9RIADE\"}]},{\"@type\":\"WebSite\",\"@id\":\"https:\\\/\\\/eglisematthania.com\\\/#website\",\"url\":\"https:\\\/\\\/eglisematthania.com\\\/\",\"name\":\"Eglise Matthania\",\"description\":\"\u00e9glise Protestante \u00e9vang\u00e9lique\",\"publisher\":{\"@id\":\"https:\\\/\\\/eglisematthania.com\\\/#organization\"},\"potentialAction\":[{\"@type\":\"SearchAction\",\"target\":{\"@type\":\"EntryPoint\",\"urlTemplate\":\"https:\\\/\\\/eglisematthania.com\\\/?s={search_term_string}\"},\"query-input\":{\"@type\":\"PropertyValueSpecification\",\"valueRequired\":true,\"valueName\":\"search_term_string\"}}],\"inLanguage\":\"fr-FR\"},{\"@type\":\"Organization\",\"@id\":\"https:\\\/\\\/eglisematthania.com\\\/#organization\",\"name\":\"Eglise Protestante \u00c9vang\u00e9lique Matthania\",\"url\":\"https:\\\/\\\/eglisematthania.com\\\/\",\"logo\":{\"@type\":\"ImageObject\",\"inLanguage\":\"fr-FR\",\"@id\":\"https:\\\/\\\/eglisematthania.com\\\/#\\\/schema\\\/logo\\\/image\\\/\",\"url\":\"https:\\\/\\\/eglisematthania.com\\\/wp-content\\\/uploads\\\/2020\\\/03\\\/LogoSite3.png\",\"contentUrl\":\"https:\\\/\\\/eglisematthania.com\\\/wp-content\\\/uploads\\\/2020\\\/03\\\/LogoSite3.png\",\"width\":258,\"height\":55,\"caption\":\"Eglise Protestante \u00c9vang\u00e9lique Matthania\"},\"image\":{\"@id\":\"https:\\\/\\\/eglisematthania.com\\\/#\\\/schema\\\/logo\\\/image\\\/\"}},{\"@type\":\"Person\",\"@id\":\"https:\\\/\\\/eglisematthania.com\\\/#\\\/schema\\\/person\\\/dc8a6a5622532e51764c11fddb8c52a3\",\"name\":\"Redaction Matthania\",\"image\":{\"@type\":\"ImageObject\",\"inLanguage\":\"fr-FR\",\"@id\":\"https:\\\/\\\/secure.gravatar.com\\\/avatar\\\/1414a88924072fc6032a395f2bd8af30fee21e82332dcb7070d57fee67ed5b6b?s=96&d=mm&r=g\",\"url\":\"https:\\\/\\\/secure.gravatar.com\\\/avatar\\\/1414a88924072fc6032a395f2bd8af30fee21e82332dcb7070d57fee67ed5b6b?s=96&d=mm&r=g\",\"contentUrl\":\"https:\\\/\\\/secure.gravatar.com\\\/avatar\\\/1414a88924072fc6032a395f2bd8af30fee21e82332dcb7070d57fee67ed5b6b?s=96&d=mm&r=g\",\"caption\":\"Redaction Matthania\"},\"url\":\"https:\\\/\\\/eglisematthania.com\\\/index.php\\\/author\\\/redaction-matthania\\\/\"}]}<\/script>\n<!-- \/ Yoast SEO plugin. -->","yoast_head_json":{"title":"JEAN 21.1-17 L\u2019APPARITION DE J\u00c9SUS PR\u00c8S DE LA MER DE TIB\u00c9RIADE - Eglise Matthania","robots":{"index":"index","follow":"follow","max-snippet":"max-snippet:-1","max-image-preview":"max-image-preview:large","max-video-preview":"max-video-preview:-1"},"canonical":"https:\/\/eglisematthania.com\/index.php\/2024\/04\/22\/jean-21-1-17-lapparition-de-jesus-pres-de-la-mer-de-tiberiade\/","og_locale":"fr_FR","og_type":"article","og_title":"JEAN 21.1-17 L\u2019APPARITION DE J\u00c9SUS PR\u00c8S DE LA MER DE TIB\u00c9RIADE - Eglise Matthania","og_description":"Pr\u00e9dication culte du 21 avril par le Fr\u00e8re Fortun\u00e9 Massamba \u00ab&nbsp;Apr\u00e8s cela, J\u00e9sus se montra encore aux disciples, sur les bords de la mer de Tib\u00e9riade. Et voici de quelle mani\u00e8re il se montra. Simon Pierre, Thomas, appel\u00e9 Didyme, Nathana\u00ebl, de Cana en Galil\u00e9e, les fils de Z\u00e9b\u00e9d\u00e9e, et deux autres disciples de J\u00e9sus, \u00e9taient...","og_url":"https:\/\/eglisematthania.com\/index.php\/2024\/04\/22\/jean-21-1-17-lapparition-de-jesus-pres-de-la-mer-de-tiberiade\/","og_site_name":"Eglise Matthania","article_published_time":"2024-04-22T08:21:43+00:00","article_modified_time":"2024-04-22T08:22:32+00:00","og_image":[{"width":2560,"height":1922,"url":"https:\/\/eglisematthania.com\/wp-content\/uploads\/2024\/04\/Lake--scaled.jpg","type":"image\/jpeg"}],"author":"Redaction Matthania","twitter_card":"summary_large_image","twitter_misc":{"\u00c9crit par":"Redaction Matthania","Dur\u00e9e de lecture estim\u00e9e":"10 minutes"},"schema":{"@context":"https:\/\/schema.org","@graph":[{"@type":"Article","@id":"https:\/\/eglisematthania.com\/index.php\/2024\/04\/22\/jean-21-1-17-lapparition-de-jesus-pres-de-la-mer-de-tiberiade\/#article","isPartOf":{"@id":"https:\/\/eglisematthania.com\/index.php\/2024\/04\/22\/jean-21-1-17-lapparition-de-jesus-pres-de-la-mer-de-tiberiade\/"},"author":{"name":"Redaction Matthania","@id":"https:\/\/eglisematthania.com\/#\/schema\/person\/dc8a6a5622532e51764c11fddb8c52a3"},"headline":"JEAN 21.1-17 L\u2019APPARITION DE J\u00c9SUS PR\u00c8S DE LA MER DE TIB\u00c9RIADE","datePublished":"2024-04-22T08:21:43+00:00","dateModified":"2024-04-22T08:22:32+00:00","mainEntityOfPage":{"@id":"https:\/\/eglisematthania.com\/index.php\/2024\/04\/22\/jean-21-1-17-lapparition-de-jesus-pres-de-la-mer-de-tiberiade\/"},"wordCount":2165,"commentCount":0,"publisher":{"@id":"https:\/\/eglisematthania.com\/#organization"},"image":{"@id":"https:\/\/eglisematthania.com\/index.php\/2024\/04\/22\/jean-21-1-17-lapparition-de-jesus-pres-de-la-mer-de-tiberiade\/#primaryimage"},"thumbnailUrl":"https:\/\/eglisematthania.com\/wp-content\/uploads\/2024\/04\/Lake--scaled.jpg","keywords":["Apparition de J\u00e9sus","Mer de Tib\u00e9riade"],"articleSection":["Enseignements"],"inLanguage":"fr-FR","potentialAction":[{"@type":"CommentAction","name":"Comment","target":["https:\/\/eglisematthania.com\/index.php\/2024\/04\/22\/jean-21-1-17-lapparition-de-jesus-pres-de-la-mer-de-tiberiade\/#respond"]}]},{"@type":"WebPage","@id":"https:\/\/eglisematthania.com\/index.php\/2024\/04\/22\/jean-21-1-17-lapparition-de-jesus-pres-de-la-mer-de-tiberiade\/","url":"https:\/\/eglisematthania.com\/index.php\/2024\/04\/22\/jean-21-1-17-lapparition-de-jesus-pres-de-la-mer-de-tiberiade\/","name":"JEAN 21.1-17 L\u2019APPARITION DE J\u00c9SUS PR\u00c8S DE LA MER DE TIB\u00c9RIADE - Eglise Matthania","isPartOf":{"@id":"https:\/\/eglisematthania.com\/#website"},"primaryImageOfPage":{"@id":"https:\/\/eglisematthania.com\/index.php\/2024\/04\/22\/jean-21-1-17-lapparition-de-jesus-pres-de-la-mer-de-tiberiade\/#primaryimage"},"image":{"@id":"https:\/\/eglisematthania.com\/index.php\/2024\/04\/22\/jean-21-1-17-lapparition-de-jesus-pres-de-la-mer-de-tiberiade\/#primaryimage"},"thumbnailUrl":"https:\/\/eglisematthania.com\/wp-content\/uploads\/2024\/04\/Lake--scaled.jpg","datePublished":"2024-04-22T08:21:43+00:00","dateModified":"2024-04-22T08:22:32+00:00","breadcrumb":{"@id":"https:\/\/eglisematthania.com\/index.php\/2024\/04\/22\/jean-21-1-17-lapparition-de-jesus-pres-de-la-mer-de-tiberiade\/#breadcrumb"},"inLanguage":"fr-FR","potentialAction":[{"@type":"ReadAction","target":["https:\/\/eglisematthania.com\/index.php\/2024\/04\/22\/jean-21-1-17-lapparition-de-jesus-pres-de-la-mer-de-tiberiade\/"]}]},{"@type":"ImageObject","inLanguage":"fr-FR","@id":"https:\/\/eglisematthania.com\/index.php\/2024\/04\/22\/jean-21-1-17-lapparition-de-jesus-pres-de-la-mer-de-tiberiade\/#primaryimage","url":"https:\/\/eglisematthania.com\/wp-content\/uploads\/2024\/04\/Lake--scaled.jpg","contentUrl":"https:\/\/eglisematthania.com\/wp-content\/uploads\/2024\/04\/Lake--scaled.jpg","width":2560,"height":1922},{"@type":"BreadcrumbList","@id":"https:\/\/eglisematthania.com\/index.php\/2024\/04\/22\/jean-21-1-17-lapparition-de-jesus-pres-de-la-mer-de-tiberiade\/#breadcrumb","itemListElement":[{"@type":"ListItem","position":1,"name":"Accueil","item":"https:\/\/eglisematthania.com\/"},{"@type":"ListItem","position":2,"name":"JEAN 21.1-17 L\u2019APPARITION DE J\u00c9SUS PR\u00c8S DE LA MER DE TIB\u00c9RIADE"}]},{"@type":"WebSite","@id":"https:\/\/eglisematthania.com\/#website","url":"https:\/\/eglisematthania.com\/","name":"Eglise Matthania","description":"\u00e9glise Protestante \u00e9vang\u00e9lique","publisher":{"@id":"https:\/\/eglisematthania.com\/#organization"},"potentialAction":[{"@type":"SearchAction","target":{"@type":"EntryPoint","urlTemplate":"https:\/\/eglisematthania.com\/?s={search_term_string}"},"query-input":{"@type":"PropertyValueSpecification","valueRequired":true,"valueName":"search_term_string"}}],"inLanguage":"fr-FR"},{"@type":"Organization","@id":"https:\/\/eglisematthania.com\/#organization","name":"Eglise Protestante \u00c9vang\u00e9lique Matthania","url":"https:\/\/eglisematthania.com\/","logo":{"@type":"ImageObject","inLanguage":"fr-FR","@id":"https:\/\/eglisematthania.com\/#\/schema\/logo\/image\/","url":"https:\/\/eglisematthania.com\/wp-content\/uploads\/2020\/03\/LogoSite3.png","contentUrl":"https:\/\/eglisematthania.com\/wp-content\/uploads\/2020\/03\/LogoSite3.png","width":258,"height":55,"caption":"Eglise Protestante \u00c9vang\u00e9lique Matthania"},"image":{"@id":"https:\/\/eglisematthania.com\/#\/schema\/logo\/image\/"}},{"@type":"Person","@id":"https:\/\/eglisematthania.com\/#\/schema\/person\/dc8a6a5622532e51764c11fddb8c52a3","name":"Redaction Matthania","image":{"@type":"ImageObject","inLanguage":"fr-FR","@id":"https:\/\/secure.gravatar.com\/avatar\/1414a88924072fc6032a395f2bd8af30fee21e82332dcb7070d57fee67ed5b6b?s=96&d=mm&r=g","url":"https:\/\/secure.gravatar.com\/avatar\/1414a88924072fc6032a395f2bd8af30fee21e82332dcb7070d57fee67ed5b6b?s=96&d=mm&r=g","contentUrl":"https:\/\/secure.gravatar.com\/avatar\/1414a88924072fc6032a395f2bd8af30fee21e82332dcb7070d57fee67ed5b6b?s=96&d=mm&r=g","caption":"Redaction Matthania"},"url":"https:\/\/eglisematthania.com\/index.php\/author\/redaction-matthania\/"}]}},"_links":{"self":[{"href":"https:\/\/eglisematthania.com\/index.php\/wp-json\/wp\/v2\/posts\/2628","targetHints":{"allow":["GET"]}}],"collection":[{"href":"https:\/\/eglisematthania.com\/index.php\/wp-json\/wp\/v2\/posts"}],"about":[{"href":"https:\/\/eglisematthania.com\/index.php\/wp-json\/wp\/v2\/types\/post"}],"author":[{"embeddable":true,"href":"https:\/\/eglisematthania.com\/index.php\/wp-json\/wp\/v2\/users\/4"}],"replies":[{"embeddable":true,"href":"https:\/\/eglisematthania.com\/index.php\/wp-json\/wp\/v2\/comments?post=2628"}],"version-history":[{"count":1,"href":"https:\/\/eglisematthania.com\/index.php\/wp-json\/wp\/v2\/posts\/2628\/revisions"}],"predecessor-version":[{"id":2630,"href":"https:\/\/eglisematthania.com\/index.php\/wp-json\/wp\/v2\/posts\/2628\/revisions\/2630"}],"wp:featuredmedia":[{"embeddable":true,"href":"https:\/\/eglisematthania.com\/index.php\/wp-json\/wp\/v2\/media\/2629"}],"wp:attachment":[{"href":"https:\/\/eglisematthania.com\/index.php\/wp-json\/wp\/v2\/media?parent=2628"}],"wp:term":[{"taxonomy":"category","embeddable":true,"href":"https:\/\/eglisematthania.com\/index.php\/wp-json\/wp\/v2\/categories?post=2628"},{"taxonomy":"post_tag","embeddable":true,"href":"https:\/\/eglisematthania.com\/index.php\/wp-json\/wp\/v2\/tags?post=2628"}],"curies":[{"name":"wp","href":"https:\/\/api.w.org\/{rel}","templated":true}]}}