{"id":2441,"date":"2023-12-05T00:06:18","date_gmt":"2023-12-04T23:06:18","guid":{"rendered":"https:\/\/eglisematthania.com\/?p=2441"},"modified":"2024-01-10T12:37:34","modified_gmt":"2024-01-10T11:37:34","slug":"jacques-5-7-11-lavent-preparez-la-voie","status":"publish","type":"post","link":"https:\/\/eglisematthania.com\/index.php\/2023\/12\/05\/jacques-5-7-11-lavent-preparez-la-voie\/","title":{"rendered":"JACQUES 5.7-11 L\u2019AVENT, PR\u00c9PAREZ LA VOIE"},"content":{"rendered":"\n<h2 class=\"wp-block-heading\">Pr\u00e9dication culte du 03 d\u00e9cembre 2023 par le pasteur Claude Missidimbazi <\/h2>\n\n\n\n<p><em>\u202d\u202d\u00ab Soyez donc patients, fr\u00e8res et s\u0153urs, jusqu\u2019au retour du Seigneur. Voyez le cultivateur: il attend le pr\u00e9cieux fruit de la terre en faisant preuve de patience envers lui jusqu&rsquo;\u00e0 ce qu&rsquo;il ait re\u00e7u les premi\u00e8res et les derni\u00e8res pluies. Vous aussi, soyez patients, affermissez votre c\u0153ur, car le retour du Seigneur est proche. Ne vous plaignez pas les uns des autres, fr\u00e8res et s\u0153urs, afin de ne pas \u00eatre jug\u00e9s. Voici que le juge se tient \u00e0 la porte. Mes fr\u00e8res et s\u0153urs, prenez pour mod\u00e8les de patience dans la souffrance les proph\u00e8tes qui ont parl\u00e9 au nom du Seigneur. Nous disons heureux ceux qui pers\u00e9v\u00e8rent. Vous avez entendu parler de la pers\u00e9v\u00e9rance de Job et vous avez vu la fin que le Seigneur lui a accord\u00e9e, car le Seigneur est plein de tendresse et de compassion. \u00bb<\/em><\/p>\n\n\n\n<p>\u202d\u202dJacques\u202c \u202d5\u202c.7\u202c-\u202d11\u202c<\/p>\n\n\n\n<p><em>\u00ab Et Marie dit: Mon \u00e2me exalte le Seigneur Et mon esprit a de l&rsquo;all\u00e9gresse en Dieu, mon Sauveur, Parce qu&rsquo;il a jet\u00e9 les yeux sur la bassesse de sa servante. Car voici: d\u00e9sormais toutes les g\u00e9n\u00e9rations me diront bienheureuse. Parce que le Tout-Puissant a fait pour moi de grandes choses. Son nom est saint, Et sa mis\u00e9ricorde s&rsquo;\u00e9tend d&rsquo;\u00e2ge en \u00e2ge Sur ceux qui le craignent Il a d\u00e9ploy\u00e9 la force de son bras; Il a dispers\u00e9 ceux qui avaient dans le c\u0153ur des pens\u00e9es orgueilleuses, Il a fait descendre les puissants de leurs tr\u00f4nes, \u00c9lev\u00e9 les humbles, Rassasi\u00e9 de biens les affam\u00e9s, Renvoy\u00e9 \u00e0 vide les riches. Il a secouru Isra\u00ebl, son serviteur, Et s&rsquo;est souvenu de sa mis\u00e9ricorde \u2013 Comme il l&rsquo;avait dit \u00e0 nos p\u00e8res \u2013 Envers Abraham et sa descendance pour toujours. \u00bb<\/em><\/p>\n\n\n\n<p>\u202d\u202dLuc\u202c \u202d1\u202c:\u202d46-55&nbsp;<\/p>\n\n\n\n<h3 class=\"wp-block-heading\">Introduction<\/h3>\n\n\n\n<p>Dans les traditions liturgiques, No\u00ebl a totalement \u00e9clips\u00e9 le temps de l\u2019Avent.<\/p>\n\n\n\n<p>L\u2019Avent est un temps pour adorer le Christ J\u00e9sus.<\/p>\n\n\n\n<p>C\u2019est un temps o\u00f9 nous devons pr\u00e9parer nos c\u0153urs pour adorer le Roi de gloire, \u00e0 l\u2019exemple de Marie (Luc 1.46-55), ou des Mages (Matthieu 2.9-11).<\/p>\n\n\n\n<p>Le terme \u00ab&nbsp;Avent&nbsp;\u00bb vient du mot latin \u00ab&nbsp;Adventus&nbsp;\u00bb qui signifie \u00ab&nbsp;la venue&nbsp;\u00bb ou \u00ab&nbsp;l\u2019arriv\u00e9e&nbsp;\u00bb.<\/p>\n\n\n\n<p>Dans la tradition liturgique, l\u2019Avent d\u00e9bute le quatri\u00e8me dimanche avant No\u00ebl et finit la veille de No\u00ebl.<\/p>\n\n\n\n<p>L\u2019Avent est un moment de \u00ab&nbsp;r\u00e9veil&nbsp;\u00bb annuel de l\u2019\u00c9glise, comme un signal d\u2019alerte, une sir\u00e8ne de pompier, une alarme indiquant le moment o\u00f9 il faut s\u2019arracher de sa torpeur.<\/p>\n\n\n\n<p>Alors que tout peut \u00eatre sombre autour de nous, dans ces temps de guerre, famine, \u00e9pid\u00e9mie, injustice\u2026 C\u2019est un temps d\u2019esp\u00e9rance o\u00f9 nous soupirons apr\u00e8s Celui qui est d\u00e9j\u00e0 venu mais qui doit revenir.<\/p>\n\n\n\n<p>Nous soupirons apr\u00e8s l\u2019intervention de Dieu, pour que le Roi de gloire impose Sa justice :\u00a0<em>\u00ab Voici que les jours viennent, d\u00e9clare l&rsquo;Eternel, o\u00f9 j&rsquo;accomplirai la bonne parole que j&rsquo;ai prononc\u00e9e \u00e0 l\u2019intention de la communaut\u00e9 d&rsquo;Isra\u00ebl et de celle de Juda. Durant ces jours-l\u00e0, \u00e0 ce moment-l\u00e0, je ferai pousser pour David un germe de justice. Il exercera le droit et la justice dans le pays. A cette \u00e9poque-l\u00e0, Juda sera sauv\u00e9 et l\u2019on habitera en s\u00e9curit\u00e9 \u00e0 J\u00e9rusalem. Voici comment on l&rsquo;appellera : \u2018L&rsquo;Eternel notre justice\u2019. \u00bb<\/em>\u00a0\u202d\u202d(J\u00e9r\u00e9mie\u202c \u202d33.14-16)<\/p>\n\n\n\n<p>La Salut final est plus proche de nous aujourd\u2019hui que lorsque nous avons cru !<\/p>\n\n\n\n<p>C\u00e9l\u00e9brer l\u2019Avent c\u2019est savoir attendre.<\/p>\n\n\n\n<p>L\u2019attente est un art que notre \u00e9poque impatiente a oubli\u00e9.&nbsp;<\/p>\n\n\n\n<p>L\u2019ann\u00e9e liturgique eccl\u00e9siastique commence par le moment de l\u2019Avent. Les chr\u00e9tiens se souviennent de la premi\u00e8re venue du Christ et se projettent dans l\u2019avenir, jusqu\u2019\u00e0 ce qu\u2019Il revienne.<\/p>\n\n\n\n<p>La f\u00eate de l\u2019Avent a un sens : on commence d\u2019abord par la naissance du Christ, et ensuite les autres f\u00eates qui suivent sont chronologiques : on c\u00e9l\u00e8bre les \u0153uvres du Christ, Sa vie, Son minist\u00e8re, Sa passion, Sa mort, Sa resurrection, Son ascension, Sa glorification, la venue de Son Esprit Saint.<\/p>\n\n\n\n<p>La fin du calendrier finit avec la f\u00eate du Christ Roi.<\/p>\n\n\n\n<p>Ce calendrier a pour but que les chr\u00e9tiens m\u00e9ditent sur la personne du Christ, sur Ses actes, les \u00e9v\u00e9nements de Sa vie, sur le r\u00f4le de Son Esprit et sur ce que l\u2019\u00c9glise doit faire.<\/p>\n\n\n\n<p>L\u2019ann\u00e9e chr\u00e9tienne a \u00e9t\u00e9 con\u00e7ue autour des moments clefs de la vie du Christ J\u00e9sus.<\/p>\n\n\n\n<p>Lorsqu\u2019on prend le temps de suivre ce calendrier, on obtient une vue globale de ce que la Bible enseigne, une vue d\u2019ensemble de l\u2019\u0153uvre et de la personne du Christ J\u00e9sus.<\/p>\n\n\n\n<p>R\u00e9alisons ce que nous sommes en train de vivre dans ce temps que Dieu nous donne.<\/p>\n\n\n\n<p>L\u2019Avent est un temps de pr\u00e9paration pour une f\u00eate, mais c\u2019est surtout un temps o\u00f9 nous pr\u00e9parons nos c\u0153urs dans la p\u00e9nitence.<\/p>\n\n\n\n<h3 class=\"wp-block-heading\">L\u2019Avent est une saison d\u2019attente dans l\u2019esp\u00e9rance<\/h3>\n\n\n\n<p>Cette esp\u00e9rance est avant tout un th\u00e8me proclam\u00e9 par les proph\u00e8tes d\u2019Isra\u00ebl.<\/p>\n\n\n\n<p>Ils ont annonc\u00e9 la venue du Messie, mais des si\u00e8cles sont pass\u00e9s avant l\u2019accomplissement de ces promesses :&nbsp;<em>\u00ab [\u2026] mais lorsque les temps furent accomplis, Dieu a envoy\u00e9 son Fils, n\u00e9 d&rsquo;une femme, n\u00e9 sous la loi\u2026 \u00bb<\/em>(Galates 4.4)<\/p>\n\n\n\n<p>Le peuple esp\u00e9rait avec impatience la venue de son Sauveur, et ce d\u00e9sir a cr\u00e9\u00e9 un immense sentiment d\u2019attente.<\/p>\n\n\n\n<p>L\u2019Avent est un temps o\u00f9 nous chantons :&nbsp;<em>\u00ab&nbsp;Viens, Viens Emmanuel ! Viens vite S.eigneur Jesus Christ ! Maranatha !&nbsp;\u00bb<\/em><\/p>\n\n\n\n<p>C\u2019est l\u2019occasion d\u2019\u00eatre productif tout en apprenant la patience.<\/p>\n\n\n\n<p>Nous attendons la venue du Christ et ce moment si magnifique o\u00f9 nous pouvons adorer le Seigneur.<\/p>\n\n\n\n<p>L\u2019attente n\u2019est pas une perte de temps ou d\u2019\u00e9nergie.<\/p>\n\n\n\n<p>Les \u00c9critures nous invitent \u00e0 pratiquer une attente active qui nous permet de nous consacrer sur le retour du Christ.<\/p>\n\n\n\n<p>En effet, le Christ J\u00e9sus va bien revenir. Et \u00e0 ce propos, l\u2019ap\u00f4tre Pierre a \u00e9crit :<\/p>\n\n\n\n<p><em>\u00ab Mais s\u2019il y a une chose, bien-aim\u00e9s, que vous ne devez pas oublier, c&rsquo;est qu\u2019aux yeux du Seigneur un jour est comme 1000 ans et 1000 ans sont comme un jour. Le Seigneur ne tarde pas dans l&rsquo;accomplissement de la promesse, comme certains le pensent; au contraire, il fait preuve de patience envers nous, voulant qu\u2019aucun ne p\u00e9risse mais que tous parviennent \u00e0 la repentance. \u00bb<\/em>&nbsp;\u202d\u202d(2 Pierre\u202c \u202d3\u202c.8-9)<\/p>\n\n\n\n<p>Le Seigneur est plein de compassion et de mis\u00e9ricorde.<\/p>\n\n\n\n<p>La seule fa\u00e7on d\u2019acqu\u00e9rir la patience c\u2019est d\u2019apprendre \u00e0 bien attendre, sans s\u2019agiter vainement.<\/p>\n\n\n\n<p>La patience n\u2019est pas seulement une qualit\u00e9 qui nous aide \u00e0 g\u00e9rer les circonstances difficiles, mais elle est aussi une vertu lorsque nous avons affaire \u00e0 des personnes difficiles.<\/p>\n\n\n\n<p>La patience est un fruit de l\u2019Esprit.&nbsp;<\/p>\n\n\n\n<p>L\u2019auteur Jacques nous donne trois portraits, trois mod\u00e8les de la patience dans notre passage d\u2019aujourd\u2019hui :<\/p>\n\n\n\n<ul class=\"wp-block-list\">\n<li>le cultivateur (v.7)<\/li>\n\n\n\n<li>Les proph\u00e8tes (v.10)<\/li>\n\n\n\n<li>Job (v.11)<\/li>\n<\/ul>\n\n\n\n<p>L\u2019agriculteur d\u00e9montre que la patience est un facteur de r\u00e9ussite. Il attend que le temps soit propice aux semailles, il attend que la semence germe et pousse jusqu\u2019au temps convenable pour la r\u00e9colte\u2026<\/p>\n\n\n\n<p>L\u2019agriculteur attend beaucoup mais ne reste jamais inactif : il fertilise le sol, s\u2019occupe d\u2019enlever les mauvaises herbes, luttent contre les parasites\u2026<\/p>\n\n\n\n<p>Les proph\u00e8tes nous montrent que la patience est une marque de fid\u00e9lit\u00e9.&nbsp;<\/p>\n\n\n\n<p>Malgr\u00e9 les oppositions et les mauvais traitements, ils ont \u00e9t\u00e9 fid\u00e8les dans la proclamation du message de Dieu.\u00a0<\/p>\n\n\n\n<p>Leur patience a prouv\u00e9 leur foi en Dieu.<\/p>\n\n\n\n<p>Job nous enseigne que la patience et un signe de maturit\u00e9. Face aux critique de ses amis, il a tenu bon.<\/p>\n\n\n\n<p>Savoir que le Seigneur revient doit nous encourager, nous pousser \u00e0 travailler chaque jour avec toujours plus de z\u00e8le.<\/p>\n\n\n\n<p>Attendre avec foi est la grande vertu pour pers\u00e9v\u00e9rer jusqu\u2019\u00e0 la fin.<\/p>\n\n\n\n<p>Le th\u00e9ologien Dietrich Bonh\u0153ffer a \u00e9crit alors qu\u2019il \u00e9tait emprisonn\u00e9 en camps de concentration :&nbsp;<em>\u00ab&nbsp;Tout le monde ne peut pas attendre. Ni les rassasi\u00e9s, ni les satisfaits, ni ceux qui n\u2019ont pas de respect, ne peuvent attendre. Les seuls qui peuvent attendre sont ceux qui portent l\u2019inqui\u00e9tude avec eux. Et ceux qui regardent avec r\u00e9v\u00e9rence les plus grands du monde.<\/em><\/p>\n\n\n\n<p><em>L\u2019Avent ne peut donc \u00eatre c\u00e9l\u00e9br\u00e9 que par ceux dont l\u2019\u00e2me ne leur donne pas la paix, qui se savent pauvres et incomplets, qui se sentent quelque chose de la grandeur qui est cens\u00e9e venir, devant laquelle ils ne peuvent que s\u2019incliner dans une humble timidit\u00e9, en attendant que s\u2019incline vers nous le Saint Lui-m\u00eame, Dieu dans l\u2019enfant de la cr\u00e8che. Dieu vient, le Seigneur J\u00e9sus vient, No\u00ebl vient ! R\u00e9jouis toi \u00f4 chr\u00e9tient\u00e9 !\u00a0\u00bb<\/em><\/p>\n\n\n\n<h3 class=\"wp-block-heading\">L\u2019Avent est une saison de r\u00e9flexion<\/h3>\n\n\n\n<p>L\u2019Avent est une saison de r\u00e9flexion o\u00f9 nous m\u00e9ditons sur les \u00e9v\u00e9nements de la naissance du Christ, sur leur sens, sur le sens de la venue du Christ parmi nous.<\/p>\n\n\n\n<p>C\u2019est un temps o\u00f9 nous devons nous souvenir de la bont\u00e9 de Dieu, dans des exercices spirituels o\u00f9 nous comptons vraiment les b\u00e9n\u00e9dictions que Dieu nous accordent\u00a0<\/p>\n\n\n\n<p>Il s\u2019agit d\u2019\u00eatre \u00e9merveill\u00e9 par Dieu, en ouvrant nos Bibles pour fixer nos regards sur le Roi de gloire.<\/p>\n\n\n\n<p>Il s\u2019agit de m\u00e9diter sur nos vies et aussi nous ouvrir aux autres, en nous d\u00e9pouillant pour donner aux plus d\u00e9munis. Parce que le Seigneur Lui-m\u00eame est venu na\u00eetre parmi les plus pauvres.<\/p>\n\n\n\n<h3 class=\"wp-block-heading\">L\u2019Avent est une saison de joie<\/h3>\n\n\n\n<p>De nombreux \u00e9l\u00e9ments peuvent contribuer \u00e0 un esprit joyeux dans cette saison :&nbsp;<\/p>\n\n\n\n<ul class=\"wp-block-list\">\n<li>La m\u00e9ditation sur l\u2019histoire vraie de ce Dieu joyeux qui apporte le Salut aux p\u00e9cheurs pour qu\u2019ils puissent devenir Ses enfants.<\/li>\n\n\n\n<li>Des chants joyeux, des chants de c\u00e9l\u00e9bration du Seigneur.<\/li>\n\n\n\n<li>Distribuer de la joie autour de nous, en donnant aux autres.<\/li>\n<\/ul>\n\n\n\n<p>Le royaume de Dieu ce n\u2019est pas la tristesse, la m\u00e9lancolie, la morosit\u00e9\u2026<\/p>\n\n\n\n<p><em>\u00ab&nbsp;Car le royaume de Dieu, [\u2026] c\u2019est [\u2026] la paix et la joie, par le Saint-Esprit. \u00bb&nbsp;<\/em>(Romains 14.17)<\/p>\n\n\n\n<p>La joie est un th\u00e8me qui traverse notamment l\u2019\u00c9vangile selon Luc du d\u00e9but \u00e0 la fin :&nbsp;<\/p>\n\n\n\n<ul class=\"wp-block-list\">\n<li>la joie de Marie et Elisabeth au tout d\u00e9but<\/li>\n\n\n\n<li>La joie des disciples lorsqu\u2019ils annon\u00e7aient la Bonne Nouvelle<\/li>\n\n\n\n<li>La joie des disciples apr\u00e8s l\u2019ascension, \u00e0 la fin&nbsp;<\/li>\n<\/ul>\n\n\n\n<p>La joie c\u2019est une profonde confiance en Dieu, quoiqu\u2019il arrive.<\/p>\n\n\n\n<p>La joie est un fruit de l\u2019Esprit.<\/p>\n\n\n\n<p><em>\u00ab&nbsp;[\u2026] La joie de l\u2019\u00c9ternel sera votre force.&nbsp;\u00bb<\/em><\/p>\n\n\n\n<p>(N\u00e9h\u00e9mie 8.10)<\/p>\n\n\n\n<p>Nous lisons \u00e0 la fin de l\u2019histoire de salut relat\u00e9e dans le livre d\u2019Esther :&nbsp;<em>\u00ab Les Juifs \u00e9taient rayonnants de joie, remplis d\u2019all\u00e9gresse et combl\u00e9s de marques d\u2019honneur. \u00bb&nbsp;<\/em>(Esther\u202c \u202d8.16)<\/p>\n\n\n\n<p>\u00c0 plus forte raison, nous qui avons re\u00e7u le don plus excellent de la venue du Christ J\u00e9sus, nous devrions jubiler de joie !<\/p>\n\n\n\n<p>La joie d\u00e9coule de la relation que nous avons avec Dieu.<\/p>\n\n\n\n<h3 class=\"wp-block-heading\">L\u2019Avent est la saison de la lumi\u00e8re<\/h3>\n\n\n\n<p>La Bible affirme que le Christ J\u00e9sus revient.<\/p>\n\n\n\n<p>Le Christ est notre lumi\u00e8re, la v\u00e9ritable lumi\u00e8re, la lumi\u00e8re du monde.<\/p>\n\n\n\n<h3 class=\"wp-block-heading\">Conclusion<\/h3>\n\n\n\n<p>La saison de l\u2019Avent aura le sens qu\u2019on lui donnera.<\/p>\n\n\n\n<p>Comme Marie, faisons de cette saison un temps o\u00f9 nous adorons, exaltons le Seigneur :\u00a0<em>\u00ab\u00a0Mon \u00e2me exalte le Seigneur Et mon esprit a de l&rsquo;all\u00e9gresse en Dieu, mon Sauveur, Parce qu&rsquo;il a jet\u00e9 les yeux sur la bassesse de sa servante. Car voici: d\u00e9sormais toutes les g\u00e9n\u00e9rations me diront bienheureuse. Parce que le Tout-Puissant a fait pour moi de grandes choses. Son nom est saint, Et sa mis\u00e9ricorde s&rsquo;\u00e9tend d&rsquo;\u00e2ge en \u00e2ge Sur ceux qui le craignent Il a d\u00e9ploy\u00e9 la force de son bras; Il a dispers\u00e9 ceux qui avaient dans le c\u0153ur des pens\u00e9es orgueilleuses, Il a fait descendre les puissants de leurs tr\u00f4nes, \u00c9lev\u00e9 les humbles, Rassasi\u00e9 de biens les affam\u00e9s, Renvoy\u00e9 \u00e0 vide les riches. Il a secouru Isra\u00ebl, son serviteur, Et s&rsquo;est souvenu de sa mis\u00e9ricorde \u2013 Comme il l&rsquo;avait dit \u00e0 nos p\u00e8res \u2013 Envers Abraham et sa descendance pour toujours. \u00bb<\/em><\/p>\n\n\n\n<p>Revenons au c\u0153ur de la louange !<\/p>\n","protected":false},"excerpt":{"rendered":"<p>Pr\u00e9dication culte du 03 d\u00e9cembre 2023 par le pasteur Claude Missidimbazi \u202d\u202d\u00ab Soyez donc patients, fr\u00e8res et s\u0153urs, jusqu\u2019au retour du Seigneur. Voyez le cultivateur: il attend le pr\u00e9cieux fruit de la terre en faisant preuve de patience envers lui jusqu&rsquo;\u00e0 ce qu&rsquo;il ait re\u00e7u les premi\u00e8res et les derni\u00e8res pluies. Vous aussi, soyez patients,&#8230;<\/p>\n","protected":false},"author":4,"featured_media":2464,"comment_status":"open","ping_status":"open","sticky":false,"template":"","format":"standard","meta":{"footnotes":""},"categories":[30],"tags":[115,453,454],"class_list":["post-2441","post","type-post","status-publish","format-standard","has-post-thumbnail","hentry","category-enseignements","tag-avent","tag-preparation","tag-reflexion"],"yoast_head":"<!-- This site is optimized with the Yoast SEO plugin v27.3 - https:\/\/yoast.com\/product\/yoast-seo-wordpress\/ -->\n<title>JACQUES 5.7-11 L\u2019AVENT, PR\u00c9PAREZ LA VOIE - Eglise Matthania<\/title>\n<meta name=\"robots\" content=\"index, follow, max-snippet:-1, max-image-preview:large, max-video-preview:-1\" \/>\n<link rel=\"canonical\" href=\"https:\/\/eglisematthania.com\/index.php\/2023\/12\/05\/jacques-5-7-11-lavent-preparez-la-voie\/\" \/>\n<meta property=\"og:locale\" content=\"fr_FR\" \/>\n<meta property=\"og:type\" content=\"article\" \/>\n<meta property=\"og:title\" content=\"JACQUES 5.7-11 L\u2019AVENT, PR\u00c9PAREZ LA VOIE - Eglise Matthania\" \/>\n<meta property=\"og:description\" content=\"Pr\u00e9dication culte du 03 d\u00e9cembre 2023 par le pasteur Claude Missidimbazi \u202d\u202d\u00ab Soyez donc patients, fr\u00e8res et s\u0153urs, jusqu\u2019au retour du Seigneur. Voyez le cultivateur: il attend le pr\u00e9cieux fruit de la terre en faisant preuve de patience envers lui jusqu&rsquo;\u00e0 ce qu&rsquo;il ait re\u00e7u les premi\u00e8res et les derni\u00e8res pluies. Vous aussi, soyez patients,...\" \/>\n<meta property=\"og:url\" content=\"https:\/\/eglisematthania.com\/index.php\/2023\/12\/05\/jacques-5-7-11-lavent-preparez-la-voie\/\" \/>\n<meta property=\"og:site_name\" content=\"Eglise Matthania\" \/>\n<meta property=\"article:published_time\" content=\"2023-12-04T23:06:18+00:00\" \/>\n<meta property=\"article:modified_time\" content=\"2024-01-10T11:37:34+00:00\" \/>\n<meta property=\"og:image\" content=\"https:\/\/eglisematthania.com\/wp-content\/uploads\/2024\/01\/voie-jesus-avent.jpg\" \/>\n\t<meta property=\"og:image:width\" content=\"1280\" \/>\n\t<meta property=\"og:image:height\" content=\"862\" \/>\n\t<meta property=\"og:image:type\" content=\"image\/jpeg\" \/>\n<meta name=\"author\" content=\"Redaction Matthania\" \/>\n<meta name=\"twitter:card\" content=\"summary_large_image\" \/>\n<meta name=\"twitter:label1\" content=\"\u00c9crit par\" \/>\n\t<meta name=\"twitter:data1\" content=\"Redaction Matthania\" \/>\n\t<meta name=\"twitter:label2\" content=\"Dur\u00e9e de lecture estim\u00e9e\" \/>\n\t<meta name=\"twitter:data2\" content=\"10 minutes\" \/>\n<script type=\"application\/ld+json\" class=\"yoast-schema-graph\">{\"@context\":\"https:\\\/\\\/schema.org\",\"@graph\":[{\"@type\":\"Article\",\"@id\":\"https:\\\/\\\/eglisematthania.com\\\/index.php\\\/2023\\\/12\\\/05\\\/jacques-5-7-11-lavent-preparez-la-voie\\\/#article\",\"isPartOf\":{\"@id\":\"https:\\\/\\\/eglisematthania.com\\\/index.php\\\/2023\\\/12\\\/05\\\/jacques-5-7-11-lavent-preparez-la-voie\\\/\"},\"author\":{\"name\":\"Redaction Matthania\",\"@id\":\"https:\\\/\\\/eglisematthania.com\\\/#\\\/schema\\\/person\\\/dc8a6a5622532e51764c11fddb8c52a3\"},\"headline\":\"JACQUES 5.7-11 L\u2019AVENT, PR\u00c9PAREZ LA VOIE\",\"datePublished\":\"2023-12-04T23:06:18+00:00\",\"dateModified\":\"2024-01-10T11:37:34+00:00\",\"mainEntityOfPage\":{\"@id\":\"https:\\\/\\\/eglisematthania.com\\\/index.php\\\/2023\\\/12\\\/05\\\/jacques-5-7-11-lavent-preparez-la-voie\\\/\"},\"wordCount\":2170,\"commentCount\":0,\"publisher\":{\"@id\":\"https:\\\/\\\/eglisematthania.com\\\/#organization\"},\"image\":{\"@id\":\"https:\\\/\\\/eglisematthania.com\\\/index.php\\\/2023\\\/12\\\/05\\\/jacques-5-7-11-lavent-preparez-la-voie\\\/#primaryimage\"},\"thumbnailUrl\":\"https:\\\/\\\/eglisematthania.com\\\/wp-content\\\/uploads\\\/2024\\\/01\\\/voie-jesus-avent.jpg\",\"keywords\":[\"Avent\",\"Pr\u00e9paration\",\"Reflexion\"],\"articleSection\":[\"Enseignements\"],\"inLanguage\":\"fr-FR\",\"potentialAction\":[{\"@type\":\"CommentAction\",\"name\":\"Comment\",\"target\":[\"https:\\\/\\\/eglisematthania.com\\\/index.php\\\/2023\\\/12\\\/05\\\/jacques-5-7-11-lavent-preparez-la-voie\\\/#respond\"]}]},{\"@type\":\"WebPage\",\"@id\":\"https:\\\/\\\/eglisematthania.com\\\/index.php\\\/2023\\\/12\\\/05\\\/jacques-5-7-11-lavent-preparez-la-voie\\\/\",\"url\":\"https:\\\/\\\/eglisematthania.com\\\/index.php\\\/2023\\\/12\\\/05\\\/jacques-5-7-11-lavent-preparez-la-voie\\\/\",\"name\":\"JACQUES 5.7-11 L\u2019AVENT, PR\u00c9PAREZ LA VOIE - Eglise Matthania\",\"isPartOf\":{\"@id\":\"https:\\\/\\\/eglisematthania.com\\\/#website\"},\"primaryImageOfPage\":{\"@id\":\"https:\\\/\\\/eglisematthania.com\\\/index.php\\\/2023\\\/12\\\/05\\\/jacques-5-7-11-lavent-preparez-la-voie\\\/#primaryimage\"},\"image\":{\"@id\":\"https:\\\/\\\/eglisematthania.com\\\/index.php\\\/2023\\\/12\\\/05\\\/jacques-5-7-11-lavent-preparez-la-voie\\\/#primaryimage\"},\"thumbnailUrl\":\"https:\\\/\\\/eglisematthania.com\\\/wp-content\\\/uploads\\\/2024\\\/01\\\/voie-jesus-avent.jpg\",\"datePublished\":\"2023-12-04T23:06:18+00:00\",\"dateModified\":\"2024-01-10T11:37:34+00:00\",\"breadcrumb\":{\"@id\":\"https:\\\/\\\/eglisematthania.com\\\/index.php\\\/2023\\\/12\\\/05\\\/jacques-5-7-11-lavent-preparez-la-voie\\\/#breadcrumb\"},\"inLanguage\":\"fr-FR\",\"potentialAction\":[{\"@type\":\"ReadAction\",\"target\":[\"https:\\\/\\\/eglisematthania.com\\\/index.php\\\/2023\\\/12\\\/05\\\/jacques-5-7-11-lavent-preparez-la-voie\\\/\"]}]},{\"@type\":\"ImageObject\",\"inLanguage\":\"fr-FR\",\"@id\":\"https:\\\/\\\/eglisematthania.com\\\/index.php\\\/2023\\\/12\\\/05\\\/jacques-5-7-11-lavent-preparez-la-voie\\\/#primaryimage\",\"url\":\"https:\\\/\\\/eglisematthania.com\\\/wp-content\\\/uploads\\\/2024\\\/01\\\/voie-jesus-avent.jpg\",\"contentUrl\":\"https:\\\/\\\/eglisematthania.com\\\/wp-content\\\/uploads\\\/2024\\\/01\\\/voie-jesus-avent.jpg\",\"width\":1280,\"height\":862},{\"@type\":\"BreadcrumbList\",\"@id\":\"https:\\\/\\\/eglisematthania.com\\\/index.php\\\/2023\\\/12\\\/05\\\/jacques-5-7-11-lavent-preparez-la-voie\\\/#breadcrumb\",\"itemListElement\":[{\"@type\":\"ListItem\",\"position\":1,\"name\":\"Accueil\",\"item\":\"https:\\\/\\\/eglisematthania.com\\\/\"},{\"@type\":\"ListItem\",\"position\":2,\"name\":\"JACQUES 5.7-11 L\u2019AVENT, PR\u00c9PAREZ LA VOIE\"}]},{\"@type\":\"WebSite\",\"@id\":\"https:\\\/\\\/eglisematthania.com\\\/#website\",\"url\":\"https:\\\/\\\/eglisematthania.com\\\/\",\"name\":\"Eglise Matthania\",\"description\":\"\u00e9glise Protestante \u00e9vang\u00e9lique\",\"publisher\":{\"@id\":\"https:\\\/\\\/eglisematthania.com\\\/#organization\"},\"potentialAction\":[{\"@type\":\"SearchAction\",\"target\":{\"@type\":\"EntryPoint\",\"urlTemplate\":\"https:\\\/\\\/eglisematthania.com\\\/?s={search_term_string}\"},\"query-input\":{\"@type\":\"PropertyValueSpecification\",\"valueRequired\":true,\"valueName\":\"search_term_string\"}}],\"inLanguage\":\"fr-FR\"},{\"@type\":\"Organization\",\"@id\":\"https:\\\/\\\/eglisematthania.com\\\/#organization\",\"name\":\"Eglise Protestante \u00c9vang\u00e9lique Matthania\",\"url\":\"https:\\\/\\\/eglisematthania.com\\\/\",\"logo\":{\"@type\":\"ImageObject\",\"inLanguage\":\"fr-FR\",\"@id\":\"https:\\\/\\\/eglisematthania.com\\\/#\\\/schema\\\/logo\\\/image\\\/\",\"url\":\"https:\\\/\\\/eglisematthania.com\\\/wp-content\\\/uploads\\\/2020\\\/03\\\/LogoSite3.png\",\"contentUrl\":\"https:\\\/\\\/eglisematthania.com\\\/wp-content\\\/uploads\\\/2020\\\/03\\\/LogoSite3.png\",\"width\":258,\"height\":55,\"caption\":\"Eglise Protestante \u00c9vang\u00e9lique Matthania\"},\"image\":{\"@id\":\"https:\\\/\\\/eglisematthania.com\\\/#\\\/schema\\\/logo\\\/image\\\/\"}},{\"@type\":\"Person\",\"@id\":\"https:\\\/\\\/eglisematthania.com\\\/#\\\/schema\\\/person\\\/dc8a6a5622532e51764c11fddb8c52a3\",\"name\":\"Redaction Matthania\",\"image\":{\"@type\":\"ImageObject\",\"inLanguage\":\"fr-FR\",\"@id\":\"https:\\\/\\\/secure.gravatar.com\\\/avatar\\\/1414a88924072fc6032a395f2bd8af30fee21e82332dcb7070d57fee67ed5b6b?s=96&d=mm&r=g\",\"url\":\"https:\\\/\\\/secure.gravatar.com\\\/avatar\\\/1414a88924072fc6032a395f2bd8af30fee21e82332dcb7070d57fee67ed5b6b?s=96&d=mm&r=g\",\"contentUrl\":\"https:\\\/\\\/secure.gravatar.com\\\/avatar\\\/1414a88924072fc6032a395f2bd8af30fee21e82332dcb7070d57fee67ed5b6b?s=96&d=mm&r=g\",\"caption\":\"Redaction Matthania\"},\"url\":\"https:\\\/\\\/eglisematthania.com\\\/index.php\\\/author\\\/redaction-matthania\\\/\"}]}<\/script>\n<!-- \/ Yoast SEO plugin. -->","yoast_head_json":{"title":"JACQUES 5.7-11 L\u2019AVENT, PR\u00c9PAREZ LA VOIE - Eglise Matthania","robots":{"index":"index","follow":"follow","max-snippet":"max-snippet:-1","max-image-preview":"max-image-preview:large","max-video-preview":"max-video-preview:-1"},"canonical":"https:\/\/eglisematthania.com\/index.php\/2023\/12\/05\/jacques-5-7-11-lavent-preparez-la-voie\/","og_locale":"fr_FR","og_type":"article","og_title":"JACQUES 5.7-11 L\u2019AVENT, PR\u00c9PAREZ LA VOIE - Eglise Matthania","og_description":"Pr\u00e9dication culte du 03 d\u00e9cembre 2023 par le pasteur Claude Missidimbazi \u202d\u202d\u00ab Soyez donc patients, fr\u00e8res et s\u0153urs, jusqu\u2019au retour du Seigneur. Voyez le cultivateur: il attend le pr\u00e9cieux fruit de la terre en faisant preuve de patience envers lui jusqu&rsquo;\u00e0 ce qu&rsquo;il ait re\u00e7u les premi\u00e8res et les derni\u00e8res pluies. Vous aussi, soyez patients,...","og_url":"https:\/\/eglisematthania.com\/index.php\/2023\/12\/05\/jacques-5-7-11-lavent-preparez-la-voie\/","og_site_name":"Eglise Matthania","article_published_time":"2023-12-04T23:06:18+00:00","article_modified_time":"2024-01-10T11:37:34+00:00","og_image":[{"width":1280,"height":862,"url":"https:\/\/eglisematthania.com\/wp-content\/uploads\/2024\/01\/voie-jesus-avent.jpg","type":"image\/jpeg"}],"author":"Redaction Matthania","twitter_card":"summary_large_image","twitter_misc":{"\u00c9crit par":"Redaction Matthania","Dur\u00e9e de lecture estim\u00e9e":"10 minutes"},"schema":{"@context":"https:\/\/schema.org","@graph":[{"@type":"Article","@id":"https:\/\/eglisematthania.com\/index.php\/2023\/12\/05\/jacques-5-7-11-lavent-preparez-la-voie\/#article","isPartOf":{"@id":"https:\/\/eglisematthania.com\/index.php\/2023\/12\/05\/jacques-5-7-11-lavent-preparez-la-voie\/"},"author":{"name":"Redaction Matthania","@id":"https:\/\/eglisematthania.com\/#\/schema\/person\/dc8a6a5622532e51764c11fddb8c52a3"},"headline":"JACQUES 5.7-11 L\u2019AVENT, PR\u00c9PAREZ LA VOIE","datePublished":"2023-12-04T23:06:18+00:00","dateModified":"2024-01-10T11:37:34+00:00","mainEntityOfPage":{"@id":"https:\/\/eglisematthania.com\/index.php\/2023\/12\/05\/jacques-5-7-11-lavent-preparez-la-voie\/"},"wordCount":2170,"commentCount":0,"publisher":{"@id":"https:\/\/eglisematthania.com\/#organization"},"image":{"@id":"https:\/\/eglisematthania.com\/index.php\/2023\/12\/05\/jacques-5-7-11-lavent-preparez-la-voie\/#primaryimage"},"thumbnailUrl":"https:\/\/eglisematthania.com\/wp-content\/uploads\/2024\/01\/voie-jesus-avent.jpg","keywords":["Avent","Pr\u00e9paration","Reflexion"],"articleSection":["Enseignements"],"inLanguage":"fr-FR","potentialAction":[{"@type":"CommentAction","name":"Comment","target":["https:\/\/eglisematthania.com\/index.php\/2023\/12\/05\/jacques-5-7-11-lavent-preparez-la-voie\/#respond"]}]},{"@type":"WebPage","@id":"https:\/\/eglisematthania.com\/index.php\/2023\/12\/05\/jacques-5-7-11-lavent-preparez-la-voie\/","url":"https:\/\/eglisematthania.com\/index.php\/2023\/12\/05\/jacques-5-7-11-lavent-preparez-la-voie\/","name":"JACQUES 5.7-11 L\u2019AVENT, PR\u00c9PAREZ LA VOIE - Eglise Matthania","isPartOf":{"@id":"https:\/\/eglisematthania.com\/#website"},"primaryImageOfPage":{"@id":"https:\/\/eglisematthania.com\/index.php\/2023\/12\/05\/jacques-5-7-11-lavent-preparez-la-voie\/#primaryimage"},"image":{"@id":"https:\/\/eglisematthania.com\/index.php\/2023\/12\/05\/jacques-5-7-11-lavent-preparez-la-voie\/#primaryimage"},"thumbnailUrl":"https:\/\/eglisematthania.com\/wp-content\/uploads\/2024\/01\/voie-jesus-avent.jpg","datePublished":"2023-12-04T23:06:18+00:00","dateModified":"2024-01-10T11:37:34+00:00","breadcrumb":{"@id":"https:\/\/eglisematthania.com\/index.php\/2023\/12\/05\/jacques-5-7-11-lavent-preparez-la-voie\/#breadcrumb"},"inLanguage":"fr-FR","potentialAction":[{"@type":"ReadAction","target":["https:\/\/eglisematthania.com\/index.php\/2023\/12\/05\/jacques-5-7-11-lavent-preparez-la-voie\/"]}]},{"@type":"ImageObject","inLanguage":"fr-FR","@id":"https:\/\/eglisematthania.com\/index.php\/2023\/12\/05\/jacques-5-7-11-lavent-preparez-la-voie\/#primaryimage","url":"https:\/\/eglisematthania.com\/wp-content\/uploads\/2024\/01\/voie-jesus-avent.jpg","contentUrl":"https:\/\/eglisematthania.com\/wp-content\/uploads\/2024\/01\/voie-jesus-avent.jpg","width":1280,"height":862},{"@type":"BreadcrumbList","@id":"https:\/\/eglisematthania.com\/index.php\/2023\/12\/05\/jacques-5-7-11-lavent-preparez-la-voie\/#breadcrumb","itemListElement":[{"@type":"ListItem","position":1,"name":"Accueil","item":"https:\/\/eglisematthania.com\/"},{"@type":"ListItem","position":2,"name":"JACQUES 5.7-11 L\u2019AVENT, PR\u00c9PAREZ LA VOIE"}]},{"@type":"WebSite","@id":"https:\/\/eglisematthania.com\/#website","url":"https:\/\/eglisematthania.com\/","name":"Eglise Matthania","description":"\u00e9glise Protestante \u00e9vang\u00e9lique","publisher":{"@id":"https:\/\/eglisematthania.com\/#organization"},"potentialAction":[{"@type":"SearchAction","target":{"@type":"EntryPoint","urlTemplate":"https:\/\/eglisematthania.com\/?s={search_term_string}"},"query-input":{"@type":"PropertyValueSpecification","valueRequired":true,"valueName":"search_term_string"}}],"inLanguage":"fr-FR"},{"@type":"Organization","@id":"https:\/\/eglisematthania.com\/#organization","name":"Eglise Protestante \u00c9vang\u00e9lique Matthania","url":"https:\/\/eglisematthania.com\/","logo":{"@type":"ImageObject","inLanguage":"fr-FR","@id":"https:\/\/eglisematthania.com\/#\/schema\/logo\/image\/","url":"https:\/\/eglisematthania.com\/wp-content\/uploads\/2020\/03\/LogoSite3.png","contentUrl":"https:\/\/eglisematthania.com\/wp-content\/uploads\/2020\/03\/LogoSite3.png","width":258,"height":55,"caption":"Eglise Protestante \u00c9vang\u00e9lique Matthania"},"image":{"@id":"https:\/\/eglisematthania.com\/#\/schema\/logo\/image\/"}},{"@type":"Person","@id":"https:\/\/eglisematthania.com\/#\/schema\/person\/dc8a6a5622532e51764c11fddb8c52a3","name":"Redaction Matthania","image":{"@type":"ImageObject","inLanguage":"fr-FR","@id":"https:\/\/secure.gravatar.com\/avatar\/1414a88924072fc6032a395f2bd8af30fee21e82332dcb7070d57fee67ed5b6b?s=96&d=mm&r=g","url":"https:\/\/secure.gravatar.com\/avatar\/1414a88924072fc6032a395f2bd8af30fee21e82332dcb7070d57fee67ed5b6b?s=96&d=mm&r=g","contentUrl":"https:\/\/secure.gravatar.com\/avatar\/1414a88924072fc6032a395f2bd8af30fee21e82332dcb7070d57fee67ed5b6b?s=96&d=mm&r=g","caption":"Redaction Matthania"},"url":"https:\/\/eglisematthania.com\/index.php\/author\/redaction-matthania\/"}]}},"_links":{"self":[{"href":"https:\/\/eglisematthania.com\/index.php\/wp-json\/wp\/v2\/posts\/2441","targetHints":{"allow":["GET"]}}],"collection":[{"href":"https:\/\/eglisematthania.com\/index.php\/wp-json\/wp\/v2\/posts"}],"about":[{"href":"https:\/\/eglisematthania.com\/index.php\/wp-json\/wp\/v2\/types\/post"}],"author":[{"embeddable":true,"href":"https:\/\/eglisematthania.com\/index.php\/wp-json\/wp\/v2\/users\/4"}],"replies":[{"embeddable":true,"href":"https:\/\/eglisematthania.com\/index.php\/wp-json\/wp\/v2\/comments?post=2441"}],"version-history":[{"count":1,"href":"https:\/\/eglisematthania.com\/index.php\/wp-json\/wp\/v2\/posts\/2441\/revisions"}],"predecessor-version":[{"id":2442,"href":"https:\/\/eglisematthania.com\/index.php\/wp-json\/wp\/v2\/posts\/2441\/revisions\/2442"}],"wp:featuredmedia":[{"embeddable":true,"href":"https:\/\/eglisematthania.com\/index.php\/wp-json\/wp\/v2\/media\/2464"}],"wp:attachment":[{"href":"https:\/\/eglisematthania.com\/index.php\/wp-json\/wp\/v2\/media?parent=2441"}],"wp:term":[{"taxonomy":"category","embeddable":true,"href":"https:\/\/eglisematthania.com\/index.php\/wp-json\/wp\/v2\/categories?post=2441"},{"taxonomy":"post_tag","embeddable":true,"href":"https:\/\/eglisematthania.com\/index.php\/wp-json\/wp\/v2\/tags?post=2441"}],"curies":[{"name":"wp","href":"https:\/\/api.w.org\/{rel}","templated":true}]}}