{"id":2416,"date":"2023-11-06T06:20:28","date_gmt":"2023-11-06T05:20:28","guid":{"rendered":"https:\/\/eglisematthania.com\/?p=2416"},"modified":"2023-11-27T12:49:59","modified_gmt":"2023-11-27T11:49:59","slug":"galates-5-16-26-6-6-10-cultivez-le-fruit-de-lesprit-1ere-partie","status":"publish","type":"post","link":"https:\/\/eglisematthania.com\/index.php\/2023\/11\/06\/galates-5-16-26-6-6-10-cultivez-le-fruit-de-lesprit-1ere-partie\/","title":{"rendered":"GALATES 5.16-26, 6.6-10 CULTIVEZ LE FRUIT DE L\u2019ESPRIT (1\u00e8re partie)"},"content":{"rendered":"\n<h2 class=\"wp-block-heading\">Pr\u00e9dication culte du 05 novembre 2023 par le pasteur Claude Missidimbazi<\/h2>\n\n\n\n<p><em>\u00ab Je dis plut\u00f4t&nbsp;: marchez par l&rsquo;Esprit, et vous n&rsquo;accomplirez jamais ce que la chair d\u00e9sire. Car la chair a des d\u00e9sirs contraires \u00e0 l&rsquo;Esprit, et l&rsquo;Esprit en a de contraires \u00e0 la chair&nbsp;; ils sont oppos\u00e9s l&rsquo;un \u00e0 l&rsquo;autre, de sorte que vous ne faites pas ce que vous voudriez. Mais si vous \u00eates conduits par l&rsquo;Esprit, vous n&rsquo;\u00eates pas sous la loi. Or les \u0153uvres de la chair sont manifestes&nbsp;: inconduite sexuelle, impuret\u00e9, d\u00e9bauche, idol\u00e2trie, sorcellerie, hostilit\u00e9s, disputes, passions jalouses, fureurs, ambitions personnelles, divisions, dissensions, envie, beuveries, orgies et autres choses semblables. Je vous pr\u00e9viens, comme je l&rsquo;ai d\u00e9j\u00e0 fait&nbsp;: ceux qui pratiquent de telles choses n&rsquo;h\u00e9riteront pas le royaume de Dieu. Quant au fruit de l&rsquo;Esprit, c&rsquo;est&nbsp;: amour, joie, paix, patience, bont\u00e9, bienveillance, foi, douceur, ma\u00eetrise de soi&nbsp;; aucune loi n&rsquo;est contre de telles choses. Mais ceux qui appartiennent \u00e0 J\u00e9sus-Christ ont crucifi\u00e9 la chair avec ses passions et ses d\u00e9sirs. Si nous vivons par l&rsquo;Esprit, marchons aussi par l&rsquo;Esprit. Ne devenons pas vaniteux&nbsp;; cessons de nous provoquer les uns les autres, de nous porter envie les uns aux autres. \u00bb<\/em><\/p>\n\n\n\n<p>\u202d\u202dGalates\u202c \u202d5\u202c:.16\u202c-\u202d26\u202c<\/p>\n\n\n\n<p><em>\u00ab Que celui \u00e0 qui l&rsquo;on enseigne la Parole fasse participer \u00e0 tous ses biens celui qui l&rsquo;enseigne. Ne vous \u00e9garez pas&nbsp;: on ne se moque pas de Dieu. Ce qu&rsquo;un homme aura sem\u00e9, c&rsquo;est aussi ce qu&rsquo;il moissonnera. Celui qui s\u00e8me pour sa propre chair r\u00e9coltera la moisson de la chair&nbsp;: la pourriture&nbsp;; mais celui qui s\u00e8me pour l&rsquo;Esprit r\u00e9coltera la moisson de l&rsquo;Esprit&nbsp;: la vie \u00e9ternelle. Ne nous lassons pas de faire ce qui est bien, car nous moissonnerons en temps voulu, si nous ne nous rel\u00e2chons pas. Ainsi donc, pendant que nous en avons l&rsquo;occasion, \u0153uvrons pour le bien de tous, en particulier pour la maison de la foi. \u00bb<\/em><\/p>\n\n\n\n<p>\u202d\u202dGalates\u202c \u202d6\u202c:.6\u202c-\u202d10\u202c \u202d\u202c\u202c<\/p>\n\n\n\n<h3 class=\"wp-block-heading\">Introduction<\/h3>\n\n\n\n<p>L\u2019ignorance de la Bible, ne pas savoir ce que Dieu enseigne \u00e0 propos de la vraie vie spirituelle, est la faiblesse de l\u2019\u00c9glise d\u2019aujourd\u2019hui.<\/p>\n\n\n\n<p>Comment reconna\u00eet-on un vrai chr\u00e9tien, qui a re\u00e7u le Christ J\u00e9sus dans son c\u0153ur, qui a re\u00e7u le pardon du Seigneur et le don de l\u2019Esprit ?<\/p>\n\n\n\n<p>Un crit\u00e8re important nous est donn\u00e9 ici : il est question de porter le fruit de l\u2019Esprit, produit de la gr\u00e2ce de l\u2019action de Dieu dans nos vies.<\/p>\n\n\n\n<h3 class=\"wp-block-heading\">Un imp\u00e9ratif<\/h3>\n\n\n\n<p>L\u2019ap\u00f4tre Paul dit ici : \u00ab&nbsp;<em>Marchez par l&rsquo;Esprit, et vous n&rsquo;accomplirez jamais ce que la chair d\u00e9sire.&nbsp;\u00bb<\/em>&nbsp;(v.16)<\/p>\n\n\n\n<p>Nous avons dans ces mots un crit\u00e8re objectif qui nous permet de reconna\u00eetre les vrais enfants de Dieu.<\/p>\n\n\n\n<p>Le verbe&nbsp;<em>\u00ab&nbsp;marchez \u00bb<\/em>&nbsp;est au pr\u00e9sent et \u00e0 l\u2019imp\u00e9ratif :&nbsp;<em>\u00ab&nbsp;marcher dans l\u2019Esprit&nbsp;\u00bb<\/em>&nbsp;c\u2019est une attitude \u00e0 avoir continuellement, un comportement qu\u2019on maintient sans cesse, et c\u2019est \u00e9galement un ordre, un commandement venant du Saint Esprit.<\/p>\n\n\n\n<p>Quand on parle de marcher dans l\u2019Esprit, il ne s\u2019agit pas d\u2019avoir des visions, des illuminations : la marche dans l\u2019Esprit est un comportement qui se traduit par l\u2019ob\u00e9issance aux commandements de Dieu et la qu\u00eate de plaire au Seigneur.<\/p>\n\n\n\n<p>Il s\u2019agit ici d\u2019\u00eatre coh\u00e9rent avec ses convictions : le chr\u00e9tien vit avec le c\u0153ur au Ciel mais les pieds sur la Terre.<\/p>\n\n\n\n<p>Cet imp\u00e9ratif de marcher dans l\u2019Esprit est un ordre qui exige une participation de notre part.<\/p>\n\n\n\n<h3 class=\"wp-block-heading\">Un avant et un apr\u00e8s<\/h3>\n\n\n\n<p>Il est dit que si un chr\u00e9tien marche dans l\u2019Esprit, il n\u2019accomplira jamais les d\u00e9sirs de la chair.<\/p>\n\n\n\n<p>Nous devenons chr\u00e9tien gr\u00e2ce \u00e0 l\u2019Esprit Sain : Nous ne pouvons na\u00eetre de nouveau que si l\u2019Esprit du Christ vient sur nous.&nbsp;<\/p>\n\n\n\n<p>L\u2019Esprit habite alors dans nos c\u0153urs. Et parce que l\u2019Esprit habite le c\u0153ur du chr\u00e9tien, ce dernier doit d\u00e9sormais marcher selon l\u2019Esprit Saint.<\/p>\n\n\n\n<p>Il doit y avoir un avant et un apr\u00e8s la r\u00e9ception de l\u2019Esprit Saint :<\/p>\n\n\n\n<ul class=\"wp-block-list\">\n<li>Avant, nous marchions selon l\u2019esprit du monde, dans la chair,&nbsp;<\/li>\n\n\n\n<li>Apr\u00e8s, nous ne devons plus marcher selon l\u2019esprit de ce monde, mais selon l\u2019Esprit Saint, en pr\u00e9servant dans la foi.<\/li>\n<\/ul>\n\n\n\n<p>La vie dans l\u2019Esprit doit se manifester dans notre vie quotidienne. Il s\u2019agit de ne pas retomber dans les m\u00eames comportements qu\u2019avant.<\/p>\n\n\n\n<p>Nous avons ici une promesse remarquable :&nbsp;<em>\u00ab&nbsp;vous n&rsquo;accomplirez plus jamais les d\u00e9sirs de la chair.&nbsp;\u00bb<\/em><\/p>\n\n\n\n<p>Le chr\u00e9tien est un \u00eatre c\u00e9leste vivant dans le monde de la r\u00e9alit\u00e9 terrestre. Il ne s\u2019agit pas d\u2019attendre en se disant que la vie \u00e9ternelle se vivra apr\u00e8s la mort.<\/p>\n\n\n\n<p>La vie \u00e9ternelle c\u2019est ici et maintenant gr\u00e2ce \u00e0 l\u2019Esprit Saint.<\/p>\n\n\n\n<p>Pour l\u2019ap\u00f4tre Paul, ce qui est terrestre et humain est d\u00e9sign\u00e9 comme&nbsp;<em>\u00ab&nbsp;charnel&nbsp;\u00bb<\/em>.<\/p>\n\n\n\n<p>Vivre selon la chair c\u2019est vivre en accord avec les valeurs et les d\u00e9sirs de la vie actuelle qui sont en contradiction absolue avec Dieu et Ses voies.<\/p>\n\n\n\n<p>Ainsi, il dit plus haut dans la lettre :&nbsp;<em>\u00ab \u00cates-vous donc stupides \u00e0 ce point&nbsp;? Apr\u00e8s avoir commenc\u00e9 par l&rsquo;Esprit, allez-vous maintenant achever par la chair&nbsp;? \u00bb&nbsp;<\/em>(Galates 3.3)<\/p>\n\n\n\n<p>La vie chr\u00e9tienne commence avec l\u2019Esprit, se poursuit avec l\u2019Esprit et s\u2019ach\u00e8vera avec l\u2019Esprit.<\/p>\n\n\n\n<p>On peut avoir re\u00e7u l\u2019Esprit Saint et ne pas marcher selon l\u2019Esprit, malheureusement.<\/p>\n\n\n\n<h3 class=\"wp-block-heading\">Paradoxe et conflit<\/h3>\n\n\n\n<p><em>\u00ab&nbsp;Car la chair a des d\u00e9sirs contraires \u00e0 l&rsquo;Esprit, et l&rsquo;Esprit en a de contraires \u00e0 la chair&nbsp;; ils sont oppos\u00e9s l&rsquo;un \u00e0 l&rsquo;autre, de sorte que vous ne faites pas ce que vous voudriez.&nbsp;\u00bb&nbsp;<\/em>(v.17)<\/p>\n\n\n\n<p>Dans le c\u0153ur du chr\u00e9tien, il y a un conflit.<\/p>\n\n\n\n<p>Celui qui est conscient d\u2019avoir re\u00e7u l\u2019Esprit Saint vit un paradoxe : il veut bien faire le bien, mais une force en lui le pousse vers le mal.<\/p>\n\n\n\n<p>Il y a une guerre contre un ennemi int\u00e9rieur : la \u00ab&nbsp;chair&nbsp;\u00bb, ce qui est humain sans Dieu, ce qui est terrestre.<\/p>\n\n\n\n<p>Il y a une hostilit\u00e9 entre l\u2019Esprit et la chair : une opposition permanente existe entre les eux, ce sont des ennemis irr\u00e9conciliables.<\/p>\n\n\n\n<p>L\u2019Esprit Saint en nous r\u00e9ussit \u00e0 bloquer les d\u00e9sirs de la chair.<\/p>\n\n\n\n<p>Mais il y a un choix \u00e0 faire de notre c\u00f4t\u00e9 : quand le chr\u00e9tien marche dans l\u2019Esprit c\u2019est \u00e0 dire qu\u2019il fait des choix qui vont dans le sens des d\u00e9sirs de l\u2019Esprit.<\/p>\n\n\n\n<p>Aucune puissance ne peut arr\u00eater celui qui a re\u00e7u l\u2019Esprit du Christ de faire le choix de servir Dieu.<\/p>\n\n\n\n<p>Aujourd\u2019hui, avec l\u2019Esprit nous avons le pouvoir de rejeter les d\u00e9sirs de la chair.<\/p>\n\n\n\n<p>Il y a cette notion de&nbsp;<em>\u00ab&nbsp;d\u00e9j\u00e0 pas encore&nbsp;\u00bb&nbsp;<\/em>que nous devons avoir \u00e0 l\u2019esprit : nous sommes sauv\u00e9s mais nous ne sommes pas encore totalement dans la Gloire<\/p>\n\n\n\n<p>Nous avons le pardon de nos p\u00e9ch\u00e9s, nous avons la Parole, nous avons le don de l\u2019Esprit, l\u2019Esprit qui nous pousse et nous fait d\u00e9sirer les choses d\u2019en haut.<\/p>\n\n\n\n<p>Mais les d\u00e9sirs de p\u00e9cher ne sont pas absents, et ils sont parfois incroyablement forts. Ils sont si intenses qu\u2019une guerre entre la chair et l\u2019Esprit se d\u00e9roule dans le croyant.<\/p>\n\n\n\n<p>Mais b\u00e9ni soit Dieu car le Christ J\u00e9sus a vaincu pour nous. Et la pr\u00e9sence du Saint Esprit dans notre c\u0153ur est le plus grand bien que Dieu nous ait donn\u00e9.<\/p>\n\n\n\n<p>Le mot conflit est extr\u00eamement pratique : si le conflit entre la chair et l\u2019Esprit est fort dans notre vie, c\u2019est que r\u00e9ellement il y a quelque chose de Dieu en nous.<\/p>\n\n\n\n<p>Martin Luther a dit :&nbsp;<em>\u00ab&nbsp;Car qui conna\u00eetrait bien cet art de vivre par l\u2019Esprit, m\u00e9riterait d\u2019\u00eatre appel\u00e9 th\u00e9ologien.&nbsp;\u00bb<\/em><\/p>\n\n\n\n<h3 class=\"wp-block-heading\">La libert\u00e9 dans l\u2019Esprit<\/h3>\n\n\n\n<p><em>\u00ab Mais si vous \u00eates conduits par l&rsquo;Esprit, vous n&rsquo;\u00eates pas sous la loi. \u00bb<\/em>&nbsp;(v.18)<\/p>\n\n\n\n<p>Au d\u00e9but de sa lettre, l\u2019ap\u00f4tre Paul explique avoir pr\u00each\u00e9 aux Galates l\u2019\u00c9vangile du Christ. Cet \u00c9vangile parle du Christ crucifi\u00e9, mort et ressuscit\u00e9. Il parle de la justification par la foi.<\/p>\n\n\n\n<p>Mais des fauteurs de trouble sont venus, apr\u00e8s son d\u00e9part, pour pr\u00eacher un autre message contredisant la Bonne Nouvelle de la gr\u00e2ce, pour inciter \u00e0 chercher le salut dans la pratique des rites de la Loi.<\/p>\n\n\n\n<p>En fait, il est difficile d\u2019int\u00e9grer la gr\u00e2ce dans notre vie chr\u00e9tienne. Parce que lorsqu\u2019on pense \u00e0 la libert\u00e9 qu\u2019elle donne, on a l\u2019impression que l\u2019on a donc le droit de vivre n\u2019importe comment, comme bon nous chante.<\/p>\n\n\n\n<p>Mais m\u00eame si il y a libert\u00e9, il ne s\u2019agit pas de vivre de mani\u00e8re licencieuse : la gr\u00e2ce nous sauve en nous pardonnant, mais elle nous donne aussi de vivre dans la sanctification, sans laquelle personne ne verra le Seigneur.<\/p>\n\n\n\n<p>Le chr\u00e9tien a donc une autre loi, la loi de l\u2019Esprit, la loi de la libert\u00e9 qui est l\u2019amour : pour Dieu et pour le prochain.<\/p>\n\n\n\n<h3 class=\"wp-block-heading\">Les \u0153uvres de la chair<\/h3>\n\n\n\n<p>L\u2019ap\u00f4tre Paul indique ici que l\u2019on reconna\u00eet les gens qui ne sont pas dans l\u2019Esprit, en les regardant vivre : leurs \u0153uvres sont manifestes, \u00e9videntes, ind\u00e9niables\u2026<\/p>\n\n\n\n<p><em>\u00ab Or les \u0153uvres de la chair sont manifestes&nbsp;: inconduite sexuelle, impuret\u00e9, d\u00e9bauche, idol\u00e2trie, sorcellerie, hostilit\u00e9s, disputes, passions jalouses, fureurs, ambitions personnelles, divisions, dissensions, envie, beuveries, orgies et autres choses semblables. \u00bb<\/em><\/p>\n\n\n\n<p>\u202d\u202d(Galates\u202c \u202d5\u202c:.19\u202c-\u202d21\u202c)<\/p>\n\n\n\n<p>Les biblistes ont divis\u00e9 cette liste d\u2019\u0153uvres de la chair en 4 cat\u00e9gories :&nbsp;<\/p>\n\n\n\n<ul class=\"wp-block-list\">\n<li>Les p\u00e9ch\u00e9s sexuels : immoralit\u00e9 sexuelle, impuret\u00e9, d\u00e9bauche, d\u00e9pravation, infid\u00e9lit\u00e9 sexuelle&nbsp;<\/li>\n\n\n\n<li>Les p\u00e9ch\u00e9s religieux : idol\u00e2trie, sorcellerie<\/li>\n\n\n\n<li>Les p\u00e9ch\u00e9s sociaux : haine, rancunes, discorde, diff\u00e9rentes manifestations de la jalousie, acc\u00e8s de col\u00e8re, ambition \u00e9go\u00efste, contestation, dissension, factions, division, envie, ambitions personnelles<\/li>\n\n\n\n<li>Les p\u00e9ch\u00e9s de boissons \/ nourritures : orgies, ivresses, f\u00eates sauvages, beuveries&nbsp;<\/li>\n<\/ul>\n\n\n\n<p>La marche dans la chair divise, d\u00e9sunit, d\u00e9truit la communion, l\u2019unit\u00e9 et la saintet\u00e9.&nbsp;<\/p>\n\n\n\n<p>Celui qui marche dans l\u2019Esprit construit.&nbsp;<\/p>\n\n\n\n<p>Concernant les ambitions personnelles, on peut certes vouloir mieux \u00ab&nbsp;gagner sa vie&nbsp;\u00bb, gravir les \u00e9chelons professionnels, mais un chr\u00e9tien ne peut pas n\u2019avoir que des ambitions personnelles terrestres : il doit avoir des ambitions \u00ab&nbsp;c\u00e9lestes&nbsp;\u00bb pour l\u2019avanc\u00e9e du Royaume de Dieu !&nbsp;<\/p>\n\n\n\n<p>L\u2019ap\u00f4tre Paul donne un avertissement :&nbsp;<\/p>\n\n\n\n<p><em>\u00ab&nbsp;Je vous pr\u00e9viens, comme je l&rsquo;ai d\u00e9j\u00e0 fait&nbsp;: ceux qui pratiquent de telles choses n&rsquo;h\u00e9riteront pas le royaume de Dieu.&nbsp;\u00bb<\/em><\/p>\n\n\n\n<p>Il est rappel\u00e9 \u00e0 ceux qui sont tent\u00e9s de satisfaire la chair, que personne qui vit pour satisfaire ses d\u00e9sirs ne peut avoir une place dans le Royaume de Dieu, o\u00f9 la volont\u00e9 de Dieu est accomplie.<\/p>\n\n\n\n<h3 class=\"wp-block-heading\">Semer et r\u00e9colter<\/h3>\n\n\n\n<p><em>\u00ab&nbsp;Ne vous \u00e9garez pas&nbsp;: on ne se moque pas de Dieu. Ce qu&rsquo;un homme aura sem\u00e9, c&rsquo;est aussi ce qu&rsquo;il moissonnera. Celui qui s\u00e8me pour sa propre chair r\u00e9coltera la moisson de la chair&nbsp;: la pourriture&nbsp;; mais celui qui s\u00e8me pour l&rsquo;Esprit r\u00e9coltera la moisson de l&rsquo;Esprit&nbsp;: la vie \u00e9ternelle. \u00bb<\/em>&nbsp;(Galates\u202c \u202d6\u202c.\u202d7\u202c-\u202d8\u202c)<\/p>\n\n\n\n<p>Le croyant qui s\u00e8me dans l\u2019Esprit, qui m\u00e2che dans l\u2019Esprit, r\u00e9coltera la Vie \u00c9ternelle. Et, apr\u00e8s avoir combattu le bon combat, il aura comme h\u00e9ritage le Royaume de Dieu.&nbsp;<\/p>\n\n\n\n<p>L\u2019acompte de cette promesse est que nous avons re\u00e7u l\u2019Esprit Saint promis.<\/p>\n\n\n\n<p>Ceux qui s\u00e8ment dans la chair, r\u00e9colteront la moisson de la chair : la corruption, la pourriture, l\u2019incapacit\u00e9 \u00e0 entrer dans le Royaume de Dieu, la destruction et la mort.<\/p>\n\n\n\n<p>Nous constatons souvent que lorsqu\u2019une personne n\u2019ob\u00e9it pas \u00e0 Dieu alors qu\u2019elle entend Sa Parole sans cesse, la corruption s\u2019attaque, d\u00e8s ici bas, \u00e0 son c\u0153ur, jusqu\u2019\u00e0 possiblement devenir irr\u00e9cup\u00e9rable !<\/p>\n\n\n\n<p>Sortons de nos pr\u00e9occupations terrestres pour investir dans le monde c\u00e9leste.<\/p>\n\n\n\n<p><em>\u00ab&nbsp;L\u2019un s\u00e8me pour sa propre chair pour promouvoir sa chair. L\u2019autre s\u00e8me pour l\u2019Esprit pour promouvoir les int\u00e9r\u00eats de l\u2019Esprit.&nbsp;\u00bb<\/em><\/p>\n\n\n\n<p>Retenons qu\u2019il y aura toujours ce conflit, toujours ce paradoxe : nous aurons toujours deux natures, deux d\u00e9sirs et deux destin\u00e9es : \u00e0 chacun de choisir, \u00e0 chacun de semer dans le bon champs :<\/p>\n\n\n\n<ul class=\"wp-block-list\">\n<li>Soit le champ de la chair, vie v\u00e9cue selon les inclinations naturelles&nbsp;<\/li>\n\n\n\n<li>Soit le champ de l\u2019Esprit, vie v\u00e9cue selon les r\u00e8gles de Dieu.<\/li>\n<\/ul>\n\n\n\n<p>La r\u00e9colte d\u00e9pend de celui des deux champs qui est cultiv\u00e9 et de ce qui y est sem\u00e9 : les graines, qui sont nos pens\u00e9es et nos actes.<\/p>\n\n\n\n<p>Le chr\u00e9tien, qui s\u2019est laiss\u00e9 aller \u00e0 perdre de vue le Seigneur, est au mieux souill\u00e9, au pire perdu.<\/p>\n\n\n\n<p>Mais celui qui se tourne vers Dieu et qui ob\u00e9it \u00e0 ce commandement de marcher dans l\u2019Esprit, lui en marchant encore et encore et toujours r\u00e9coltera \u00e0 la fin la Vie \u00c9ternelle.<\/p>\n\n\n\n<p>Le r\u00e9sultat est assur\u00e9.&nbsp;<\/p>\n\n\n\n<p>Tout se joue maintenant.<\/p>\n\n\n\n<p>La Bible nous dit :&nbsp;<em>\u00ab Ne nous lassons pas de faire ce qui est bien, car nous moissonnerons en temps voulu, si nous ne nous rel\u00e2chons pas. \u00bb&nbsp;<\/em>(Galates\u202c \u202d6.9)<\/p>\n","protected":false},"excerpt":{"rendered":"<p>Pr\u00e9dication culte du 05 novembre 2023 par le pasteur Claude Missidimbazi \u00ab Je dis plut\u00f4t&nbsp;: marchez par l&rsquo;Esprit, et vous n&rsquo;accomplirez jamais ce que la chair d\u00e9sire. Car la chair a des d\u00e9sirs contraires \u00e0 l&rsquo;Esprit, et l&rsquo;Esprit en a de contraires \u00e0 la chair&nbsp;; ils sont oppos\u00e9s l&rsquo;un \u00e0 l&rsquo;autre, de sorte que vous&#8230;<\/p>\n","protected":false},"author":4,"featured_media":2429,"comment_status":"open","ping_status":"open","sticky":false,"template":"","format":"standard","meta":{"footnotes":""},"categories":[30],"tags":[347,446,445,443,444],"class_list":["post-2416","post","type-post","status-publish","format-standard","has-post-thumbnail","hentry","category-enseignements","tag-fruit-de-lesprit","tag-le-conflit-du-chretien","tag-le-paradoxe-chretien","tag-oeuvres-de-lesprit","tag-oeuvres-de-la-chair"],"yoast_head":"<!-- This site is optimized with the Yoast SEO plugin v27.3 - https:\/\/yoast.com\/product\/yoast-seo-wordpress\/ -->\n<title>GALATES 5.16-26, 6.6-10 CULTIVEZ LE FRUIT DE L\u2019ESPRIT (1\u00e8re partie) - Eglise Matthania<\/title>\n<meta name=\"robots\" content=\"index, follow, max-snippet:-1, max-image-preview:large, max-video-preview:-1\" \/>\n<link rel=\"canonical\" href=\"https:\/\/eglisematthania.com\/index.php\/2023\/11\/06\/galates-5-16-26-6-6-10-cultivez-le-fruit-de-lesprit-1ere-partie\/\" \/>\n<meta property=\"og:locale\" content=\"fr_FR\" \/>\n<meta property=\"og:type\" content=\"article\" \/>\n<meta property=\"og:title\" content=\"GALATES 5.16-26, 6.6-10 CULTIVEZ LE FRUIT DE L\u2019ESPRIT (1\u00e8re partie) - Eglise Matthania\" \/>\n<meta property=\"og:description\" content=\"Pr\u00e9dication culte du 05 novembre 2023 par le pasteur Claude Missidimbazi \u00ab Je dis plut\u00f4t&nbsp;: marchez par l&rsquo;Esprit, et vous n&rsquo;accomplirez jamais ce que la chair d\u00e9sire. Car la chair a des d\u00e9sirs contraires \u00e0 l&rsquo;Esprit, et l&rsquo;Esprit en a de contraires \u00e0 la chair&nbsp;; ils sont oppos\u00e9s l&rsquo;un \u00e0 l&rsquo;autre, de sorte que vous...\" \/>\n<meta property=\"og:url\" content=\"https:\/\/eglisematthania.com\/index.php\/2023\/11\/06\/galates-5-16-26-6-6-10-cultivez-le-fruit-de-lesprit-1ere-partie\/\" \/>\n<meta property=\"og:site_name\" content=\"Eglise Matthania\" \/>\n<meta property=\"article:published_time\" content=\"2023-11-06T05:20:28+00:00\" \/>\n<meta property=\"article:modified_time\" content=\"2023-11-27T11:49:59+00:00\" \/>\n<meta property=\"og:image\" content=\"https:\/\/eglisematthania.com\/wp-content\/uploads\/2023\/11\/Fruits-orange-pomme.jpg\" \/>\n\t<meta property=\"og:image:width\" content=\"1280\" \/>\n\t<meta property=\"og:image:height\" content=\"853\" \/>\n\t<meta property=\"og:image:type\" content=\"image\/jpeg\" \/>\n<meta name=\"author\" content=\"Redaction Matthania\" \/>\n<meta name=\"twitter:card\" content=\"summary_large_image\" \/>\n<meta name=\"twitter:label1\" content=\"\u00c9crit par\" \/>\n\t<meta name=\"twitter:data1\" content=\"Redaction Matthania\" \/>\n\t<meta name=\"twitter:label2\" content=\"Dur\u00e9e de lecture estim\u00e9e\" \/>\n\t<meta name=\"twitter:data2\" content=\"11 minutes\" \/>\n<script type=\"application\/ld+json\" class=\"yoast-schema-graph\">{\"@context\":\"https:\\\/\\\/schema.org\",\"@graph\":[{\"@type\":\"Article\",\"@id\":\"https:\\\/\\\/eglisematthania.com\\\/index.php\\\/2023\\\/11\\\/06\\\/galates-5-16-26-6-6-10-cultivez-le-fruit-de-lesprit-1ere-partie\\\/#article\",\"isPartOf\":{\"@id\":\"https:\\\/\\\/eglisematthania.com\\\/index.php\\\/2023\\\/11\\\/06\\\/galates-5-16-26-6-6-10-cultivez-le-fruit-de-lesprit-1ere-partie\\\/\"},\"author\":{\"name\":\"Redaction Matthania\",\"@id\":\"https:\\\/\\\/eglisematthania.com\\\/#\\\/schema\\\/person\\\/dc8a6a5622532e51764c11fddb8c52a3\"},\"headline\":\"GALATES 5.16-26, 6.6-10 CULTIVEZ LE FRUIT DE L\u2019ESPRIT (1\u00e8re partie)\",\"datePublished\":\"2023-11-06T05:20:28+00:00\",\"dateModified\":\"2023-11-27T11:49:59+00:00\",\"mainEntityOfPage\":{\"@id\":\"https:\\\/\\\/eglisematthania.com\\\/index.php\\\/2023\\\/11\\\/06\\\/galates-5-16-26-6-6-10-cultivez-le-fruit-de-lesprit-1ere-partie\\\/\"},\"wordCount\":2358,\"commentCount\":0,\"publisher\":{\"@id\":\"https:\\\/\\\/eglisematthania.com\\\/#organization\"},\"image\":{\"@id\":\"https:\\\/\\\/eglisematthania.com\\\/index.php\\\/2023\\\/11\\\/06\\\/galates-5-16-26-6-6-10-cultivez-le-fruit-de-lesprit-1ere-partie\\\/#primaryimage\"},\"thumbnailUrl\":\"https:\\\/\\\/eglisematthania.com\\\/wp-content\\\/uploads\\\/2023\\\/11\\\/Fruits-orange-pomme.jpg\",\"keywords\":[\"fruit de l&#039;esprit\",\"Le conflit du chr\u00e9tien\",\"Le paradoxe chretien\",\"Oeuvres de l\u2019Esprit\",\"Oeuvres de la chair\"],\"articleSection\":[\"Enseignements\"],\"inLanguage\":\"fr-FR\",\"potentialAction\":[{\"@type\":\"CommentAction\",\"name\":\"Comment\",\"target\":[\"https:\\\/\\\/eglisematthania.com\\\/index.php\\\/2023\\\/11\\\/06\\\/galates-5-16-26-6-6-10-cultivez-le-fruit-de-lesprit-1ere-partie\\\/#respond\"]}]},{\"@type\":\"WebPage\",\"@id\":\"https:\\\/\\\/eglisematthania.com\\\/index.php\\\/2023\\\/11\\\/06\\\/galates-5-16-26-6-6-10-cultivez-le-fruit-de-lesprit-1ere-partie\\\/\",\"url\":\"https:\\\/\\\/eglisematthania.com\\\/index.php\\\/2023\\\/11\\\/06\\\/galates-5-16-26-6-6-10-cultivez-le-fruit-de-lesprit-1ere-partie\\\/\",\"name\":\"GALATES 5.16-26, 6.6-10 CULTIVEZ LE FRUIT DE L\u2019ESPRIT (1\u00e8re partie) - Eglise Matthania\",\"isPartOf\":{\"@id\":\"https:\\\/\\\/eglisematthania.com\\\/#website\"},\"primaryImageOfPage\":{\"@id\":\"https:\\\/\\\/eglisematthania.com\\\/index.php\\\/2023\\\/11\\\/06\\\/galates-5-16-26-6-6-10-cultivez-le-fruit-de-lesprit-1ere-partie\\\/#primaryimage\"},\"image\":{\"@id\":\"https:\\\/\\\/eglisematthania.com\\\/index.php\\\/2023\\\/11\\\/06\\\/galates-5-16-26-6-6-10-cultivez-le-fruit-de-lesprit-1ere-partie\\\/#primaryimage\"},\"thumbnailUrl\":\"https:\\\/\\\/eglisematthania.com\\\/wp-content\\\/uploads\\\/2023\\\/11\\\/Fruits-orange-pomme.jpg\",\"datePublished\":\"2023-11-06T05:20:28+00:00\",\"dateModified\":\"2023-11-27T11:49:59+00:00\",\"breadcrumb\":{\"@id\":\"https:\\\/\\\/eglisematthania.com\\\/index.php\\\/2023\\\/11\\\/06\\\/galates-5-16-26-6-6-10-cultivez-le-fruit-de-lesprit-1ere-partie\\\/#breadcrumb\"},\"inLanguage\":\"fr-FR\",\"potentialAction\":[{\"@type\":\"ReadAction\",\"target\":[\"https:\\\/\\\/eglisematthania.com\\\/index.php\\\/2023\\\/11\\\/06\\\/galates-5-16-26-6-6-10-cultivez-le-fruit-de-lesprit-1ere-partie\\\/\"]}]},{\"@type\":\"ImageObject\",\"inLanguage\":\"fr-FR\",\"@id\":\"https:\\\/\\\/eglisematthania.com\\\/index.php\\\/2023\\\/11\\\/06\\\/galates-5-16-26-6-6-10-cultivez-le-fruit-de-lesprit-1ere-partie\\\/#primaryimage\",\"url\":\"https:\\\/\\\/eglisematthania.com\\\/wp-content\\\/uploads\\\/2023\\\/11\\\/Fruits-orange-pomme.jpg\",\"contentUrl\":\"https:\\\/\\\/eglisematthania.com\\\/wp-content\\\/uploads\\\/2023\\\/11\\\/Fruits-orange-pomme.jpg\",\"width\":1280,\"height\":853},{\"@type\":\"BreadcrumbList\",\"@id\":\"https:\\\/\\\/eglisematthania.com\\\/index.php\\\/2023\\\/11\\\/06\\\/galates-5-16-26-6-6-10-cultivez-le-fruit-de-lesprit-1ere-partie\\\/#breadcrumb\",\"itemListElement\":[{\"@type\":\"ListItem\",\"position\":1,\"name\":\"Accueil\",\"item\":\"https:\\\/\\\/eglisematthania.com\\\/\"},{\"@type\":\"ListItem\",\"position\":2,\"name\":\"GALATES 5.16-26, 6.6-10 CULTIVEZ LE FRUIT DE L\u2019ESPRIT (1\u00e8re partie)\"}]},{\"@type\":\"WebSite\",\"@id\":\"https:\\\/\\\/eglisematthania.com\\\/#website\",\"url\":\"https:\\\/\\\/eglisematthania.com\\\/\",\"name\":\"Eglise Matthania\",\"description\":\"\u00e9glise Protestante \u00e9vang\u00e9lique\",\"publisher\":{\"@id\":\"https:\\\/\\\/eglisematthania.com\\\/#organization\"},\"potentialAction\":[{\"@type\":\"SearchAction\",\"target\":{\"@type\":\"EntryPoint\",\"urlTemplate\":\"https:\\\/\\\/eglisematthania.com\\\/?s={search_term_string}\"},\"query-input\":{\"@type\":\"PropertyValueSpecification\",\"valueRequired\":true,\"valueName\":\"search_term_string\"}}],\"inLanguage\":\"fr-FR\"},{\"@type\":\"Organization\",\"@id\":\"https:\\\/\\\/eglisematthania.com\\\/#organization\",\"name\":\"Eglise Protestante \u00c9vang\u00e9lique Matthania\",\"url\":\"https:\\\/\\\/eglisematthania.com\\\/\",\"logo\":{\"@type\":\"ImageObject\",\"inLanguage\":\"fr-FR\",\"@id\":\"https:\\\/\\\/eglisematthania.com\\\/#\\\/schema\\\/logo\\\/image\\\/\",\"url\":\"https:\\\/\\\/eglisematthania.com\\\/wp-content\\\/uploads\\\/2020\\\/03\\\/LogoSite3.png\",\"contentUrl\":\"https:\\\/\\\/eglisematthania.com\\\/wp-content\\\/uploads\\\/2020\\\/03\\\/LogoSite3.png\",\"width\":258,\"height\":55,\"caption\":\"Eglise Protestante \u00c9vang\u00e9lique Matthania\"},\"image\":{\"@id\":\"https:\\\/\\\/eglisematthania.com\\\/#\\\/schema\\\/logo\\\/image\\\/\"}},{\"@type\":\"Person\",\"@id\":\"https:\\\/\\\/eglisematthania.com\\\/#\\\/schema\\\/person\\\/dc8a6a5622532e51764c11fddb8c52a3\",\"name\":\"Redaction Matthania\",\"image\":{\"@type\":\"ImageObject\",\"inLanguage\":\"fr-FR\",\"@id\":\"https:\\\/\\\/secure.gravatar.com\\\/avatar\\\/1414a88924072fc6032a395f2bd8af30fee21e82332dcb7070d57fee67ed5b6b?s=96&d=mm&r=g\",\"url\":\"https:\\\/\\\/secure.gravatar.com\\\/avatar\\\/1414a88924072fc6032a395f2bd8af30fee21e82332dcb7070d57fee67ed5b6b?s=96&d=mm&r=g\",\"contentUrl\":\"https:\\\/\\\/secure.gravatar.com\\\/avatar\\\/1414a88924072fc6032a395f2bd8af30fee21e82332dcb7070d57fee67ed5b6b?s=96&d=mm&r=g\",\"caption\":\"Redaction Matthania\"},\"url\":\"https:\\\/\\\/eglisematthania.com\\\/index.php\\\/author\\\/redaction-matthania\\\/\"}]}<\/script>\n<!-- \/ Yoast SEO plugin. -->","yoast_head_json":{"title":"GALATES 5.16-26, 6.6-10 CULTIVEZ LE FRUIT DE L\u2019ESPRIT (1\u00e8re partie) - Eglise Matthania","robots":{"index":"index","follow":"follow","max-snippet":"max-snippet:-1","max-image-preview":"max-image-preview:large","max-video-preview":"max-video-preview:-1"},"canonical":"https:\/\/eglisematthania.com\/index.php\/2023\/11\/06\/galates-5-16-26-6-6-10-cultivez-le-fruit-de-lesprit-1ere-partie\/","og_locale":"fr_FR","og_type":"article","og_title":"GALATES 5.16-26, 6.6-10 CULTIVEZ LE FRUIT DE L\u2019ESPRIT (1\u00e8re partie) - Eglise Matthania","og_description":"Pr\u00e9dication culte du 05 novembre 2023 par le pasteur Claude Missidimbazi \u00ab Je dis plut\u00f4t&nbsp;: marchez par l&rsquo;Esprit, et vous n&rsquo;accomplirez jamais ce que la chair d\u00e9sire. Car la chair a des d\u00e9sirs contraires \u00e0 l&rsquo;Esprit, et l&rsquo;Esprit en a de contraires \u00e0 la chair&nbsp;; ils sont oppos\u00e9s l&rsquo;un \u00e0 l&rsquo;autre, de sorte que vous...","og_url":"https:\/\/eglisematthania.com\/index.php\/2023\/11\/06\/galates-5-16-26-6-6-10-cultivez-le-fruit-de-lesprit-1ere-partie\/","og_site_name":"Eglise Matthania","article_published_time":"2023-11-06T05:20:28+00:00","article_modified_time":"2023-11-27T11:49:59+00:00","og_image":[{"width":1280,"height":853,"url":"https:\/\/eglisematthania.com\/wp-content\/uploads\/2023\/11\/Fruits-orange-pomme.jpg","type":"image\/jpeg"}],"author":"Redaction Matthania","twitter_card":"summary_large_image","twitter_misc":{"\u00c9crit par":"Redaction Matthania","Dur\u00e9e de lecture estim\u00e9e":"11 minutes"},"schema":{"@context":"https:\/\/schema.org","@graph":[{"@type":"Article","@id":"https:\/\/eglisematthania.com\/index.php\/2023\/11\/06\/galates-5-16-26-6-6-10-cultivez-le-fruit-de-lesprit-1ere-partie\/#article","isPartOf":{"@id":"https:\/\/eglisematthania.com\/index.php\/2023\/11\/06\/galates-5-16-26-6-6-10-cultivez-le-fruit-de-lesprit-1ere-partie\/"},"author":{"name":"Redaction Matthania","@id":"https:\/\/eglisematthania.com\/#\/schema\/person\/dc8a6a5622532e51764c11fddb8c52a3"},"headline":"GALATES 5.16-26, 6.6-10 CULTIVEZ LE FRUIT DE L\u2019ESPRIT (1\u00e8re partie)","datePublished":"2023-11-06T05:20:28+00:00","dateModified":"2023-11-27T11:49:59+00:00","mainEntityOfPage":{"@id":"https:\/\/eglisematthania.com\/index.php\/2023\/11\/06\/galates-5-16-26-6-6-10-cultivez-le-fruit-de-lesprit-1ere-partie\/"},"wordCount":2358,"commentCount":0,"publisher":{"@id":"https:\/\/eglisematthania.com\/#organization"},"image":{"@id":"https:\/\/eglisematthania.com\/index.php\/2023\/11\/06\/galates-5-16-26-6-6-10-cultivez-le-fruit-de-lesprit-1ere-partie\/#primaryimage"},"thumbnailUrl":"https:\/\/eglisematthania.com\/wp-content\/uploads\/2023\/11\/Fruits-orange-pomme.jpg","keywords":["fruit de l&#039;esprit","Le conflit du chr\u00e9tien","Le paradoxe chretien","Oeuvres de l\u2019Esprit","Oeuvres de la chair"],"articleSection":["Enseignements"],"inLanguage":"fr-FR","potentialAction":[{"@type":"CommentAction","name":"Comment","target":["https:\/\/eglisematthania.com\/index.php\/2023\/11\/06\/galates-5-16-26-6-6-10-cultivez-le-fruit-de-lesprit-1ere-partie\/#respond"]}]},{"@type":"WebPage","@id":"https:\/\/eglisematthania.com\/index.php\/2023\/11\/06\/galates-5-16-26-6-6-10-cultivez-le-fruit-de-lesprit-1ere-partie\/","url":"https:\/\/eglisematthania.com\/index.php\/2023\/11\/06\/galates-5-16-26-6-6-10-cultivez-le-fruit-de-lesprit-1ere-partie\/","name":"GALATES 5.16-26, 6.6-10 CULTIVEZ LE FRUIT DE L\u2019ESPRIT (1\u00e8re partie) - Eglise Matthania","isPartOf":{"@id":"https:\/\/eglisematthania.com\/#website"},"primaryImageOfPage":{"@id":"https:\/\/eglisematthania.com\/index.php\/2023\/11\/06\/galates-5-16-26-6-6-10-cultivez-le-fruit-de-lesprit-1ere-partie\/#primaryimage"},"image":{"@id":"https:\/\/eglisematthania.com\/index.php\/2023\/11\/06\/galates-5-16-26-6-6-10-cultivez-le-fruit-de-lesprit-1ere-partie\/#primaryimage"},"thumbnailUrl":"https:\/\/eglisematthania.com\/wp-content\/uploads\/2023\/11\/Fruits-orange-pomme.jpg","datePublished":"2023-11-06T05:20:28+00:00","dateModified":"2023-11-27T11:49:59+00:00","breadcrumb":{"@id":"https:\/\/eglisematthania.com\/index.php\/2023\/11\/06\/galates-5-16-26-6-6-10-cultivez-le-fruit-de-lesprit-1ere-partie\/#breadcrumb"},"inLanguage":"fr-FR","potentialAction":[{"@type":"ReadAction","target":["https:\/\/eglisematthania.com\/index.php\/2023\/11\/06\/galates-5-16-26-6-6-10-cultivez-le-fruit-de-lesprit-1ere-partie\/"]}]},{"@type":"ImageObject","inLanguage":"fr-FR","@id":"https:\/\/eglisematthania.com\/index.php\/2023\/11\/06\/galates-5-16-26-6-6-10-cultivez-le-fruit-de-lesprit-1ere-partie\/#primaryimage","url":"https:\/\/eglisematthania.com\/wp-content\/uploads\/2023\/11\/Fruits-orange-pomme.jpg","contentUrl":"https:\/\/eglisematthania.com\/wp-content\/uploads\/2023\/11\/Fruits-orange-pomme.jpg","width":1280,"height":853},{"@type":"BreadcrumbList","@id":"https:\/\/eglisematthania.com\/index.php\/2023\/11\/06\/galates-5-16-26-6-6-10-cultivez-le-fruit-de-lesprit-1ere-partie\/#breadcrumb","itemListElement":[{"@type":"ListItem","position":1,"name":"Accueil","item":"https:\/\/eglisematthania.com\/"},{"@type":"ListItem","position":2,"name":"GALATES 5.16-26, 6.6-10 CULTIVEZ LE FRUIT DE L\u2019ESPRIT (1\u00e8re partie)"}]},{"@type":"WebSite","@id":"https:\/\/eglisematthania.com\/#website","url":"https:\/\/eglisematthania.com\/","name":"Eglise Matthania","description":"\u00e9glise Protestante \u00e9vang\u00e9lique","publisher":{"@id":"https:\/\/eglisematthania.com\/#organization"},"potentialAction":[{"@type":"SearchAction","target":{"@type":"EntryPoint","urlTemplate":"https:\/\/eglisematthania.com\/?s={search_term_string}"},"query-input":{"@type":"PropertyValueSpecification","valueRequired":true,"valueName":"search_term_string"}}],"inLanguage":"fr-FR"},{"@type":"Organization","@id":"https:\/\/eglisematthania.com\/#organization","name":"Eglise Protestante \u00c9vang\u00e9lique Matthania","url":"https:\/\/eglisematthania.com\/","logo":{"@type":"ImageObject","inLanguage":"fr-FR","@id":"https:\/\/eglisematthania.com\/#\/schema\/logo\/image\/","url":"https:\/\/eglisematthania.com\/wp-content\/uploads\/2020\/03\/LogoSite3.png","contentUrl":"https:\/\/eglisematthania.com\/wp-content\/uploads\/2020\/03\/LogoSite3.png","width":258,"height":55,"caption":"Eglise Protestante \u00c9vang\u00e9lique Matthania"},"image":{"@id":"https:\/\/eglisematthania.com\/#\/schema\/logo\/image\/"}},{"@type":"Person","@id":"https:\/\/eglisematthania.com\/#\/schema\/person\/dc8a6a5622532e51764c11fddb8c52a3","name":"Redaction Matthania","image":{"@type":"ImageObject","inLanguage":"fr-FR","@id":"https:\/\/secure.gravatar.com\/avatar\/1414a88924072fc6032a395f2bd8af30fee21e82332dcb7070d57fee67ed5b6b?s=96&d=mm&r=g","url":"https:\/\/secure.gravatar.com\/avatar\/1414a88924072fc6032a395f2bd8af30fee21e82332dcb7070d57fee67ed5b6b?s=96&d=mm&r=g","contentUrl":"https:\/\/secure.gravatar.com\/avatar\/1414a88924072fc6032a395f2bd8af30fee21e82332dcb7070d57fee67ed5b6b?s=96&d=mm&r=g","caption":"Redaction Matthania"},"url":"https:\/\/eglisematthania.com\/index.php\/author\/redaction-matthania\/"}]}},"_links":{"self":[{"href":"https:\/\/eglisematthania.com\/index.php\/wp-json\/wp\/v2\/posts\/2416","targetHints":{"allow":["GET"]}}],"collection":[{"href":"https:\/\/eglisematthania.com\/index.php\/wp-json\/wp\/v2\/posts"}],"about":[{"href":"https:\/\/eglisematthania.com\/index.php\/wp-json\/wp\/v2\/types\/post"}],"author":[{"embeddable":true,"href":"https:\/\/eglisematthania.com\/index.php\/wp-json\/wp\/v2\/users\/4"}],"replies":[{"embeddable":true,"href":"https:\/\/eglisematthania.com\/index.php\/wp-json\/wp\/v2\/comments?post=2416"}],"version-history":[{"count":2,"href":"https:\/\/eglisematthania.com\/index.php\/wp-json\/wp\/v2\/posts\/2416\/revisions"}],"predecessor-version":[{"id":2418,"href":"https:\/\/eglisematthania.com\/index.php\/wp-json\/wp\/v2\/posts\/2416\/revisions\/2418"}],"wp:featuredmedia":[{"embeddable":true,"href":"https:\/\/eglisematthania.com\/index.php\/wp-json\/wp\/v2\/media\/2429"}],"wp:attachment":[{"href":"https:\/\/eglisematthania.com\/index.php\/wp-json\/wp\/v2\/media?parent=2416"}],"wp:term":[{"taxonomy":"category","embeddable":true,"href":"https:\/\/eglisematthania.com\/index.php\/wp-json\/wp\/v2\/categories?post=2416"},{"taxonomy":"post_tag","embeddable":true,"href":"https:\/\/eglisematthania.com\/index.php\/wp-json\/wp\/v2\/tags?post=2416"}],"curies":[{"name":"wp","href":"https:\/\/api.w.org\/{rel}","templated":true}]}}