{"id":2365,"date":"2023-09-11T11:45:23","date_gmt":"2023-09-11T09:45:23","guid":{"rendered":"https:\/\/eglisematthania.com\/?p=2365"},"modified":"2023-09-17T09:55:09","modified_gmt":"2023-09-17T07:55:09","slug":"marc-1-21-28-la-saintete-de-jesus","status":"publish","type":"post","link":"https:\/\/eglisematthania.com\/index.php\/2023\/09\/11\/marc-1-21-28-la-saintete-de-jesus\/","title":{"rendered":"MARC 1.21-28 LA SAINTET\u00c9 DE J\u00c9SUS"},"content":{"rendered":"\n<h2 class=\"wp-block-heading\">Pr\u00e9dication culte du 10 septembre 2023 par le pasteur Claude Missidimbazi <\/h2>\n\n\n\n<p><em>\u00ab Ils se rendirent \u00e0 Caperna\u00fcm. Et, le jour du sabbat, J\u00e9sus entra d&rsquo;abord dans la synagogue, et il enseigna. Ils \u00e9taient frapp\u00e9s de sa doctrine; car il enseignait comme ayant autorit\u00e9, et non pas comme les scribes. Il se trouva dans leur synagogue un homme qui avait un esprit impur, et qui s&rsquo;\u00e9cria : Qu&rsquo;y a-t-il entre nous et toi, J\u00e9sus de Nazareth ? Tu es venu pour nous perdre. Je sais qui tu es : le Saint de Dieu. J\u00e9sus le mena\u00e7a, disant : Tais-toi, et sors de cet homme. Et l&rsquo;esprit impur sortit de cet homme, en l&rsquo;agitant avec violence, et en poussant un grand cri. Tous furent saisis de stup\u00e9faction, de sorte qu&rsquo;ils se demandaient les uns aux autres : Qu&rsquo;est-ce que ceci ? Une nouvelle doctrine ! Il commande avec autorit\u00e9 m\u00eame aux esprits impurs, et ils lui ob\u00e9issent ! Et sa renomm\u00e9e se r\u00e9pandit aussit\u00f4t dans tous les lieux environnants de la Galil\u00e9e. \u00bb<\/em><\/p>\n\n\n\n<p>\u202d\u202d(Marc\u202c \u202d1.21-28)<\/p>\n\n\n\n<h3 class=\"wp-block-heading\">Introduction<\/h3>\n\n\n\n<p>L\u2019autorit\u00e9 de satan ne fait pas le poids face \u00e0 la puissance et la pr\u00e9sence impressionnante du Royaume de Dieu dans la personne du Christ J\u00e9sus.<\/p>\n\n\n\n<p>Parce qu\u2019Il est le Saint de Dieu, le Christ J\u00e9sus n\u2019a qu\u2019\u00e0 parler et les d\u00e9mons doivent ob\u00e9ir.<\/p>\n\n\n\n<p>Nous lisons dans les Actes des Ap\u00f4tres :&nbsp;<em>\u00ab Vous savez comment Dieu a d\u00e9vers\u00e9 une onction de l\u2019Esprit Saint et de puissance sur J\u00e9sus de Nazareth, qui allait de lieu en lieu en faisant le bien et en gu\u00e9rissant tous ceux qui \u00e9taient sous la domination du diable, parce que Dieu \u00e9tait avec lui. \u00bb&nbsp;<\/em>(Actes 10.38)<\/p>\n\n\n\n<p>Ce matin, il est question de la saintet\u00e9 du Christ J\u00e9sus.<\/p>\n\n\n\n<p>Cette saintet\u00e9 est \u00e0 la base de l\u2019action du Christ J\u00e9sus. D\u00e8s que la lumi\u00e8re de la saintet\u00e9 et de la v\u00e9rit\u00e9 brille dans le royaume des t\u00e9n\u00e8bres, le p\u00e9ch\u00e9 est expos\u00e9, les esprits impurs sont irrit\u00e9s.<\/p>\n\n\n\n<h3 class=\"wp-block-heading\">J\u00e9sus enseigne dans la synagogue de Caperna\u00fcm<\/h3>\n\n\n\n<p><em>\u00ab Puis ils entr\u00e8rent dans Caperna\u00fcm; et aussit\u00f4t apr\u00e8s, au jour du Sabbat, \u00e9tant entr\u00e9 dans la Synagogue, il enseignait. \u00bb<\/em><\/p>\n\n\n\n<p>\u202d\u202d(Marc\u202c \u202d1.21)<\/p>\n\n\n\n<p>Le r\u00e9cit nous dit que J\u00e9sus et quatre de Ses disciples (Simon, Andr\u00e9, Jacques et Jean) se rendaient \u00e0 Caperna\u00fcm, une grande ville anim\u00e9e.<\/p>\n\n\n\n<p>Le Christ ne s\u2019est pas rendu dans les commerces ou les sites remarquables de cette grande ville, mais \u00e0 la synagogue.<\/p>\n\n\n\n<p>La synagogue \u00e9tait un lieu de pri\u00e8res et d\u2019enseignement.<\/p>\n\n\n\n<p>Mais c\u2019\u00e9tait surtout un lieu o\u00f9 il y avait des rituels, des r\u00e8gles, mais pas de relations avec le Dieu vivant par l\u2019interm\u00e9diaire du Messie, il y avait de la religion mais pas de repentance,&nbsp;<\/p>\n\n\n\n<p>Le mot&nbsp;<em>\u00ab&nbsp;aussit\u00f4t&nbsp;\u00bb<\/em>, mot privil\u00e9gi\u00e9 de l\u2019auteur, qu\u2019on retrouve plus de 40 fois dans l\u2019Evangile de Marc, dynamise notre r\u00e9cit.<\/p>\n\n\n\n<p>L\u2019ap\u00f4tre Paul suivra la m\u00eame strat\u00e9gie que le Christ J\u00e9sus, en se rendant d\u00e8s l\u2019arriv\u00e9e dans une ville, d\u2019abord dans les lieux de cultes, les synagogues et ce afin d\u2019enseigner les Saintes \u00c9critures.&nbsp;<\/p>\n\n\n\n<p>L\u2019approche du Christ, et de Paul par la suite, \u00e9tait de lire les Saintes \u00c9critures, les expliquer et enfin les mettre en pratique.<\/p>\n\n\n\n<p>Pour le Christ J\u00e9sus la premi\u00e8re \u00e9tape \u00e9tait toujours l\u2019enseignement sur la base des \u00c9critures.<\/p>\n\n\n\n<p>Quelle a \u00e9t\u00e9 la r\u00e9action des gens \u00e0 l\u2019enseignement du Christ ?<\/p>\n\n\n\n<p><em>\u00ab Ses auditeurs \u00e9taient profond\u00e9ment impressionn\u00e9s par son enseignement, car il parlait avec une autorit\u00e9 que n\u2019avaient pas les sp\u00e9cialistes de la Loi. \u00bb<\/em>&nbsp;(Marc\u202c \u202d1.22)<\/p>\n\n\n\n<p>Ils \u00e9taient \u00e9poustoufl\u00e9s. L\u2019enseignement du Christ J\u00e9sus \u00e9tait un v\u00e9ritable choc : un puissant flot de v\u00e9rit\u00e9 in\u00e9dite.<\/p>\n\n\n\n<p>Ce qui \u00e9tait particuli\u00e8rement \u00e9tonnant c\u2019est que le Christ J\u00e9sus enseignait comme ayant autorit\u00e9 et non pas comme les scribes qui eux s\u2019appuyaient sur leurs pr\u00e9d\u00e9cesseurs et la tradition.<\/p>\n\n\n\n<p>Le Christ affirmait :&nbsp;<em>\u00ab&nbsp;Moi je dis\u2026&nbsp;\u00bb<\/em>, car Il est Celui qui est Dieu. En tant que Dieu, Il parle avec Sa puissance.<\/p>\n\n\n\n<h3 class=\"wp-block-heading\">Un homme poss\u00e9d\u00e9 par un esprit impur<\/h3>\n\n\n\n<p>Ce jour de sabbat, un homme poss\u00e9d\u00e9 par un esprit impur \u00e9tait assis dans cette maison de culte.<\/p>\n\n\n\n<p><em>\u00ab Il se trouva dans leur synagogue un homme qui avait un esprit impur, et qui s&rsquo;\u00e9cria\u2026 \u00bb<\/em>&nbsp;\u202d\u202d(Marc\u202c \u202d1.23)<\/p>\n\n\n\n<p>La pr\u00e9sence du Christ J\u00e9sus, apportant la lumi\u00e8re de v\u00e9rit\u00e9 et de saintet\u00e9, va changer cet homme poss\u00e9d\u00e9 d\u2019un esprit impur.<\/p>\n\n\n\n<p>Cet esprit est qualifi\u00e9&nbsp;<em>\u00ab&nbsp;d\u2019impur&nbsp;\u00bb<\/em>.&nbsp;<\/p>\n\n\n\n<p>L\u2019impuret\u00e9 d\u00e9signait tout ce qui est incompatible avec Dieu, tout ce qui Lui est oppos\u00e9, tout ce qui fait obstacle \u00e0 une relation normale avec Lui.<\/p>\n\n\n\n<p>L\u2019impuret\u00e9 est oppos\u00e9 \u00e0 la saintet\u00e9.<\/p>\n\n\n\n<p>C\u2019est la saintet\u00e9 du Christ, qui a mis \u00e0 jour la pr\u00e9sence de cet esprit impur qui poss\u00e9dait cet homme.<\/p>\n\n\n\n<p>Ailleurs, nous pouvons lire que ces esprits impurs pouvaient rendre une personne muette, sourde, aveugle ou folle.<\/p>\n\n\n\n<p>Seul Dieu peur les vaincre et nous d\u00e9livrer par la puissance de Son Esprit.<\/p>\n\n\n\n<p>L\u2019esprit mauvais cria :&nbsp;<em>\u00ab Qu&rsquo;y a-t-il entre nous et toi, J\u00e9sus de Nazareth ? Tu es venu pour nous perdre. Je sais qui tu es : le Saint de Dieu. \u00bb<\/em>&nbsp;(Marc\u202c \u202d1\u202c.24)\u202c\u202c<\/p>\n\n\n\n<p>L\u2019esprit impur savait deux choses que d\u2019autres ne savaient pas, \u00e0 savoir que&nbsp;<\/p>\n\n\n\n<ul class=\"wp-block-list\">\n<li>Le Christ J\u00e9sus \u00e9tait venu d\u00e9truire le pouvoir des t\u00e9n\u00e8bres et&nbsp;<\/li>\n\n\n\n<li>Il est le Saint de Dieu.&nbsp;<\/li>\n<\/ul>\n\n\n\n<p>Il n\u2019y a aucun accord entre la lumi\u00e8re du Christ et les t\u00e9n\u00e8bres de l\u2019impuret\u00e9. Il n\u2019y a pas de terrain commun (2 Corinthiens&nbsp;6.14-17), d\u00e8s que la lumi\u00e8re du Royaume de Dieu \u00e9clate, les t\u00e9n\u00e8bres disparaissent.&nbsp;<\/p>\n\n\n\n<p>C\u2019est deux sph\u00e8res incompatibles, deux natures oppos\u00e9es, deux royaumes qui ne peuvent cohabiter !<\/p>\n\n\n\n<p>Le Christ J\u00e9sus est la v\u00e9ritable lumi\u00e8re.<\/p>\n\n\n\n<p>Ceux qui marchent avec Lui, doivent marcher dans la lumi\u00e8re : la v\u00e9rit\u00e9, sans hypocrisie, sans calomnies, etc.<\/p>\n\n\n\n<p>L\u2019esprit impur semblait craindre que l\u2019heure de sa destruction soit venue et l\u2019identit\u00e9 du Seigneur Jesus Christ ne semblait faire aucun doute pour lui :&nbsp;<em>\u00abJe sais qui tu es : le Saint de Dieu. \u00bb<\/em><\/p>\n\n\n\n<p>La saintet\u00e9 absolue et parfaite de la personne de Dieu \u00e9tait visible en J\u00e9sus Christ.<\/p>\n\n\n\n<p>Ce que l\u2019esprit semble avoir vu, au contraire des autres dans l\u2019assistance, que le Christ J\u00e9sus \u00e9tait plus qu\u2019un simple fils de charpentier, plus qu\u2019un simple pr\u00e9dicateur des Saintes \u00c9critures, plus qu\u2019un simple enseignant.&nbsp;<\/p>\n\n\n\n<p>C\u2019est incroyable que cette si haute confession vienne d\u2019un esprit impur et de l\u00e8vres aussi impies !<\/p>\n\n\n\n<p>Partout o\u00f9 il y a la v\u00e9rit\u00e9, il y aura des esprits impurs qui s\u2019y opposeront via les hommes qu\u2019ils poss\u00e8dent.<\/p>\n\n\n\n<p>Mais quand J\u00e9sus est l\u00e0, les t\u00e9n\u00e8bres reculent.&nbsp;<\/p>\n\n\n\n<h3 class=\"wp-block-heading\">La saintet\u00e9 du Christ<\/h3>\n\n\n\n<p>Nous lisons dans les Saintes \u00c9critures que la saintet\u00e9 est le propre de Dieu.&nbsp;<\/p>\n\n\n\n<p>Dieu seul est Saint, peut on lire dans le Premier Testament.<\/p>\n\n\n\n<p>La Bible affirme par ailleurs que le Christ J\u00e9sus est saint !<\/p>\n\n\n\n<p>Avant m\u00eame Sa naissance, ce qualificatif est donn\u00e9 \u00e0 J\u00e9sus par l\u2019ange Gabriel lors de l\u2019Annonciation :&nbsp;<em>\u00ab&nbsp;Celui qui va na\u00eetre sera saint&nbsp;\u00bb<\/em>&nbsp;(Luc 1.35).<\/p>\n\n\n\n<p>Il s\u2019agit l\u00e0 d\u2019une des plus anciennes expressions de la divinit\u00e9 du Christ J\u00e9sus, qui est descendu du Ciel pour sauver les p\u00e9cheurs.<\/p>\n\n\n\n<p>Son \u00eatre est saint, Son caract\u00e8re est saint, Son Esprit est saint, Ses motifs sont saints, Ses paroles sont saintes, Ses actes sont saints, Ses voies sont saintes, Ses jugements sont saints\u2026 Il est Saint !<\/p>\n\n\n\n<p>L\u2019id\u00e9e m\u00eame de saintet\u00e9 du Christ \u00e9voque la profonde diff\u00e9rence entre Lui et nous.<\/p>\n\n\n\n<p>Le mot saintet\u00e9 veut en outre dire&nbsp;<em>\u00ab&nbsp;r\u00e9serv\u00e9 \u00e0 Dieu&nbsp;\u00bb<\/em>&nbsp;: Le Christ a \u00e9t\u00e9 consacr\u00e9e \u00e0 Son P\u00e8re&nbsp;<\/p>\n\n\n\n<p>De m\u00eame que nous sommes aussi saints, consacr\u00e9s \u00e0 Dieu, corps et \u00e2mes, temps et biens\u2026<\/p>\n\n\n\n<p>L\u2019id\u00e9e de saintet\u00e9 montre aussi la grande diff\u00e9rence entre le Christ J\u00e9sus et nous. La saintet\u00e9 du Christ montre qu\u2019Il est transcendant, unique, grand\u2026<\/p>\n\n\n\n<p>Si nous poussons la r\u00e9flexion sur ce titre \u00ab&nbsp;Saint de Dieu&nbsp;\u00bb, nous devons retenir qu\u2019il s\u2019agit d\u2019 :<\/p>\n\n\n\n<ul class=\"wp-block-list\">\n<li>Un titre de divinit\u00e9 :&nbsp;<em>\u00ab Simon Pierre lui r\u00e9pondit : Seigneur, \u00e0 qui irions-nous ? Tu as les paroles de la vie \u00e9ternelle. Et nous avons cru et nous avons connu que tu es le Christ, le Saint de Dieu.\u00bb<\/em>&nbsp; (Jean 6.66-70 )<\/li>\n\n\n\n<li>Un titre de l\u2019humanit\u00e9 : le Christ est descendu du Ciel,<em>&nbsp;\u00ab&nbsp;Et la Parole a \u00e9t\u00e9 faite chair, et elle a habit\u00e9 parmi nous, pleine de gr\u00e2ce et de v\u00e9rit\u00e9; et nous avons contempl\u00e9 sa gloire, une gloire comme la gloire du Fils unique venu du P\u00e8re. \u00bb<\/em>&nbsp;(\u202d\u202dJean\u202c \u202d1.14)<\/li>\n\n\n\n<li>Un titre de perfection : parce que le Christ est sans p\u00e9ch\u00e9, vraiment parfait et unique :\n<ul class=\"wp-block-list\">\n<li><em>\u00ab&nbsp;[\u2026] Il n\u2019y a point en Lui de p\u00e9ch\u00e9.&nbsp;\u00bb<\/em>&nbsp;(1 Jean 3.5)<\/li>\n\n\n\n<li><em>\u00ab Lui qui n&rsquo;a point commis de p\u00e9ch\u00e9,Et dans la bouche duquel il ne s&rsquo;est point trouv\u00e9 de fraude\u2026<\/em>&nbsp;\u00bb \u202d\u202d(1 Pierre 2.22)<\/li>\n\n\n\n<li><em>\u00ab&nbsp;Lui qui n&rsquo;a point connu le p\u00e9ch\u00e9\u2026&nbsp;\u00bb<\/em>&nbsp;( 2 Corinthiens 5.21)<\/li>\n\n\n\n<li><em>\u00ab Qui de vous me convaincra de p\u00e9ch\u00e9 ? \u2026 \u00bb<\/em>&nbsp;(Jean\u202c \u202d8\u202c.46)<\/li>\n<\/ul>\n<\/li>\n<\/ul>\n\n\n\n<h3 class=\"wp-block-heading\">Le Royaume de Dieu apporte la nouveaut\u00e9<\/h3>\n\n\n\n<p><em>\u00ab J\u00e9sus le mena\u00e7a, disant : Tais-toi, et sors de cet homme. Et l&rsquo;esprit impur sortit de cet homme, en l&rsquo;agitant avec violence, et en poussant un grand cri. \u00bb<\/em>&nbsp;(Marc\u202c \u202d1\u202c.25\u202c-\u202d26\u202c)&nbsp;<\/p>\n\n\n\n<p>Le Christ expulse l\u2019esprit mauvais par Sa seule parole souveraine.&nbsp;<\/p>\n\n\n\n<p><em>\u00ab Tous furent saisis de stup\u00e9faction, de sorte qu&rsquo;ils se demandaient les uns aux autres : Qu&rsquo;est-ce que ceci ? Une nouvelle doctrine ! Il commande avec autorit\u00e9 m\u00eame aux esprits impurs, et ils lui ob\u00e9issent ! \u00bb<\/em><\/p>\n\n\n\n<p>\u202d\u202d(Marc\u202c \u202d1\u202c.27\u202c)<\/p>\n\n\n\n<p>Le Christ J\u00e9sus montre ici que le Royaume de Dieu ne reste pas en paroles, mais que c\u2019est un Royaume qui est force et vie.<\/p>\n\n\n\n<p>Le temps est accompli, le R\u00e8gne de Dieu est l\u00e0 !&nbsp;<\/p>\n\n\n\n<p>Le Christ J\u00e9sus est r\u00e9ellement celui qui vainc les forces du mal.<\/p>\n\n\n\n<p>Dans cette confrontation, nous voyons un aper\u00e7u du triomphe du Seigneur J\u00e9sus sur la sph\u00e8re des t\u00e9n\u00e8bres :&nbsp;<\/p>\n\n\n\n<ul class=\"wp-block-list\">\n<li><em>\u00ab [\u2026] Le Fils de Dieu a paru afin de d\u00e9truire les \u0153uvres du diable. \u00bb<\/em>&nbsp;(\u202d\u202d1 Jean\u202c \u202d3.8)<\/li>\n\n\n\n<li><em>\u00ab Maintenant a lieu le jugement de ce monde; maintenant le prince de ce monde sera jet\u00e9 dehors. \u00bb<\/em>&nbsp;(Jean 12.31)<\/li>\n<\/ul>\n\n\n\n<p>Le Christ ressuscit\u00e9 est le grand triomphateur !&nbsp;<em>\u00ab Gr\u00e2ces soient rendues \u00e0 Dieu, qui nous donne la victoire par notre Seigneur J\u00e9sus-Christ ! \u00bb<\/em>&nbsp;\u202d\u202d(1 Corinthiens\u202c \u202d15.57)<\/p>\n\n\n\n<h3 class=\"wp-block-heading\">Conclusion<\/h3>\n\n\n\n<p>Le Christ a fait une action in\u00e9dite dans ce r\u00e9cit.<\/p>\n\n\n\n<p>Ce miracle am\u00e8ne la foule \u00e0 s\u2019exclamer que le Christ J\u00e9sus a enseign\u00e9 avec autorit\u00e9.&nbsp;<\/p>\n\n\n\n<p>L\u2019autorit\u00e9 par laquelle le Christ J\u00e9sus pratique les exorcismes est absolue : un simple ordre est donn\u00e9, et il n\u2019y a pas de contestations.&nbsp;<\/p>\n\n\n\n<p>Quelle ironie ! Les esprits impurs connaissaient l\u2019identit\u00e9 du Christ mais les gens de la foule continuaient \u00e0 se poser des questions \u00e0 son sujet !<\/p>\n\n\n\n<p>L\u2019autorit\u00e9 de satan ne fait pas le poids face \u00e0 La puissance et la pr\u00e9sence impressionnante du Royaume de Dieu dans la personne du Christ J\u00e9sus.<\/p>\n\n\n\n<p>Parce qu\u2019Il est le Saint de Dieu, le Christ J\u00e9sus n\u2019a qu\u2019\u00e0 parler et les d\u00e9mons doivent ob\u00e9ir.<\/p>\n\n\n\n<p>Lorsque le Christ r\u00e8gne dans nos vies, la domination de l\u2019esprit du mal est mise en d\u00e9route et le Royaume de Dieu prend racine !<\/p>\n","protected":false},"excerpt":{"rendered":"<p>Pr\u00e9dication culte du 10 septembre 2023 par le pasteur Claude Missidimbazi \u00ab Ils se rendirent \u00e0 Caperna\u00fcm. Et, le jour du sabbat, J\u00e9sus entra d&rsquo;abord dans la synagogue, et il enseigna. Ils \u00e9taient frapp\u00e9s de sa doctrine; car il enseignait comme ayant autorit\u00e9, et non pas comme les scribes. Il se trouva dans leur synagogue&#8230;<\/p>\n","protected":false},"author":4,"featured_media":2374,"comment_status":"open","ping_status":"open","sticky":false,"template":"","format":"standard","meta":{"footnotes":""},"categories":[30,1],"tags":[426,425,423,424],"class_list":["post-2365","post","type-post","status-publish","format-standard","has-post-thumbnail","hentry","category-enseignements","category-jesus-le-christ","tag-jesus-le-christ","tag-la-nouveaute-du-royaume","tag-la-saintete-de-jesus","tag-le-royaume-de-dieu"],"yoast_head":"<!-- This site is optimized with the Yoast SEO plugin v27.3 - https:\/\/yoast.com\/product\/yoast-seo-wordpress\/ -->\n<title>MARC 1.21-28 LA SAINTET\u00c9 DE J\u00c9SUS - Eglise Matthania<\/title>\n<meta name=\"robots\" content=\"index, follow, max-snippet:-1, max-image-preview:large, max-video-preview:-1\" \/>\n<link rel=\"canonical\" href=\"https:\/\/eglisematthania.com\/index.php\/2023\/09\/11\/marc-1-21-28-la-saintete-de-jesus\/\" \/>\n<meta property=\"og:locale\" content=\"fr_FR\" \/>\n<meta property=\"og:type\" content=\"article\" \/>\n<meta property=\"og:title\" content=\"MARC 1.21-28 LA SAINTET\u00c9 DE J\u00c9SUS - Eglise Matthania\" \/>\n<meta property=\"og:description\" content=\"Pr\u00e9dication culte du 10 septembre 2023 par le pasteur Claude Missidimbazi \u00ab Ils se rendirent \u00e0 Caperna\u00fcm. Et, le jour du sabbat, J\u00e9sus entra d&rsquo;abord dans la synagogue, et il enseigna. Ils \u00e9taient frapp\u00e9s de sa doctrine; car il enseignait comme ayant autorit\u00e9, et non pas comme les scribes. Il se trouva dans leur synagogue...\" \/>\n<meta property=\"og:url\" content=\"https:\/\/eglisematthania.com\/index.php\/2023\/09\/11\/marc-1-21-28-la-saintete-de-jesus\/\" \/>\n<meta property=\"og:site_name\" content=\"Eglise Matthania\" \/>\n<meta property=\"article:published_time\" content=\"2023-09-11T09:45:23+00:00\" \/>\n<meta property=\"article:modified_time\" content=\"2023-09-17T07:55:09+00:00\" \/>\n<meta property=\"og:image\" content=\"https:\/\/eglisematthania.com\/wp-content\/uploads\/2023\/09\/Jesus-Bible.jpg\" \/>\n\t<meta property=\"og:image:width\" content=\"1280\" \/>\n\t<meta property=\"og:image:height\" content=\"853\" \/>\n\t<meta property=\"og:image:type\" content=\"image\/jpeg\" \/>\n<meta name=\"author\" content=\"Redaction Matthania\" \/>\n<meta name=\"twitter:card\" content=\"summary_large_image\" \/>\n<meta name=\"twitter:label1\" content=\"\u00c9crit par\" \/>\n\t<meta name=\"twitter:data1\" content=\"Redaction Matthania\" \/>\n\t<meta name=\"twitter:label2\" content=\"Dur\u00e9e de lecture estim\u00e9e\" \/>\n\t<meta name=\"twitter:data2\" content=\"9 minutes\" \/>\n<script type=\"application\/ld+json\" class=\"yoast-schema-graph\">{\"@context\":\"https:\\\/\\\/schema.org\",\"@graph\":[{\"@type\":\"Article\",\"@id\":\"https:\\\/\\\/eglisematthania.com\\\/index.php\\\/2023\\\/09\\\/11\\\/marc-1-21-28-la-saintete-de-jesus\\\/#article\",\"isPartOf\":{\"@id\":\"https:\\\/\\\/eglisematthania.com\\\/index.php\\\/2023\\\/09\\\/11\\\/marc-1-21-28-la-saintete-de-jesus\\\/\"},\"author\":{\"name\":\"Redaction Matthania\",\"@id\":\"https:\\\/\\\/eglisematthania.com\\\/#\\\/schema\\\/person\\\/dc8a6a5622532e51764c11fddb8c52a3\"},\"headline\":\"MARC 1.21-28 LA SAINTET\u00c9 DE J\u00c9SUS\",\"datePublished\":\"2023-09-11T09:45:23+00:00\",\"dateModified\":\"2023-09-17T07:55:09+00:00\",\"mainEntityOfPage\":{\"@id\":\"https:\\\/\\\/eglisematthania.com\\\/index.php\\\/2023\\\/09\\\/11\\\/marc-1-21-28-la-saintete-de-jesus\\\/\"},\"wordCount\":2017,\"commentCount\":0,\"publisher\":{\"@id\":\"https:\\\/\\\/eglisematthania.com\\\/#organization\"},\"image\":{\"@id\":\"https:\\\/\\\/eglisematthania.com\\\/index.php\\\/2023\\\/09\\\/11\\\/marc-1-21-28-la-saintete-de-jesus\\\/#primaryimage\"},\"thumbnailUrl\":\"https:\\\/\\\/eglisematthania.com\\\/wp-content\\\/uploads\\\/2023\\\/09\\\/Jesus-Bible.jpg\",\"keywords\":[\"Jesus le Christ\",\"La nouveaut\u00e9 du royaume\",\"La Saintet\u00e9 de Jesus\",\"Le royaume de Dieu\"],\"articleSection\":[\"Enseignements\",\"Jesus Le Christ\"],\"inLanguage\":\"fr-FR\",\"potentialAction\":[{\"@type\":\"CommentAction\",\"name\":\"Comment\",\"target\":[\"https:\\\/\\\/eglisematthania.com\\\/index.php\\\/2023\\\/09\\\/11\\\/marc-1-21-28-la-saintete-de-jesus\\\/#respond\"]}]},{\"@type\":\"WebPage\",\"@id\":\"https:\\\/\\\/eglisematthania.com\\\/index.php\\\/2023\\\/09\\\/11\\\/marc-1-21-28-la-saintete-de-jesus\\\/\",\"url\":\"https:\\\/\\\/eglisematthania.com\\\/index.php\\\/2023\\\/09\\\/11\\\/marc-1-21-28-la-saintete-de-jesus\\\/\",\"name\":\"MARC 1.21-28 LA SAINTET\u00c9 DE J\u00c9SUS - Eglise Matthania\",\"isPartOf\":{\"@id\":\"https:\\\/\\\/eglisematthania.com\\\/#website\"},\"primaryImageOfPage\":{\"@id\":\"https:\\\/\\\/eglisematthania.com\\\/index.php\\\/2023\\\/09\\\/11\\\/marc-1-21-28-la-saintete-de-jesus\\\/#primaryimage\"},\"image\":{\"@id\":\"https:\\\/\\\/eglisematthania.com\\\/index.php\\\/2023\\\/09\\\/11\\\/marc-1-21-28-la-saintete-de-jesus\\\/#primaryimage\"},\"thumbnailUrl\":\"https:\\\/\\\/eglisematthania.com\\\/wp-content\\\/uploads\\\/2023\\\/09\\\/Jesus-Bible.jpg\",\"datePublished\":\"2023-09-11T09:45:23+00:00\",\"dateModified\":\"2023-09-17T07:55:09+00:00\",\"breadcrumb\":{\"@id\":\"https:\\\/\\\/eglisematthania.com\\\/index.php\\\/2023\\\/09\\\/11\\\/marc-1-21-28-la-saintete-de-jesus\\\/#breadcrumb\"},\"inLanguage\":\"fr-FR\",\"potentialAction\":[{\"@type\":\"ReadAction\",\"target\":[\"https:\\\/\\\/eglisematthania.com\\\/index.php\\\/2023\\\/09\\\/11\\\/marc-1-21-28-la-saintete-de-jesus\\\/\"]}]},{\"@type\":\"ImageObject\",\"inLanguage\":\"fr-FR\",\"@id\":\"https:\\\/\\\/eglisematthania.com\\\/index.php\\\/2023\\\/09\\\/11\\\/marc-1-21-28-la-saintete-de-jesus\\\/#primaryimage\",\"url\":\"https:\\\/\\\/eglisematthania.com\\\/wp-content\\\/uploads\\\/2023\\\/09\\\/Jesus-Bible.jpg\",\"contentUrl\":\"https:\\\/\\\/eglisematthania.com\\\/wp-content\\\/uploads\\\/2023\\\/09\\\/Jesus-Bible.jpg\",\"width\":1280,\"height\":853},{\"@type\":\"BreadcrumbList\",\"@id\":\"https:\\\/\\\/eglisematthania.com\\\/index.php\\\/2023\\\/09\\\/11\\\/marc-1-21-28-la-saintete-de-jesus\\\/#breadcrumb\",\"itemListElement\":[{\"@type\":\"ListItem\",\"position\":1,\"name\":\"Accueil\",\"item\":\"https:\\\/\\\/eglisematthania.com\\\/\"},{\"@type\":\"ListItem\",\"position\":2,\"name\":\"MARC 1.21-28 LA SAINTET\u00c9 DE J\u00c9SUS\"}]},{\"@type\":\"WebSite\",\"@id\":\"https:\\\/\\\/eglisematthania.com\\\/#website\",\"url\":\"https:\\\/\\\/eglisematthania.com\\\/\",\"name\":\"Eglise Matthania\",\"description\":\"\u00e9glise Protestante \u00e9vang\u00e9lique\",\"publisher\":{\"@id\":\"https:\\\/\\\/eglisematthania.com\\\/#organization\"},\"potentialAction\":[{\"@type\":\"SearchAction\",\"target\":{\"@type\":\"EntryPoint\",\"urlTemplate\":\"https:\\\/\\\/eglisematthania.com\\\/?s={search_term_string}\"},\"query-input\":{\"@type\":\"PropertyValueSpecification\",\"valueRequired\":true,\"valueName\":\"search_term_string\"}}],\"inLanguage\":\"fr-FR\"},{\"@type\":\"Organization\",\"@id\":\"https:\\\/\\\/eglisematthania.com\\\/#organization\",\"name\":\"Eglise Protestante \u00c9vang\u00e9lique Matthania\",\"url\":\"https:\\\/\\\/eglisematthania.com\\\/\",\"logo\":{\"@type\":\"ImageObject\",\"inLanguage\":\"fr-FR\",\"@id\":\"https:\\\/\\\/eglisematthania.com\\\/#\\\/schema\\\/logo\\\/image\\\/\",\"url\":\"https:\\\/\\\/eglisematthania.com\\\/wp-content\\\/uploads\\\/2020\\\/03\\\/LogoSite3.png\",\"contentUrl\":\"https:\\\/\\\/eglisematthania.com\\\/wp-content\\\/uploads\\\/2020\\\/03\\\/LogoSite3.png\",\"width\":258,\"height\":55,\"caption\":\"Eglise Protestante \u00c9vang\u00e9lique Matthania\"},\"image\":{\"@id\":\"https:\\\/\\\/eglisematthania.com\\\/#\\\/schema\\\/logo\\\/image\\\/\"}},{\"@type\":\"Person\",\"@id\":\"https:\\\/\\\/eglisematthania.com\\\/#\\\/schema\\\/person\\\/dc8a6a5622532e51764c11fddb8c52a3\",\"name\":\"Redaction Matthania\",\"image\":{\"@type\":\"ImageObject\",\"inLanguage\":\"fr-FR\",\"@id\":\"https:\\\/\\\/secure.gravatar.com\\\/avatar\\\/1414a88924072fc6032a395f2bd8af30fee21e82332dcb7070d57fee67ed5b6b?s=96&d=mm&r=g\",\"url\":\"https:\\\/\\\/secure.gravatar.com\\\/avatar\\\/1414a88924072fc6032a395f2bd8af30fee21e82332dcb7070d57fee67ed5b6b?s=96&d=mm&r=g\",\"contentUrl\":\"https:\\\/\\\/secure.gravatar.com\\\/avatar\\\/1414a88924072fc6032a395f2bd8af30fee21e82332dcb7070d57fee67ed5b6b?s=96&d=mm&r=g\",\"caption\":\"Redaction Matthania\"},\"url\":\"https:\\\/\\\/eglisematthania.com\\\/index.php\\\/author\\\/redaction-matthania\\\/\"}]}<\/script>\n<!-- \/ Yoast SEO plugin. -->","yoast_head_json":{"title":"MARC 1.21-28 LA SAINTET\u00c9 DE J\u00c9SUS - Eglise Matthania","robots":{"index":"index","follow":"follow","max-snippet":"max-snippet:-1","max-image-preview":"max-image-preview:large","max-video-preview":"max-video-preview:-1"},"canonical":"https:\/\/eglisematthania.com\/index.php\/2023\/09\/11\/marc-1-21-28-la-saintete-de-jesus\/","og_locale":"fr_FR","og_type":"article","og_title":"MARC 1.21-28 LA SAINTET\u00c9 DE J\u00c9SUS - Eglise Matthania","og_description":"Pr\u00e9dication culte du 10 septembre 2023 par le pasteur Claude Missidimbazi \u00ab Ils se rendirent \u00e0 Caperna\u00fcm. Et, le jour du sabbat, J\u00e9sus entra d&rsquo;abord dans la synagogue, et il enseigna. Ils \u00e9taient frapp\u00e9s de sa doctrine; car il enseignait comme ayant autorit\u00e9, et non pas comme les scribes. Il se trouva dans leur synagogue...","og_url":"https:\/\/eglisematthania.com\/index.php\/2023\/09\/11\/marc-1-21-28-la-saintete-de-jesus\/","og_site_name":"Eglise Matthania","article_published_time":"2023-09-11T09:45:23+00:00","article_modified_time":"2023-09-17T07:55:09+00:00","og_image":[{"width":1280,"height":853,"url":"https:\/\/eglisematthania.com\/wp-content\/uploads\/2023\/09\/Jesus-Bible.jpg","type":"image\/jpeg"}],"author":"Redaction Matthania","twitter_card":"summary_large_image","twitter_misc":{"\u00c9crit par":"Redaction Matthania","Dur\u00e9e de lecture estim\u00e9e":"9 minutes"},"schema":{"@context":"https:\/\/schema.org","@graph":[{"@type":"Article","@id":"https:\/\/eglisematthania.com\/index.php\/2023\/09\/11\/marc-1-21-28-la-saintete-de-jesus\/#article","isPartOf":{"@id":"https:\/\/eglisematthania.com\/index.php\/2023\/09\/11\/marc-1-21-28-la-saintete-de-jesus\/"},"author":{"name":"Redaction Matthania","@id":"https:\/\/eglisematthania.com\/#\/schema\/person\/dc8a6a5622532e51764c11fddb8c52a3"},"headline":"MARC 1.21-28 LA SAINTET\u00c9 DE J\u00c9SUS","datePublished":"2023-09-11T09:45:23+00:00","dateModified":"2023-09-17T07:55:09+00:00","mainEntityOfPage":{"@id":"https:\/\/eglisematthania.com\/index.php\/2023\/09\/11\/marc-1-21-28-la-saintete-de-jesus\/"},"wordCount":2017,"commentCount":0,"publisher":{"@id":"https:\/\/eglisematthania.com\/#organization"},"image":{"@id":"https:\/\/eglisematthania.com\/index.php\/2023\/09\/11\/marc-1-21-28-la-saintete-de-jesus\/#primaryimage"},"thumbnailUrl":"https:\/\/eglisematthania.com\/wp-content\/uploads\/2023\/09\/Jesus-Bible.jpg","keywords":["Jesus le Christ","La nouveaut\u00e9 du royaume","La Saintet\u00e9 de Jesus","Le royaume de Dieu"],"articleSection":["Enseignements","Jesus Le Christ"],"inLanguage":"fr-FR","potentialAction":[{"@type":"CommentAction","name":"Comment","target":["https:\/\/eglisematthania.com\/index.php\/2023\/09\/11\/marc-1-21-28-la-saintete-de-jesus\/#respond"]}]},{"@type":"WebPage","@id":"https:\/\/eglisematthania.com\/index.php\/2023\/09\/11\/marc-1-21-28-la-saintete-de-jesus\/","url":"https:\/\/eglisematthania.com\/index.php\/2023\/09\/11\/marc-1-21-28-la-saintete-de-jesus\/","name":"MARC 1.21-28 LA SAINTET\u00c9 DE J\u00c9SUS - Eglise Matthania","isPartOf":{"@id":"https:\/\/eglisematthania.com\/#website"},"primaryImageOfPage":{"@id":"https:\/\/eglisematthania.com\/index.php\/2023\/09\/11\/marc-1-21-28-la-saintete-de-jesus\/#primaryimage"},"image":{"@id":"https:\/\/eglisematthania.com\/index.php\/2023\/09\/11\/marc-1-21-28-la-saintete-de-jesus\/#primaryimage"},"thumbnailUrl":"https:\/\/eglisematthania.com\/wp-content\/uploads\/2023\/09\/Jesus-Bible.jpg","datePublished":"2023-09-11T09:45:23+00:00","dateModified":"2023-09-17T07:55:09+00:00","breadcrumb":{"@id":"https:\/\/eglisematthania.com\/index.php\/2023\/09\/11\/marc-1-21-28-la-saintete-de-jesus\/#breadcrumb"},"inLanguage":"fr-FR","potentialAction":[{"@type":"ReadAction","target":["https:\/\/eglisematthania.com\/index.php\/2023\/09\/11\/marc-1-21-28-la-saintete-de-jesus\/"]}]},{"@type":"ImageObject","inLanguage":"fr-FR","@id":"https:\/\/eglisematthania.com\/index.php\/2023\/09\/11\/marc-1-21-28-la-saintete-de-jesus\/#primaryimage","url":"https:\/\/eglisematthania.com\/wp-content\/uploads\/2023\/09\/Jesus-Bible.jpg","contentUrl":"https:\/\/eglisematthania.com\/wp-content\/uploads\/2023\/09\/Jesus-Bible.jpg","width":1280,"height":853},{"@type":"BreadcrumbList","@id":"https:\/\/eglisematthania.com\/index.php\/2023\/09\/11\/marc-1-21-28-la-saintete-de-jesus\/#breadcrumb","itemListElement":[{"@type":"ListItem","position":1,"name":"Accueil","item":"https:\/\/eglisematthania.com\/"},{"@type":"ListItem","position":2,"name":"MARC 1.21-28 LA SAINTET\u00c9 DE J\u00c9SUS"}]},{"@type":"WebSite","@id":"https:\/\/eglisematthania.com\/#website","url":"https:\/\/eglisematthania.com\/","name":"Eglise Matthania","description":"\u00e9glise Protestante \u00e9vang\u00e9lique","publisher":{"@id":"https:\/\/eglisematthania.com\/#organization"},"potentialAction":[{"@type":"SearchAction","target":{"@type":"EntryPoint","urlTemplate":"https:\/\/eglisematthania.com\/?s={search_term_string}"},"query-input":{"@type":"PropertyValueSpecification","valueRequired":true,"valueName":"search_term_string"}}],"inLanguage":"fr-FR"},{"@type":"Organization","@id":"https:\/\/eglisematthania.com\/#organization","name":"Eglise Protestante \u00c9vang\u00e9lique Matthania","url":"https:\/\/eglisematthania.com\/","logo":{"@type":"ImageObject","inLanguage":"fr-FR","@id":"https:\/\/eglisematthania.com\/#\/schema\/logo\/image\/","url":"https:\/\/eglisematthania.com\/wp-content\/uploads\/2020\/03\/LogoSite3.png","contentUrl":"https:\/\/eglisematthania.com\/wp-content\/uploads\/2020\/03\/LogoSite3.png","width":258,"height":55,"caption":"Eglise Protestante \u00c9vang\u00e9lique Matthania"},"image":{"@id":"https:\/\/eglisematthania.com\/#\/schema\/logo\/image\/"}},{"@type":"Person","@id":"https:\/\/eglisematthania.com\/#\/schema\/person\/dc8a6a5622532e51764c11fddb8c52a3","name":"Redaction Matthania","image":{"@type":"ImageObject","inLanguage":"fr-FR","@id":"https:\/\/secure.gravatar.com\/avatar\/1414a88924072fc6032a395f2bd8af30fee21e82332dcb7070d57fee67ed5b6b?s=96&d=mm&r=g","url":"https:\/\/secure.gravatar.com\/avatar\/1414a88924072fc6032a395f2bd8af30fee21e82332dcb7070d57fee67ed5b6b?s=96&d=mm&r=g","contentUrl":"https:\/\/secure.gravatar.com\/avatar\/1414a88924072fc6032a395f2bd8af30fee21e82332dcb7070d57fee67ed5b6b?s=96&d=mm&r=g","caption":"Redaction Matthania"},"url":"https:\/\/eglisematthania.com\/index.php\/author\/redaction-matthania\/"}]}},"_links":{"self":[{"href":"https:\/\/eglisematthania.com\/index.php\/wp-json\/wp\/v2\/posts\/2365","targetHints":{"allow":["GET"]}}],"collection":[{"href":"https:\/\/eglisematthania.com\/index.php\/wp-json\/wp\/v2\/posts"}],"about":[{"href":"https:\/\/eglisematthania.com\/index.php\/wp-json\/wp\/v2\/types\/post"}],"author":[{"embeddable":true,"href":"https:\/\/eglisematthania.com\/index.php\/wp-json\/wp\/v2\/users\/4"}],"replies":[{"embeddable":true,"href":"https:\/\/eglisematthania.com\/index.php\/wp-json\/wp\/v2\/comments?post=2365"}],"version-history":[{"count":2,"href":"https:\/\/eglisematthania.com\/index.php\/wp-json\/wp\/v2\/posts\/2365\/revisions"}],"predecessor-version":[{"id":2375,"href":"https:\/\/eglisematthania.com\/index.php\/wp-json\/wp\/v2\/posts\/2365\/revisions\/2375"}],"wp:featuredmedia":[{"embeddable":true,"href":"https:\/\/eglisematthania.com\/index.php\/wp-json\/wp\/v2\/media\/2374"}],"wp:attachment":[{"href":"https:\/\/eglisematthania.com\/index.php\/wp-json\/wp\/v2\/media?parent=2365"}],"wp:term":[{"taxonomy":"category","embeddable":true,"href":"https:\/\/eglisematthania.com\/index.php\/wp-json\/wp\/v2\/categories?post=2365"},{"taxonomy":"post_tag","embeddable":true,"href":"https:\/\/eglisematthania.com\/index.php\/wp-json\/wp\/v2\/tags?post=2365"}],"curies":[{"name":"wp","href":"https:\/\/api.w.org\/{rel}","templated":true}]}}