{"id":2268,"date":"2023-06-12T07:54:07","date_gmt":"2023-06-12T05:54:07","guid":{"rendered":"https:\/\/eglisematthania.com\/?p=2268"},"modified":"2023-06-26T17:18:26","modified_gmt":"2023-06-26T15:18:26","slug":"jean-14-15-20-le-saint-esprit-toujours-present-avec-nous","status":"publish","type":"post","link":"https:\/\/eglisematthania.com\/index.php\/2023\/06\/12\/jean-14-15-20-le-saint-esprit-toujours-present-avec-nous\/","title":{"rendered":"JEAN\u00a014.15-20. LE SAINT ESPRIT TOUJOURS PR\u00c9SENT AVEC NOUS"},"content":{"rendered":"\n<h2 class=\"wp-block-heading\">Pr\u00e9dication culte du 11 juin 2023 par le pasteur Claude Missidimbazi<\/h2>\n\n\n\n<p><em>\u00ab Si vous m&rsquo;aimez, vous garderez mes commandements, et moi, je prierai le P\u00e8re, et il vous donnera un autre Consolateur qui soit \u00e9ternellement avec vous, l&rsquo;Esprit de v\u00e9rit\u00e9, que le monde ne peut pas recevoir, parce qu&rsquo;il ne le voit pas et ne le conna\u00eet pas; mais vous, vous le connaissez, parce qu&rsquo;il demeure pr\u00e8s de vous et qu&rsquo;il sera en vous. Je ne vous laisserai pas orphelins, je viens vers vous. Encore un peu de temps, et le monde ne me verra plus, mais vous, vous me verrez parce que moi je vis, et que, vous aussi, vous vivrez. En ce jour-l\u00e0, vous conna\u00eetrez que moi, je suis en mon P\u00e8re, vous en moi, et moi en vous. \u00bb<\/em><\/p>\n\n\n\n<p>\u202d\u202d(Jean\u202c \u202d14\u202c.15-20)<\/p>\n\n\n\n<h3 class=\"wp-block-heading\">Introduction<\/h3>\n\n\n\n<p>Le jour de Pentec\u00f4te le Saint Esprit est descendu sur les 120 disciples r\u00e9unis dans la chambre haute.<\/p>\n\n\n\n<p><strong><em>Et l\u2019\u00c9glise \u00e0 travers son exp\u00e9rience de l\u2019Esprit d\u00e9couvre son identit\u00e9, car en recevant l\u2019Esprit, elle re\u00e7oit J\u00e9sus.<\/em><\/strong><\/p>\n\n\n\n<p>Le texte de ce jour est un texte clef, car ici le Christ J\u00e9sus d\u00e9finit Lui-m\u00eame le Saint Esprit :&nbsp;<strong><em>Il est l\u2019Esprit de v\u00e9rit\u00e9.<\/em><\/strong><\/p>\n\n\n\n<p>Nous savons par ailleurs, que l\u2019Esprit m est Dieu : une pr\u00e9sence, une personne, une puissance.&nbsp;<\/p>\n\n\n\n<p>Dire que l\u2019Esprit Saint est \u00ab\u00a0L\u2019Esprit de v\u00e9rit\u00e9\u00a0\u00bb, cela veut dire que lorsque l\u2019Esprit est \u00e0 l\u2019\u0153uvre, Il cr\u00e9e, Il apporte la v\u00e9rit\u00e9. Il prend de ce qui est au Christ J\u00e9sus et nous l\u2019annonce.<\/p>\n\n\n\n<p>C\u2019est ainsi que l\u2019\u00c9glise \u00e0 travers son exp\u00e9rience de l\u2019Esprit de Dieu d\u00e9couvre son identit\u00e9.<\/p>\n\n\n\n<h3 class=\"wp-block-heading\">L\u2019Esprit est avec nous pour toujours<\/h3>\n\n\n\n<p>Le but du don du Paraclet par le P\u00e8re est qu\u2019Il soit avec nous pour toujours (v.16).&nbsp;<\/p>\n\n\n\n<p>L\u2019Esprit donc est donn\u00e9 afin que la pr\u00e9sence divine soit continuellement avec les disciples de J\u00e9sus, quelques soient les circonstances favorables ou adverses.<\/p>\n\n\n\n<p>Bien trop souvent on se d\u00e9finit par rapport \u00e0 ce que l\u2019on poss\u00e8de. Lorsque notre identit\u00e9 d\u00e9pend des choses mat\u00e9rielles, en g\u00e9n\u00e9ral, lorsque cela s\u2019\u00e9vanouit, seuls l\u2019angoisse, la peur, l\u2019inqui\u00e9tude et le manque restent. Mais lorsque notre identit\u00e9 est spirituelle et est en Christ J\u00e9sus, nous resterons heureux et \u00e9panouis en Christ, quelques soient les circonstances.<\/p>\n\n\n\n<p>Lorsque nous recevons de la part du Seigneur la d\u00e9finition de qui est le Saint Esprit nous ne pouvons pas nous \u00e9garer nous m\u00eames. Le Saint Esprit \u00e9tant l\u2019Esprit de v\u00e9rit\u00e9, le chr\u00e9tien qui affirme avoir l\u2019Esprit en lui, ne sera pas un menteur, il sera toujours vrai car son identit\u00e9 d\u00e9pend de l\u2019action de l\u2019Esprit de v\u00e9rit\u00e9.<\/p>\n\n\n\n<p>Aujourd\u2019hui, au quotidien, tout disciple de J\u00e9sus Christ est assur\u00e9 de la pleine pr\u00e9sence active et solidaire de Son Seigneur.<\/p>\n\n\n\n<p>Le Christ J\u00e9sus a dit \u00e0 Ses disciples que le P\u00e8re leur donnerait un autre consolateur&nbsp;<\/p>\n\n\n\n<p>On peut remarquer dans notre passage le changement de pronoms :&nbsp;<em>\u00ab&nbsp;Il demeure avec vous&nbsp;\u00bb<\/em>&nbsp;et&nbsp;<em>\u00ab&nbsp;Il sera en vous&nbsp;\u00bb<\/em>&nbsp;et&nbsp;<em>\u00ab&nbsp;Je viendrai vers vous&nbsp;\u00bb<\/em>.<\/p>\n\n\n\n<p>Mais qui\u00a0<em>\u00ab\u00a0viendra\u00a0\u00bb<\/em>\u00a0? L\u2019Esprit ou J\u00e9sus ?\u00a0<\/p>\n\n\n\n<p>C\u2019est le Christ qui revient car Il parle\u00a0<em>\u00ab\u00a0d\u2019un autre comme moi\u00a0\u00bb<\/em>, qui viendra Le remplacer. Le Christ pr\u00e9sente l\u2019autre Paraclet, l\u2019autre consolateur, l\u2019autre pr\u00e9sence secourable, comme une parole d\u2019encouragement \u00e0 Ses disciples, pour stimuler leur confiance, alors qu\u2019Il leur annonce qu\u2019Il doit S\u2019en aller aupr\u00e8s du P\u00e8re pour leur pr\u00e9parer une place.<\/p>\n\n\n\n<p>En r\u00e9sum\u00e9 Il leur dit :&nbsp;<em>\u00ab&nbsp;Je reviendrai, mais ne soyez pas dans la tristesse, car le Saint Esprit viendra prendre ma place.&nbsp;Et ce que moi J\u2019\u00e9tais pour vous, Il le sera \u00e9galement.&nbsp;\u00bb<\/em><\/p>\n\n\n\n<p>C\u2019est quelque chose de plus extraordinaire que ce qu\u2019il y avait auparavant : m\u00eame les patriarches et proph\u00e8tes pass\u00e9s n\u2019avaient pas l\u2019Esprit habitant en eux.<\/p>\n\n\n\n<p>Le Christ J\u00e9sus nous a donc assur\u00e9 que, jusqu\u2019\u00e0 Son retour physique, nous ne serons pas seuls, avec le Saint Esprit \u00e0 nos c\u00f4t\u00e9s pour nous consoler, pour nous diriger, nous guider, nous aidant \u00e0 suivre J\u00e9sus.<\/p>\n\n\n\n<h3 class=\"wp-block-heading\">Le d\u00e9part de J\u00e9sus fait ressortir l\u2019amour de Ses disciples<\/h3>\n\n\n\n<p>Le d\u00e9part du Christ J\u00e9sus fait ressortir l\u2019amour que Ses disciples ont pour Lui.<\/p>\n\n\n\n<p style=\"font-style:normal;font-weight:500\">1. La premi\u00e8re cons\u00e9quence de cette amour est que le Christ J\u00e9sus leur demande alors de manifester leur amour pour Lui par leur ob\u00e9issance.<\/p>\n\n\n\n<p>Lorsqu\u2019on aime le Christ J\u00e9sus, on observe Ses commandements. L\u2019identit\u00e9 spirituelle en Christ repose sur l\u2019ob\u00e9issance.<\/p>\n\n\n\n<p style=\"font-style:normal;font-weight:500\">2. La deuxi\u00e8me cons\u00e9quence de l\u2019amour des disciples pour J\u00e9sus est qu\u2019Il demandera au P\u00e8re de leur donner une autre pr\u00e9sence secourable comme Lui :&nbsp;<em>\u00ab&nbsp;Je prierai le P\u00e8re et Il vous donner la un autre paraclet.&nbsp;<\/em>\u00bb<\/p>\n\n\n\n<p>Le Christ J\u00e9sus appelle l\u2019Esprit \u00b4parakletos\u2019, cela indique que la pr\u00e9sence de l\u2019Esprit avec les disciples remplacera la pr\u00e9sence encourageante et fortifiante de J\u00e9sus avec eux lorsqu\u2019Il \u00e9tait sur terre.<\/p>\n\n\n\n<p>Lorsque l\u2019Esprit vient habiter les croyants, c\u2019est comme si la pr\u00e9sence du Christ J\u00e9sus venait dans leur c\u0153ur. C\u2019est pour cela qu\u2019Il affirme :<em>&nbsp;\u00ab Je ne vous laisserai pas orphelins, je viens vers vous. \u00bb&nbsp;<\/em>(v.18)<\/p>\n\n\n\n<p>Si quelqu\u2019un est en Christ, il devient une nouvelle cr\u00e9ature. Recevoir l\u2019Esprit de v\u00e9rit\u00e9 d\u00e9finit notre identit\u00e9. Il apporte une nouvelle r\u00e9alit\u00e9.<\/p>\n\n\n\n<p>Nous voyons comment \u00e0 la Pentec\u00f4te, les disciples apeur\u00e9s sont devenus courageux. Des gens faibles sont devenus forts. Des gens ignorants sont devenus des \u00ab&nbsp;proclamateurs&nbsp;\u00bb, annon\u00e7ant les merveilles de Dieu.<\/p>\n\n\n\n<h3 class=\"wp-block-heading\">La diversit\u00e9 des r\u00f4les de l\u2019Esprit<\/h3>\n\n\n\n<p>Tout d\u2019abord, l\u2019Esprit du Christ continue la fonction que le Christ J\u00e9sus a assur\u00e9 aupr\u00e8s des siens pendant Son minist\u00e8re terrestre&nbsp;<\/p>\n\n\n\n<p>L\u2019Esprit a diverses fonctions dans la vie des croyants :&nbsp;<\/p>\n\n\n\n<ul class=\"wp-block-list\">\n<li>Il rappelle ce que le Christ a enseign\u00e9 \u00e0 Ses disciples&nbsp;<\/li>\n\n\n\n<li>Il t\u00e9moigne du Christ<\/li>\n\n\n\n<li>Il convainc le monde de p\u00e9ch\u00e9, de justice et de jugement.<\/li>\n\n\n\n<li>Il guide les disciples dans toute la v\u00e9rit\u00e9&nbsp;<\/li>\n\n\n\n<li>Il leur annonce ce qui est \u00e0 venir&nbsp;<\/li>\n<\/ul>\n\n\n\n<p>La pr\u00e9sence de l\u2019Esprit se reconna\u00eet \u00e0 Son action, \u00e0 Ses effets, aux fruits qu\u2019Il fait porter.<\/p>\n\n\n\n<p>Et le Christ J\u00e9sus dit en gros :&nbsp;<em>\u00ab&nbsp;Si tu M\u2019aimes d\u2019un amour intelligent et volontaire, tu accepteras, tu ob\u00e9iras et tu veilleras sur les r\u00e8gles que J\u2019ai \u00e9tablies. Tu dois garder Ma parole et Moi Je prierai le P\u00e8re et Il te donnera un autre Paraclet.&nbsp;\u00bb&nbsp;<\/em><\/p>\n\n\n\n<p>L\u2019amour pr\u00e9c\u00e8de l\u2019ob\u00e9issance :&nbsp;<em>\u00ab&nbsp;1) Si vous m\u2019aimez, 2) vous garderez mes commandements&nbsp;\u00bb<\/em>.<\/p>\n\n\n\n<p>Ce n\u2019est pas l\u2019amour des disciples qui va amener l\u2019Esprit, mais c\u2019\u00e9tait une condition pour que le Christ J\u00e9sus prie le P\u00e8re d\u2019envoyer le don de l\u2019Esprit.<\/p>\n\n\n\n<p>J\u00e9sus promet qu\u2019en r\u00e9ponse \u00e0 Sa demande, le P\u00e8re enverra \u00e0 Ses disciples un autre auxiliaire.&nbsp;<\/p>\n\n\n\n<p>Dans le verset suivant, cet \u00ab&nbsp;assistant&nbsp;\u00bb est appel\u00e9 l\u2019Esprit de v\u00e9rit\u00e9, ce qui indique clairement que l\u2019Esprit Saint n\u2019est pas qu\u2019une simple puissance, mais une personne.<\/p>\n\n\n\n<p>Il s\u2019agit d\u2019une autre aide, et non pas d\u2019une aide diff\u00e9rente. Ici le mot\u00a0<em>\u00ab\u00a0autre\u00a0\u00bb\u00a0<\/em>d\u00e9signe une autre personne\u00a0<em>\u00ab\u00a0comme\u00a0\u00bb<\/em>\u00a0le Christ J\u00e9sus qui prendra Sa place. C\u2019est L\u2019Esprit de J\u00e9sus, L\u2019Esprit donn\u00e9 par le P\u00e8re, et envoy\u00e9 par le Christ J\u00e9sus.<\/p>\n\n\n\n<p>Nous sommes ainsi le peuple de Dieu, car nous avons l\u2019Esprit de Demain Dieu. Le mot \u00b4Paraclet\u2019 \u00e9voque l\u2019id\u00e9e d\u2019assistance, de soutien, de consolation et selon les contextes, \u2018Paraclet\u2019 peut \u00eatre rendu par : avocat, conseiller, protecteur, soutien, intercesseur. Il est tout cela !<\/p>\n\n\n\n<p>Le Saint Esprit prend de ce qui est au Christ pour nous l\u2019annoncer : Il veut nous connecter au Christ.<\/p>\n\n\n\n<h3 class=\"wp-block-heading\">Diff\u00e9rents aspects sur l\u2019Esprit de v\u00e9rit\u00e9<\/h3>\n\n\n\n<p>Le Paraclet est d\u00e9sign\u00e9 ici comme l\u2019Esprit de v\u00e9rit\u00e9. Dans le texte grec c\u2019est un g\u00e9nitif qualitatif, ce qui signifie que l\u2019Esprit est la v\u00e9rit\u00e9 en personne et qu\u2019Il guide Son peuple dans le domaine de la v\u00e9rit\u00e9 qui s\u2019incarne dans le Christ et dans Sa r\u00e9demption.<\/p>\n\n\n\n<p>En r\u00e9sum\u00e9, l\u2019Esprit communique la v\u00e9rit\u00e9, Il rend t\u00e9moignage \u00e0 la V\u00e9rit\u00e9 qui est J\u00e9sus.\u00a0En face, il y a le mensonge, pr\u00e9pond\u00e9rant dans le Monde qui ne peut pas voir, ne peut pas conna\u00eetre l\u2019Esprit de v\u00e9rit\u00e9.<\/p>\n\n\n\n<p>L\u2019Esprit est descendu, parmi, au milieu et dans les disciples du Christ. Et c\u2019est pour \u00e7a qu\u2019eux, ils Le connaissent :&nbsp;<em>\u00ab&nbsp;Vous le connaissez parce qu\u2019il demeure pr\u00e8s de vous et qu\u2019il sera en vous&nbsp;\u00bb<\/em>&nbsp;(v.17)<\/p>\n\n\n\n<p>Les aspects de la v\u00e9rit\u00e9 :&nbsp;<\/p>\n\n\n\n<p>C\u2019est d\u2019abord la v\u00e9racit\u00e9 par opposition au mensonge.\u00a0Dire la v\u00e9rit\u00e9 c\u2019est une d\u00e9claration vraie plut\u00f4t que fausse, pr\u00e9senter les faits tels qu\u2019ils sont r\u00e9ellement :<\/p>\n\n\n\n<ul class=\"wp-block-list\">\n<li>Le Christ J\u00e9sus a dit la v\u00e9rit\u00e9 :&nbsp;<em>\u00ab Mais maintenant vous cherchez \u00e0 me faire mourir, moi qui vous ai dit la v\u00e9rit\u00e9 que j&rsquo;ai entendue de Dieu. Cela, Abraham ne l&rsquo;a point fait. [\u2026]<\/em>&nbsp;<em>Et moi, parce que je dis la v\u00e9rit\u00e9, vous ne me croyez pas. Qui de vous me convaincra de p\u00e9ch\u00e9? Si je dis la v\u00e9rit\u00e9, pourquoi ne me croyez-vous pas ? \u00bb<\/em>&nbsp;(Jean\u202c \u202d8.40, 45-46)<\/li>\n\n\n\n<li>M\u00eame devant Ponce Pilate, le Christ J\u00e9sus continue \u00e0 dire la v\u00e9rit\u00e9 :&nbsp;<em>\u00ab Pilate lui dit: Tu es donc roi? J\u00e9sus r\u00e9pondit: Tu le dis, je suis roi. Je suis n\u00e9 et je suis venu dans le monde pour rendre t\u00e9moignage \u00e0 la v\u00e9rit\u00e9. Quiconque est de la v\u00e9rit\u00e9 \u00e9coute ma voix. \u00bb<\/em>&nbsp;\u202d\u202d(Jean\u202c \u202d18.37)h<\/li>\n<\/ul>\n\n\n\n<p>Le Christ J\u00e9sus est la v\u00e9rit\u00e9. L\u2019Esprit de v\u00e9rit\u00e9 dit la v\u00e9rit\u00e9. Le chr\u00e9tien qui a re\u00e7u l\u2019Esprit de v\u00e9rit\u00e9 dit toujours la v\u00e9rit\u00e9. L\u2019\u00c9glise de J\u00e9sus Christ est la colonne de la v\u00e9rit\u00e9 !<\/p>\n\n\n\n<p><em>\u00ab Ne mentez pas les uns aux autres, vous \u00e9tant d\u00e9pouill\u00e9s du vieil homme et de ses \u0153uvres \u00bb<\/em>\u00a0(Colossiens\u202c \u202d3.9),\u00a0<em>\u00ab Mais en disant la v\u00e9rit\u00e9 avec amour, nous grandirons en tout vers celui qui est la t\u00eate, le Christ. \u00bb<\/em> \u202d\u202d(\u00c9ph\u00e9siens 4.15)<\/p>\n\n\n\n<p>Rappelons nous :<em>&nbsp;\u00ab&nbsp;La Loi a \u00e9t\u00e9 donn\u00e9e par Mo\u00efse, la gr\u00e2ce et la v\u00e9rit\u00e9 sont venues par J\u00e9sus Christ.&nbsp;\u00bb<\/em>&nbsp;(Jean 1.17)<\/p>\n\n\n\n<p>J\u00e9sus nous dit aussi :\u00a0<em>\u00ab\u00a0Vous conna\u00eetrez la v\u00e9rit\u00e9 et la v\u00e9rit\u00e9 vous rendra libres.\u00a0\u00bb<\/em>\u00a0(Jean 8.32). Tant qu\u2019il n\u2019y a pas une connaissance, la doctrine vraie, on ne peut pas exp\u00e9rimenter la vraie libert\u00e9. L\u2019Esprit de v\u00e9rit\u00e9 transmet la vraie connaissance de Dieu qui conduit \u00e0 la vraie libert\u00e9.<\/p>\n\n\n\n<p>L\u2019ap\u00f4tre Paul affirme ainsi :&nbsp;<em>\u00ab Car les armes avec lesquelles nous combattons ne sont pas celles de la chair&nbsp;; cependant elles ont le pouvoir, du fait de Dieu, de d\u00e9molir des forteresses. Nous d\u00e9molissons les raisonnements et toute hauteur qui s&rsquo;\u00e9l\u00e8ve contre la connaissance de Dieu, et nous nous emparons de toute pens\u00e9e pour l&rsquo;amener, captive, \u00e0 l&rsquo;ob\u00e9issance du Christ. \u00bb<\/em>\u202d\u202d(2 Corinthiens\u202c \u202d10.4-5)<\/p>\n\n\n\n<p>Il y a ce besoin de d\u00e9molition des faux raisonnements, de deconstruction de mentalit\u00e9s, traditions, cultures, pratiques contraires \u00e0 la v\u00e9rit\u00e9 de l\u2019\u00c9vangile.<\/p>\n\n\n\n<p>La v\u00e9ritable adoration d\u00e9coule de l\u2019Esprit de v\u00e9rit\u00e9 :&nbsp;<\/p>\n\n\n\n<ul class=\"wp-block-list\">\n<li><em>\u00ab Mais l&rsquo;heure vient&nbsp;\u2013 c&rsquo;est maintenant&nbsp;\u2013 o\u00f9 les vrais adorateurs adoreront le P\u00e8re en esprit et en v\u00e9rit\u00e9&nbsp;; car ce sont de tels sont adorateurs que le P\u00e8re recherche. Dieu est Esprit, et il faut que ceux qui l&rsquo;adorent l&rsquo;adorent en esprit et en v\u00e9rit\u00e9. \u00bb<\/em>&nbsp;\u202d\u202d(Jean\u202c \u202d4.23-24)<\/li>\n\n\n\n<li><em>\u00ab Sanctifie-les par la v\u00e9rit\u00e9: ta parole est la v\u00e9rit\u00e9. Et moi, je me sanctifie moi-m\u00eame pour eux, afin qu&rsquo;eux aussi soient sanctifi\u00e9s dans la v\u00e9rit\u00e9. \u00bb<\/em>&nbsp;(Jean\u202c \u202d17.17-19)&nbsp;<\/li>\n\n\n\n<li><em>\u00ab&nbsp;Les vrais circoncis c\u2019est nous qui rendons notre culte par l\u2019Esprit de Dieu et qui ne mettons pas notre confiance en la chair.&nbsp;\u00bb&nbsp;<\/em>(Philippiens 3.3)<\/li>\n<\/ul>\n\n\n\n<h3 class=\"wp-block-heading\">Conclusion<\/h3>\n\n\n\n<p>La pr\u00e9sence de l\u2019Esprit se reconna\u00eet \u00e0 Son action, \u00e0 Ses effets, aux fruits qu\u2019Il fait porter.<\/p>\n\n\n\n<p>Et le premier fruit c\u2019est l\u2019amour ! A partir de maintenant et jusqu\u2019au retour physique du Christ J\u00e9sus, nous ne sommes pas seuls.\u00a0<\/p>\n\n\n\n<p>Le Saint Esprit est \u00e0 nos c\u00f4t\u00e9s en tant qu\u2019avocat, conseiller, protecteur, soutien, consolateur et intercesseur, pour nous diriger et nous guider, nous aidant \u00e0 suivre J\u00e9sus.<\/p>\n","protected":false},"excerpt":{"rendered":"<p>Pr\u00e9dication culte du 11 juin 2023 par le pasteur Claude Missidimbazi \u00ab Si vous m&rsquo;aimez, vous garderez mes commandements, et moi, je prierai le P\u00e8re, et il vous donnera un autre Consolateur qui soit \u00e9ternellement avec vous, l&rsquo;Esprit de v\u00e9rit\u00e9, que le monde ne peut pas recevoir, parce qu&rsquo;il ne le voit pas et ne&#8230;<\/p>\n","protected":false},"author":4,"featured_media":2280,"comment_status":"open","ping_status":"open","sticky":false,"template":"","format":"standard","meta":{"footnotes":""},"categories":[34],"tags":[360,362,113],"class_list":["post-2268","post","type-post","status-publish","format-standard","has-post-thumbnail","hentry","category-le-saint-esprit","tag-le-saint-esprit-est-dieu","tag-le-saint-esprit-une-presence","tag-le-saint-esprit"],"yoast_head":"<!-- This site is optimized with the Yoast SEO plugin v27.3 - https:\/\/yoast.com\/product\/yoast-seo-wordpress\/ -->\n<title>JEAN\u00a014.15-20. LE SAINT ESPRIT TOUJOURS PR\u00c9SENT AVEC NOUS - Eglise Matthania<\/title>\n<meta name=\"robots\" content=\"index, follow, max-snippet:-1, max-image-preview:large, max-video-preview:-1\" \/>\n<link rel=\"canonical\" href=\"https:\/\/eglisematthania.com\/index.php\/2023\/06\/12\/jean-14-15-20-le-saint-esprit-toujours-present-avec-nous\/\" \/>\n<meta property=\"og:locale\" content=\"fr_FR\" \/>\n<meta property=\"og:type\" content=\"article\" \/>\n<meta property=\"og:title\" content=\"JEAN\u00a014.15-20. LE SAINT ESPRIT TOUJOURS PR\u00c9SENT AVEC NOUS - Eglise Matthania\" \/>\n<meta property=\"og:description\" content=\"Pr\u00e9dication culte du 11 juin 2023 par le pasteur Claude Missidimbazi \u00ab Si vous m&rsquo;aimez, vous garderez mes commandements, et moi, je prierai le P\u00e8re, et il vous donnera un autre Consolateur qui soit \u00e9ternellement avec vous, l&rsquo;Esprit de v\u00e9rit\u00e9, que le monde ne peut pas recevoir, parce qu&rsquo;il ne le voit pas et ne...\" \/>\n<meta property=\"og:url\" content=\"https:\/\/eglisematthania.com\/index.php\/2023\/06\/12\/jean-14-15-20-le-saint-esprit-toujours-present-avec-nous\/\" \/>\n<meta property=\"og:site_name\" content=\"Eglise Matthania\" \/>\n<meta property=\"article:published_time\" content=\"2023-06-12T05:54:07+00:00\" \/>\n<meta property=\"article:modified_time\" content=\"2023-06-26T15:18:26+00:00\" \/>\n<meta property=\"og:image\" content=\"https:\/\/eglisematthania.com\/wp-content\/uploads\/2023\/06\/vent-saint-esprit.jpg\" \/>\n\t<meta property=\"og:image:width\" content=\"1280\" \/>\n\t<meta property=\"og:image:height\" content=\"852\" \/>\n\t<meta property=\"og:image:type\" content=\"image\/jpeg\" \/>\n<meta name=\"author\" content=\"Redaction Matthania\" \/>\n<meta name=\"twitter:card\" content=\"summary_large_image\" \/>\n<meta name=\"twitter:label1\" content=\"\u00c9crit par\" \/>\n\t<meta name=\"twitter:data1\" content=\"Redaction Matthania\" \/>\n\t<meta name=\"twitter:label2\" content=\"Dur\u00e9e de lecture estim\u00e9e\" \/>\n\t<meta name=\"twitter:data2\" content=\"10 minutes\" \/>\n<script type=\"application\/ld+json\" class=\"yoast-schema-graph\">{\"@context\":\"https:\\\/\\\/schema.org\",\"@graph\":[{\"@type\":\"Article\",\"@id\":\"https:\\\/\\\/eglisematthania.com\\\/index.php\\\/2023\\\/06\\\/12\\\/jean-14-15-20-le-saint-esprit-toujours-present-avec-nous\\\/#article\",\"isPartOf\":{\"@id\":\"https:\\\/\\\/eglisematthania.com\\\/index.php\\\/2023\\\/06\\\/12\\\/jean-14-15-20-le-saint-esprit-toujours-present-avec-nous\\\/\"},\"author\":{\"name\":\"Redaction Matthania\",\"@id\":\"https:\\\/\\\/eglisematthania.com\\\/#\\\/schema\\\/person\\\/dc8a6a5622532e51764c11fddb8c52a3\"},\"headline\":\"JEAN\u00a014.15-20. LE SAINT ESPRIT TOUJOURS PR\u00c9SENT AVEC NOUS\",\"datePublished\":\"2023-06-12T05:54:07+00:00\",\"dateModified\":\"2023-06-26T15:18:26+00:00\",\"mainEntityOfPage\":{\"@id\":\"https:\\\/\\\/eglisematthania.com\\\/index.php\\\/2023\\\/06\\\/12\\\/jean-14-15-20-le-saint-esprit-toujours-present-avec-nous\\\/\"},\"wordCount\":2234,\"commentCount\":0,\"publisher\":{\"@id\":\"https:\\\/\\\/eglisematthania.com\\\/#organization\"},\"image\":{\"@id\":\"https:\\\/\\\/eglisematthania.com\\\/index.php\\\/2023\\\/06\\\/12\\\/jean-14-15-20-le-saint-esprit-toujours-present-avec-nous\\\/#primaryimage\"},\"thumbnailUrl\":\"https:\\\/\\\/eglisematthania.com\\\/wp-content\\\/uploads\\\/2023\\\/06\\\/vent-saint-esprit.jpg\",\"keywords\":[\"Le Saint Esprit est Dieu\",\"Le Saint Esprit une pr\u00e9sence\",\"Le Saint Esprit.\"],\"articleSection\":[\"Le Saint Esprit\"],\"inLanguage\":\"fr-FR\",\"potentialAction\":[{\"@type\":\"CommentAction\",\"name\":\"Comment\",\"target\":[\"https:\\\/\\\/eglisematthania.com\\\/index.php\\\/2023\\\/06\\\/12\\\/jean-14-15-20-le-saint-esprit-toujours-present-avec-nous\\\/#respond\"]}]},{\"@type\":\"WebPage\",\"@id\":\"https:\\\/\\\/eglisematthania.com\\\/index.php\\\/2023\\\/06\\\/12\\\/jean-14-15-20-le-saint-esprit-toujours-present-avec-nous\\\/\",\"url\":\"https:\\\/\\\/eglisematthania.com\\\/index.php\\\/2023\\\/06\\\/12\\\/jean-14-15-20-le-saint-esprit-toujours-present-avec-nous\\\/\",\"name\":\"JEAN\u00a014.15-20. LE SAINT ESPRIT TOUJOURS PR\u00c9SENT AVEC NOUS - Eglise Matthania\",\"isPartOf\":{\"@id\":\"https:\\\/\\\/eglisematthania.com\\\/#website\"},\"primaryImageOfPage\":{\"@id\":\"https:\\\/\\\/eglisematthania.com\\\/index.php\\\/2023\\\/06\\\/12\\\/jean-14-15-20-le-saint-esprit-toujours-present-avec-nous\\\/#primaryimage\"},\"image\":{\"@id\":\"https:\\\/\\\/eglisematthania.com\\\/index.php\\\/2023\\\/06\\\/12\\\/jean-14-15-20-le-saint-esprit-toujours-present-avec-nous\\\/#primaryimage\"},\"thumbnailUrl\":\"https:\\\/\\\/eglisematthania.com\\\/wp-content\\\/uploads\\\/2023\\\/06\\\/vent-saint-esprit.jpg\",\"datePublished\":\"2023-06-12T05:54:07+00:00\",\"dateModified\":\"2023-06-26T15:18:26+00:00\",\"breadcrumb\":{\"@id\":\"https:\\\/\\\/eglisematthania.com\\\/index.php\\\/2023\\\/06\\\/12\\\/jean-14-15-20-le-saint-esprit-toujours-present-avec-nous\\\/#breadcrumb\"},\"inLanguage\":\"fr-FR\",\"potentialAction\":[{\"@type\":\"ReadAction\",\"target\":[\"https:\\\/\\\/eglisematthania.com\\\/index.php\\\/2023\\\/06\\\/12\\\/jean-14-15-20-le-saint-esprit-toujours-present-avec-nous\\\/\"]}]},{\"@type\":\"ImageObject\",\"inLanguage\":\"fr-FR\",\"@id\":\"https:\\\/\\\/eglisematthania.com\\\/index.php\\\/2023\\\/06\\\/12\\\/jean-14-15-20-le-saint-esprit-toujours-present-avec-nous\\\/#primaryimage\",\"url\":\"https:\\\/\\\/eglisematthania.com\\\/wp-content\\\/uploads\\\/2023\\\/06\\\/vent-saint-esprit.jpg\",\"contentUrl\":\"https:\\\/\\\/eglisematthania.com\\\/wp-content\\\/uploads\\\/2023\\\/06\\\/vent-saint-esprit.jpg\",\"width\":1280,\"height\":852},{\"@type\":\"BreadcrumbList\",\"@id\":\"https:\\\/\\\/eglisematthania.com\\\/index.php\\\/2023\\\/06\\\/12\\\/jean-14-15-20-le-saint-esprit-toujours-present-avec-nous\\\/#breadcrumb\",\"itemListElement\":[{\"@type\":\"ListItem\",\"position\":1,\"name\":\"Accueil\",\"item\":\"https:\\\/\\\/eglisematthania.com\\\/\"},{\"@type\":\"ListItem\",\"position\":2,\"name\":\"JEAN\u00a014.15-20. LE SAINT ESPRIT TOUJOURS PR\u00c9SENT AVEC NOUS\"}]},{\"@type\":\"WebSite\",\"@id\":\"https:\\\/\\\/eglisematthania.com\\\/#website\",\"url\":\"https:\\\/\\\/eglisematthania.com\\\/\",\"name\":\"Eglise Matthania\",\"description\":\"\u00e9glise Protestante \u00e9vang\u00e9lique\",\"publisher\":{\"@id\":\"https:\\\/\\\/eglisematthania.com\\\/#organization\"},\"potentialAction\":[{\"@type\":\"SearchAction\",\"target\":{\"@type\":\"EntryPoint\",\"urlTemplate\":\"https:\\\/\\\/eglisematthania.com\\\/?s={search_term_string}\"},\"query-input\":{\"@type\":\"PropertyValueSpecification\",\"valueRequired\":true,\"valueName\":\"search_term_string\"}}],\"inLanguage\":\"fr-FR\"},{\"@type\":\"Organization\",\"@id\":\"https:\\\/\\\/eglisematthania.com\\\/#organization\",\"name\":\"Eglise Protestante \u00c9vang\u00e9lique Matthania\",\"url\":\"https:\\\/\\\/eglisematthania.com\\\/\",\"logo\":{\"@type\":\"ImageObject\",\"inLanguage\":\"fr-FR\",\"@id\":\"https:\\\/\\\/eglisematthania.com\\\/#\\\/schema\\\/logo\\\/image\\\/\",\"url\":\"https:\\\/\\\/eglisematthania.com\\\/wp-content\\\/uploads\\\/2020\\\/03\\\/LogoSite3.png\",\"contentUrl\":\"https:\\\/\\\/eglisematthania.com\\\/wp-content\\\/uploads\\\/2020\\\/03\\\/LogoSite3.png\",\"width\":258,\"height\":55,\"caption\":\"Eglise Protestante \u00c9vang\u00e9lique Matthania\"},\"image\":{\"@id\":\"https:\\\/\\\/eglisematthania.com\\\/#\\\/schema\\\/logo\\\/image\\\/\"}},{\"@type\":\"Person\",\"@id\":\"https:\\\/\\\/eglisematthania.com\\\/#\\\/schema\\\/person\\\/dc8a6a5622532e51764c11fddb8c52a3\",\"name\":\"Redaction Matthania\",\"image\":{\"@type\":\"ImageObject\",\"inLanguage\":\"fr-FR\",\"@id\":\"https:\\\/\\\/secure.gravatar.com\\\/avatar\\\/1414a88924072fc6032a395f2bd8af30fee21e82332dcb7070d57fee67ed5b6b?s=96&d=mm&r=g\",\"url\":\"https:\\\/\\\/secure.gravatar.com\\\/avatar\\\/1414a88924072fc6032a395f2bd8af30fee21e82332dcb7070d57fee67ed5b6b?s=96&d=mm&r=g\",\"contentUrl\":\"https:\\\/\\\/secure.gravatar.com\\\/avatar\\\/1414a88924072fc6032a395f2bd8af30fee21e82332dcb7070d57fee67ed5b6b?s=96&d=mm&r=g\",\"caption\":\"Redaction Matthania\"},\"url\":\"https:\\\/\\\/eglisematthania.com\\\/index.php\\\/author\\\/redaction-matthania\\\/\"}]}<\/script>\n<!-- \/ Yoast SEO plugin. -->","yoast_head_json":{"title":"JEAN\u00a014.15-20. LE SAINT ESPRIT TOUJOURS PR\u00c9SENT AVEC NOUS - Eglise Matthania","robots":{"index":"index","follow":"follow","max-snippet":"max-snippet:-1","max-image-preview":"max-image-preview:large","max-video-preview":"max-video-preview:-1"},"canonical":"https:\/\/eglisematthania.com\/index.php\/2023\/06\/12\/jean-14-15-20-le-saint-esprit-toujours-present-avec-nous\/","og_locale":"fr_FR","og_type":"article","og_title":"JEAN\u00a014.15-20. LE SAINT ESPRIT TOUJOURS PR\u00c9SENT AVEC NOUS - Eglise Matthania","og_description":"Pr\u00e9dication culte du 11 juin 2023 par le pasteur Claude Missidimbazi \u00ab Si vous m&rsquo;aimez, vous garderez mes commandements, et moi, je prierai le P\u00e8re, et il vous donnera un autre Consolateur qui soit \u00e9ternellement avec vous, l&rsquo;Esprit de v\u00e9rit\u00e9, que le monde ne peut pas recevoir, parce qu&rsquo;il ne le voit pas et ne...","og_url":"https:\/\/eglisematthania.com\/index.php\/2023\/06\/12\/jean-14-15-20-le-saint-esprit-toujours-present-avec-nous\/","og_site_name":"Eglise Matthania","article_published_time":"2023-06-12T05:54:07+00:00","article_modified_time":"2023-06-26T15:18:26+00:00","og_image":[{"width":1280,"height":852,"url":"https:\/\/eglisematthania.com\/wp-content\/uploads\/2023\/06\/vent-saint-esprit.jpg","type":"image\/jpeg"}],"author":"Redaction Matthania","twitter_card":"summary_large_image","twitter_misc":{"\u00c9crit par":"Redaction Matthania","Dur\u00e9e de lecture estim\u00e9e":"10 minutes"},"schema":{"@context":"https:\/\/schema.org","@graph":[{"@type":"Article","@id":"https:\/\/eglisematthania.com\/index.php\/2023\/06\/12\/jean-14-15-20-le-saint-esprit-toujours-present-avec-nous\/#article","isPartOf":{"@id":"https:\/\/eglisematthania.com\/index.php\/2023\/06\/12\/jean-14-15-20-le-saint-esprit-toujours-present-avec-nous\/"},"author":{"name":"Redaction Matthania","@id":"https:\/\/eglisematthania.com\/#\/schema\/person\/dc8a6a5622532e51764c11fddb8c52a3"},"headline":"JEAN\u00a014.15-20. LE SAINT ESPRIT TOUJOURS PR\u00c9SENT AVEC NOUS","datePublished":"2023-06-12T05:54:07+00:00","dateModified":"2023-06-26T15:18:26+00:00","mainEntityOfPage":{"@id":"https:\/\/eglisematthania.com\/index.php\/2023\/06\/12\/jean-14-15-20-le-saint-esprit-toujours-present-avec-nous\/"},"wordCount":2234,"commentCount":0,"publisher":{"@id":"https:\/\/eglisematthania.com\/#organization"},"image":{"@id":"https:\/\/eglisematthania.com\/index.php\/2023\/06\/12\/jean-14-15-20-le-saint-esprit-toujours-present-avec-nous\/#primaryimage"},"thumbnailUrl":"https:\/\/eglisematthania.com\/wp-content\/uploads\/2023\/06\/vent-saint-esprit.jpg","keywords":["Le Saint Esprit est Dieu","Le Saint Esprit une pr\u00e9sence","Le Saint Esprit."],"articleSection":["Le Saint Esprit"],"inLanguage":"fr-FR","potentialAction":[{"@type":"CommentAction","name":"Comment","target":["https:\/\/eglisematthania.com\/index.php\/2023\/06\/12\/jean-14-15-20-le-saint-esprit-toujours-present-avec-nous\/#respond"]}]},{"@type":"WebPage","@id":"https:\/\/eglisematthania.com\/index.php\/2023\/06\/12\/jean-14-15-20-le-saint-esprit-toujours-present-avec-nous\/","url":"https:\/\/eglisematthania.com\/index.php\/2023\/06\/12\/jean-14-15-20-le-saint-esprit-toujours-present-avec-nous\/","name":"JEAN\u00a014.15-20. LE SAINT ESPRIT TOUJOURS PR\u00c9SENT AVEC NOUS - Eglise Matthania","isPartOf":{"@id":"https:\/\/eglisematthania.com\/#website"},"primaryImageOfPage":{"@id":"https:\/\/eglisematthania.com\/index.php\/2023\/06\/12\/jean-14-15-20-le-saint-esprit-toujours-present-avec-nous\/#primaryimage"},"image":{"@id":"https:\/\/eglisematthania.com\/index.php\/2023\/06\/12\/jean-14-15-20-le-saint-esprit-toujours-present-avec-nous\/#primaryimage"},"thumbnailUrl":"https:\/\/eglisematthania.com\/wp-content\/uploads\/2023\/06\/vent-saint-esprit.jpg","datePublished":"2023-06-12T05:54:07+00:00","dateModified":"2023-06-26T15:18:26+00:00","breadcrumb":{"@id":"https:\/\/eglisematthania.com\/index.php\/2023\/06\/12\/jean-14-15-20-le-saint-esprit-toujours-present-avec-nous\/#breadcrumb"},"inLanguage":"fr-FR","potentialAction":[{"@type":"ReadAction","target":["https:\/\/eglisematthania.com\/index.php\/2023\/06\/12\/jean-14-15-20-le-saint-esprit-toujours-present-avec-nous\/"]}]},{"@type":"ImageObject","inLanguage":"fr-FR","@id":"https:\/\/eglisematthania.com\/index.php\/2023\/06\/12\/jean-14-15-20-le-saint-esprit-toujours-present-avec-nous\/#primaryimage","url":"https:\/\/eglisematthania.com\/wp-content\/uploads\/2023\/06\/vent-saint-esprit.jpg","contentUrl":"https:\/\/eglisematthania.com\/wp-content\/uploads\/2023\/06\/vent-saint-esprit.jpg","width":1280,"height":852},{"@type":"BreadcrumbList","@id":"https:\/\/eglisematthania.com\/index.php\/2023\/06\/12\/jean-14-15-20-le-saint-esprit-toujours-present-avec-nous\/#breadcrumb","itemListElement":[{"@type":"ListItem","position":1,"name":"Accueil","item":"https:\/\/eglisematthania.com\/"},{"@type":"ListItem","position":2,"name":"JEAN\u00a014.15-20. LE SAINT ESPRIT TOUJOURS PR\u00c9SENT AVEC NOUS"}]},{"@type":"WebSite","@id":"https:\/\/eglisematthania.com\/#website","url":"https:\/\/eglisematthania.com\/","name":"Eglise Matthania","description":"\u00e9glise Protestante \u00e9vang\u00e9lique","publisher":{"@id":"https:\/\/eglisematthania.com\/#organization"},"potentialAction":[{"@type":"SearchAction","target":{"@type":"EntryPoint","urlTemplate":"https:\/\/eglisematthania.com\/?s={search_term_string}"},"query-input":{"@type":"PropertyValueSpecification","valueRequired":true,"valueName":"search_term_string"}}],"inLanguage":"fr-FR"},{"@type":"Organization","@id":"https:\/\/eglisematthania.com\/#organization","name":"Eglise Protestante \u00c9vang\u00e9lique Matthania","url":"https:\/\/eglisematthania.com\/","logo":{"@type":"ImageObject","inLanguage":"fr-FR","@id":"https:\/\/eglisematthania.com\/#\/schema\/logo\/image\/","url":"https:\/\/eglisematthania.com\/wp-content\/uploads\/2020\/03\/LogoSite3.png","contentUrl":"https:\/\/eglisematthania.com\/wp-content\/uploads\/2020\/03\/LogoSite3.png","width":258,"height":55,"caption":"Eglise Protestante \u00c9vang\u00e9lique Matthania"},"image":{"@id":"https:\/\/eglisematthania.com\/#\/schema\/logo\/image\/"}},{"@type":"Person","@id":"https:\/\/eglisematthania.com\/#\/schema\/person\/dc8a6a5622532e51764c11fddb8c52a3","name":"Redaction Matthania","image":{"@type":"ImageObject","inLanguage":"fr-FR","@id":"https:\/\/secure.gravatar.com\/avatar\/1414a88924072fc6032a395f2bd8af30fee21e82332dcb7070d57fee67ed5b6b?s=96&d=mm&r=g","url":"https:\/\/secure.gravatar.com\/avatar\/1414a88924072fc6032a395f2bd8af30fee21e82332dcb7070d57fee67ed5b6b?s=96&d=mm&r=g","contentUrl":"https:\/\/secure.gravatar.com\/avatar\/1414a88924072fc6032a395f2bd8af30fee21e82332dcb7070d57fee67ed5b6b?s=96&d=mm&r=g","caption":"Redaction Matthania"},"url":"https:\/\/eglisematthania.com\/index.php\/author\/redaction-matthania\/"}]}},"_links":{"self":[{"href":"https:\/\/eglisematthania.com\/index.php\/wp-json\/wp\/v2\/posts\/2268","targetHints":{"allow":["GET"]}}],"collection":[{"href":"https:\/\/eglisematthania.com\/index.php\/wp-json\/wp\/v2\/posts"}],"about":[{"href":"https:\/\/eglisematthania.com\/index.php\/wp-json\/wp\/v2\/types\/post"}],"author":[{"embeddable":true,"href":"https:\/\/eglisematthania.com\/index.php\/wp-json\/wp\/v2\/users\/4"}],"replies":[{"embeddable":true,"href":"https:\/\/eglisematthania.com\/index.php\/wp-json\/wp\/v2\/comments?post=2268"}],"version-history":[{"count":2,"href":"https:\/\/eglisematthania.com\/index.php\/wp-json\/wp\/v2\/posts\/2268\/revisions"}],"predecessor-version":[{"id":2281,"href":"https:\/\/eglisematthania.com\/index.php\/wp-json\/wp\/v2\/posts\/2268\/revisions\/2281"}],"wp:featuredmedia":[{"embeddable":true,"href":"https:\/\/eglisematthania.com\/index.php\/wp-json\/wp\/v2\/media\/2280"}],"wp:attachment":[{"href":"https:\/\/eglisematthania.com\/index.php\/wp-json\/wp\/v2\/media?parent=2268"}],"wp:term":[{"taxonomy":"category","embeddable":true,"href":"https:\/\/eglisematthania.com\/index.php\/wp-json\/wp\/v2\/categories?post=2268"},{"taxonomy":"post_tag","embeddable":true,"href":"https:\/\/eglisematthania.com\/index.php\/wp-json\/wp\/v2\/tags?post=2268"}],"curies":[{"name":"wp","href":"https:\/\/api.w.org\/{rel}","templated":true}]}}