{"id":1830,"date":"2022-08-14T17:30:00","date_gmt":"2022-08-14T15:30:00","guid":{"rendered":"https:\/\/eglisematthania.com\/?p=1830"},"modified":"2022-08-21T22:30:55","modified_gmt":"2022-08-21T20:30:55","slug":"jean-1-1-18-jesus-la-parole-de-dieu-1ere-partie","status":"publish","type":"post","link":"https:\/\/eglisematthania.com\/index.php\/2022\/08\/14\/jean-1-1-18-jesus-la-parole-de-dieu-1ere-partie\/","title":{"rendered":"JEAN 1.1-18 J\u00c9SUS, LA PAROLE DE DIEU (1\u00e8re Partie)\u00a0"},"content":{"rendered":"\n<h2 class=\"wp-block-heading\">Pr\u00e9dication Culte du 14  aout 2022  par le pasteur  Claude  <\/h2>\n\n\n\n<p><em>\u00ab Au commencement \u00e9tait la Parole, et la Parole \u00e9tait avec Dieu, et la Parole \u00e9tait Dieu. Elle \u00e9tait au commencement avec Dieu. Toutes choses ont \u00e9t\u00e9 faites par elle, et rien de ce qui a \u00e9t\u00e9 fait n\u2019a \u00e9t\u00e9 fait sans elle. En elle \u00e9tait la vie, et la vie \u00e9tait la lumi\u00e8re des hommes. La lumi\u00e8re luit dans les t\u00e9n\u00e8bres, et les t\u00e9n\u00e8bres ne l\u2019ont point re\u00e7ue. Il y eut un homme envoy\u00e9 de Dieu : son nom \u00e9tait Jean. Il vint pour servir de t\u00e9moin, pour rendre t\u00e9moignage \u00e0 la lumi\u00e8re, afin que tous crussent par lui. Il n\u2019\u00e9tait pas la lumi\u00e8re, mais il parut pour rendre t\u00e9moignage \u00e0 la lumi\u00e8re. Cette lumi\u00e8re \u00e9tait la v\u00e9ritable lumi\u00e8re, qui, en venant dans le monde, \u00e9claire tout homme. Elle \u00e9tait dans le monde, et le monde a \u00e9t\u00e9 fait par elle, et le monde ne l\u2019a point connue. Elle est venue chez les siens, et les siens ne l\u2019ont point re\u00e7ue. Mais \u00e0 tous ceux qui l\u2019ont re\u00e7ue, \u00e0 ceux qui croient en son nom, elle a donn\u00e9 le pouvoir de devenir enfants de Dieu, lesquels sont n\u00e9s, non du sang, ni de la volont\u00e9 de la chair, ni de la volont\u00e9 de l\u2019homme, mais de Dieu. Et la parole a \u00e9t\u00e9 faite chair, et elle a habit\u00e9 parmi nous, pleine de gr\u00e2ce et de v\u00e9rit\u00e9 ; et nous avons contempl\u00e9 sa gloire, une gloire comme la gloire du Fils unique venu du P\u00e8re. Jean lui a rendu t\u00e9moignage, et s\u2019est \u00e9cri\u00e9 : C\u2019est celui dont j\u2019ai dit: Celui qui vient apr\u00e8s moi m\u2019a pr\u00e9c\u00e9d\u00e9, car il \u00e9tait avant moi. Et nous avons tous re\u00e7u de sa pl\u00e9nitude, et gr\u00e2ce pour gr\u00e2ce; car la loi a \u00e9t\u00e9 donn\u00e9e par Mo\u00efse, la gr\u00e2ce et la v\u00e9rit\u00e9 sont venues par J\u00e9sus-Christ. Personne n\u2019a jamais vu Dieu ; le Fils unique, qui est dans le sein du P\u00e8re, est celui qui l\u2019a fait conna\u00eetre. \u00bb<\/em><\/p>\n\n\n\n<p>\u202d\u202d(Jean\u202c \u202d1.1-18\u202c)<\/p>\n\n\n\n<h3 class=\"wp-block-heading\">Introduction<\/h3>\n\n\n\n<p>Nous croyons que J\u00e9sus Christ est la Parole de Dieu, la source de vie et la lumi\u00e8re pour les hommes.<\/p>\n\n\n\n<p>L\u2019auteur ouvre son \u00e9vangile comme la Gen\u00e8se, premier livre de la Bible (<em>\u00ab Au commencement, Dieu cr\u00e9a les cieux et la terre. \u00bb<\/em>)<\/p>\n\n\n\n<p>Dans ce prologue, il annonce la personne et r\u00e9sume le myst\u00e8re de J\u00e9sus, acteur principal du r\u00e9cit \u00e0 suivre.<\/p>\n\n\n\n<p>Bri\u00e8vement, l\u2019auteur introduit les motifs importants \u00e0 savoir : l\u2019identit\u00e9 v\u00e9ritable, le destin et le r\u00f4le de J\u00e9sus dans l\u2019histoire des hommes.<\/p>\n\n\n\n<h3 class=\"wp-block-heading\">Une invitation \u00e0 la foi<\/h3>\n\n\n\n<p>A quoi sert l\u2019\u00c9vangile selon Jean ?<\/p>\n\n\n\n<p><em>\u00ab J\u00e9sus a fait encore, en pr\u00e9sence de ses disciples, beaucoup d\u2019autres miracles, qui ne sont pas \u00e9crits dans ce livre. Mais ces choses ont \u00e9t\u00e9 \u00e9crites afin que vous croyiez que J\u00e9sus est le Christ, le Fils de Dieu, et qu\u2019en croyant vous ayez la vie en son nom. \u00bb<\/em>(Jean\u202c \u202d20.30-31\u202c)<\/p>\n\n\n\n<p>Le but de cet \u00e9vangile consiste \u00e0 affermir la foi des chr\u00e9tiens : cet \u00e9vangile est une invitation \u00e0 la foi.<\/p>\n\n\n\n<p>De la foi en J\u00e9sus, d\u00e9coule la vie pour le croyant.<\/p>\n\n\n\n<p>Les cinq premiers versets de cet \u00e9vangile, nous donne de d\u00e9finir le contenu de notre foi, en r\u00e9pondant \u00e0 la question : qui est r\u00e9ellement celui en qui je suis invit\u00e9 \u00e0 croire ?&nbsp;<strong><em>Qui est r\u00e9ellement J\u00e9sus ?<\/em><\/strong><\/p>\n\n\n\n<h3 class=\"wp-block-heading\">La pr\u00e9existence \u00e9ternelle du Christ<\/h3>\n\n\n\n<p>v.1-2&nbsp;<em>\u00ab Au commencement \u00e9tait la Parole, et la Parole \u00e9tait avec Dieu, et la Parole \u00e9tait Dieu. Elle \u00e9tait au commencement avec Dieu. \u00bb<\/em><\/p>\n\n\n\n<p>Quand le Christ est nomm\u00e9 la Parole de Dieu, l\u2019\u00c9vangile nous fait prendre conscience de la pr\u00e9existence du Christ aupr\u00e8s de Dieu et de son r\u00f4le actif dans la cr\u00e9ation de l\u2019univers.<\/p>\n\n\n\n<p>Dans les deux premiers versets, l\u2019auteur nous donne l\u2019identit\u00e9 de la Parole de Dieu et nous parle de Son \u0153uvre.<\/p>\n\n\n\n<p>Retenons les trois aspects suivants :<\/p>\n\n\n\n<ul class=\"wp-block-list\"><li><em>\u00ab&nbsp;Au commencement&nbsp;\u00bb<\/em><\/li><\/ul>\n\n\n\n<p>Il est question du&nbsp;<em>\u00ab&nbsp;commencement&nbsp;\u00bb<\/em>. C\u2019est \u00e0 dire, d\u00e8s l\u2019\u00e9ternit\u00e9, avant le temps, avant le monde. Telle est la situation de d\u00e9part.<\/p>\n\n\n\n<p>Rien n\u2019a pr\u00e9c\u00e9d\u00e9 l\u2019existence du \u00ab&nbsp;Logos&nbsp;\u00bb, la Parole de Dieu personnifi\u00e9e, qui est J\u00e9sus Christ.&nbsp;<\/p>\n\n\n\n<p>J\u00e9sus Christ qui est la Parole a toujours exist\u00e9, avant la cr\u00e9ation de toutes choses.&nbsp;<\/p>\n\n\n\n<ul class=\"wp-block-list\"><li><em>\u00ab Elle \u00e9tait au commencement avec Dieu.&nbsp;\u00bb<\/em><\/li><\/ul>\n\n\n\n<p>Litt\u00e9ralement la Parole \u00e9tait aupr\u00e8s de Dieu, face \u00e0 Dieu, tourn\u00e9e vers Dieu et la Parole \u00e9tait Dieu, toujours en communion avec le P\u00e8re.<\/p>\n\n\n\n<ul class=\"wp-block-list\"><li>La Parole \u00e9tait Dieu&nbsp;<\/li><\/ul>\n\n\n\n<p>Le terme grec \u00b4logos\u2019, traduit par parole dans notre texte, est riche de sens. Il signifie : raison, langage, verbe\u2026&nbsp;<\/p>\n\n\n\n<p>Ce terme s\u2019inspire de ce que la Bible dit de la Parole de Dieu, comme il est \u00e9crit dans \u00c9sa\u00efe 55.11 :&nbsp;<em>\u00ab&nbsp;[\u2026] ainsi se comporte ma parole du moment qu\u2019elle sort de ma bouche&nbsp;: elle ne retourne pas vers moi sans r\u00e9sultat, sans avoir ex\u00e9cut\u00e9 ce qui me pla\u00eet et fait aboutir ce pour quoi je l\u2019avais envoy\u00e9e.&nbsp;\u00bb<\/em><\/p>\n\n\n\n<p>Le logos est aussi la figure de la sagesse personnifi\u00e9e, dou\u00e9e de sens et de bon sens, qui nous conduit \u00e0 mener une vie juste devant Dieu, comme dans :<\/p>\n\n\n\n<ul class=\"wp-block-list\"><li>Proverbe 8.22,&nbsp;<em>\u00ab&nbsp;Le S EIGNEUR m&rsquo;a engendr\u00e9e, pr\u00e9mice de son activit\u00e9, pr\u00e9lude \u00e0 ses oeuvres anciennes.&nbsp;\u00bb<\/em><\/li><li>Proverbes 8.30-31,&nbsp;<em>\u00ab&nbsp;Je fus ma\u00eetre d&rsquo;oeuvre \u00e0 son c\u00f4t\u00e9, objet de ses d\u00e9lices chaque jour, jouant en sa pr\u00e9sence en tout temps, jouant dans son univers terrestre ; et je trouve mes d\u00e9lices parmi les hommes.&nbsp;\u00bb<\/em><\/li><\/ul>\n\n\n\n<p>Dans le Nouveau Testament, c\u2019est le terme utilis\u00e9 pour d\u00e9signer la Parole de J\u00e9sus, comme dans :<\/p>\n\n\n\n<ul class=\"wp-block-list\"><li>La parabole du Semeur,&nbsp;<em>\u00ab Le semeur s\u00e8me la parole. \u00bb&nbsp;<\/em>(Marc\u202c 4.14)<\/li><li><em>\u00ab Philippe descendit dans la ville de la Samarie, il pr\u00eacha le Christ. \u00bb<\/em>&nbsp;(Actes 8.5)&nbsp;<\/li><li><em>\u00ab [\u2026] et il est v\u00eatu d&rsquo;un manteau tremp\u00e9 de sang. Son nom est la Parole de Dieu. [\u2026] Il a sur son manteau et sur sa cuisse un nom \u00e9crit: Roi des rois et Seigneur des seigneurs. \u00bb<\/em>&nbsp;(Apocalypse\u202c \u202d19.13 &amp; 16\u202c), titres exprimant une grande dignit\u00e9.<\/li><li><em>\u00ab Ce qui \u00e9tait d\u00e8s le commencement, ce que nous avons entendu, ce que nous avons vu de nos yeux, ce que nous avons contempl\u00e9 et que nos mains ont touch\u00e9, concernant la parole de la vie\u2026 \u00bb<\/em>&nbsp;(1 Jean 1.1)<\/li><\/ul>\n\n\n\n<p>Qui est J\u00e9sus ? J\u00e9sus est Celui qui a toujours exist\u00e9, a toujours \u00e9t\u00e9, communiant avec Son P\u00e8re, \u00e9troitement associ\u00e9 \u00e0 Lui.<\/p>\n\n\n\n<p>Il n\u2019a donc pas \u00e9t\u00e9 cr\u00e9\u00e9. Il n\u2019est pas venu \u00e0 l\u2019existence lorsque Marie a enfant\u00e9 le Christ J\u00e9sus \u00e0 Bethl\u00e9em.<\/p>\n\n\n\n<p>Le Christ \u00e9tait de toute \u00e9ternit\u00e9 :&nbsp;<\/p>\n\n\n\n<ul class=\"wp-block-list\"><li><em>\u00ab&nbsp;J\u00e9sus leur dit : Amen, amen, je vous le dis, avant qu&rsquo;Abraham vienne \u00e0 l&rsquo;existence, moi, je suis.&nbsp;\u00bb<\/em>&nbsp;(Jean 8.58)<\/li><li><em>\u00ab Et maintenant, toi, P\u00e8re, glorifie-moi aupr\u00e8s de toi-m\u00eame de la gloire que j\u2019avais aupr\u00e8s de toi avant que le monde soit. \u00bb<\/em>&nbsp;(Jean\u202c \u202d17:5\u202c)<\/li><\/ul>\n\n\n\n<p>La pr\u00e9existence \u00e9ternelle du Christ est un article puissant de notre foi. L\u2019\u00c9glise a souvent \u00e9t\u00e9 attaqu\u00e9e sur ce point.&nbsp;<\/p>\n\n\n\n<h3 class=\"wp-block-heading\">Le Verbe cr\u00e9ateur<\/h3>\n\n\n\n<p>v.3&nbsp;<em>\u00ab Toutes choses ont \u00e9t\u00e9 faites par elle, et rien de ce qui a \u00e9t\u00e9 fait n\u2019a \u00e9t\u00e9 fait sans elle.\u00bb<\/em><\/p>\n\n\n\n<p><em>\u202d\u202d<\/em>La Parole de Dieu est le verbe cr\u00e9ateur.<\/p>\n\n\n\n<p>Comme l\u2019indique le&nbsp;<em>\u00ab&nbsp;toutes&nbsp;choses&nbsp;\u00bb<\/em>, dans la cr\u00e9ation, rien n\u2019\u00e9chappe \u00e0 l\u2019action de la Parole de Dieu : le cosmos est Son \u0153uvre, tout advient par Lui.<\/p>\n\n\n\n<p>Qui est J\u00e9sus ? Il est le Ma\u00eetre d\u2019\u0153uvre de toute la cr\u00e9ation !<\/p>\n\n\n\n<p>Les \u00c9critures en parlent \u00e0 plusieurs reprises :&nbsp;<\/p>\n\n\n\n<ul class=\"wp-block-list\"><li><em>\u00ab Car en lui ont \u00e9t\u00e9 cr\u00e9\u00e9es toutes les choses qui sont dans les cieux et sur la terre, les visibles et les invisibles, tr\u00f4nes, dignit\u00e9s, dominations, autorit\u00e9s. Tout a \u00e9t\u00e9 cr\u00e9\u00e9 par lui et pour lui. Il est avant toutes choses, et toutes choses subsistent en lui. \u00bb<\/em>&nbsp;(Colossiens\u202c \u202d1:16-17\u202c)\u202d<\/li><\/ul>\n\n\n\n<p>Le Christ est le cr\u00e9ateur de toutes choses. Sa gloire se manifeste et se r\u00e9v\u00e8le dans Sa cr\u00e9ation.<\/p>\n\n\n\n<p>Il y a cette communion incroyable entre le P\u00e8re et le Fils.<\/p>\n\n\n\n<h3 class=\"wp-block-heading\">Vie et lumi\u00e8re<\/h3>\n\n\n\n<p>v.4&nbsp;<em>\u00ab En elle \u00e9tait la vie, et la vie \u00e9tait la lumi\u00e8re des hommes. \u00bb<\/em><\/p>\n\n\n\n<p>Le Christ est Celui qui donne la vie, Il est la source de vie.&nbsp;<\/p>\n\n\n\n<p>La Parole est la source de tout ce qui peut amener les hommes \u00e0 vivre pleinement leur existence.<\/p>\n\n\n\n<p>On ne parle pas ici que de vie biologique, mais de la vie spirituelle, la vie v\u00e9ritable.<\/p>\n\n\n\n<p>Le mot vie est un mot que l\u2019auteur Jean affectionne : il revient plus de 36 fois dans son \u00e9vangile.<\/p>\n\n\n\n<p>Il est employ\u00e9 pour d\u00e9signer :&nbsp;<\/p>\n\n\n\n<ul class=\"wp-block-list\"><li>le principe biologique vitale<\/li><li>la dur\u00e9e entre la naissance et la mort<\/li><li>le titre attribu\u00e9 \u00e0 Celui qui poss\u00e8de la vie par excellence<\/li><\/ul>\n\n\n\n<p>Ce n\u2019est que dans la relation avec le Christ J\u00e9sus que nous avons la vie v\u00e9ritable.<\/p>\n\n\n\n<p>Il donne la vie \u00e9ternelle ! Le Christ est notre vie \u00e9ternelle.<\/p>\n\n\n\n<p>Pour Jean, la vie d\u00e9finit une qualit\u00e9 d\u2019existence, \u00e0 savoir le genre de vie que m\u00e8ne l\u2019homme guid\u00e9 par Dieu.<\/p>\n\n\n\n<p><em>\u00ab Car, comme le P\u00e8re a la vie en lui-m\u00eame, ainsi il a donn\u00e9 au Fils d\u2019avoir la vie en lui-m\u00eame. \u00bb<\/em>&nbsp;(Jean\u202c \u202d5.26\u202c)<\/p>\n\n\n\n<p><em>\u00ab Car en lui nous avons la vie, le mouvement, et l\u2019\u00eatre.[\u2026]\u00bb<\/em>&nbsp;(Actes\u202c \u202d17.28\u202c)\u202d<\/p>\n\n\n\n<p>Quelqu\u2019un a \u00e9crit que&nbsp;<em>\u00ab&nbsp;Cette vie pleine et b\u00e9nie \u00e9tait dans la Parole. Et cela de toute \u00e9ternit\u00e9, \u00e0 travers toute l\u2019ancienne Alliance. En Lui r\u00e9sidait la vie. Celui qui poss\u00e8de la vie jouit d\u2019une intime communion avec Dieu en Christ Jesus.&nbsp;\u00bb<\/em><\/p>\n\n\n\n<p>Le Christ veut faire de tout un chacun un disciple. C\u2019est Lui que nous devons suivre, Son style de vie. Il est venu parler d\u2019un autre monde, d\u2019un Royaume qui n\u2019est pas de notre monde, d\u2019une autre vie.&nbsp;<\/p>\n\n\n\n<p>En venant, dans notre vie, le Christ vient \u00e9clairer nos t\u00e9n\u00e8bres et nous r\u00e9v\u00e8le une autre vie, une autre dimension, que nous nous devons d\u2019accepter !<\/p>\n\n\n\n<p>La vie du Christ est la lumi\u00e8re pour les hommes.&nbsp;<\/p>\n\n\n\n<p>Le Christ apporte une qualit\u00e9 de vie incroyable. Mais bien s\u00fbr, cela se heurte \u00e0 la r\u00e9alit\u00e9 des difficult\u00e9s et tristesses quotidiennes. La vie du chr\u00e9tien est comme un paradoxe : nous sommes forts au-dedans, mais faibles \u00e0 l\u2019ext\u00e9rieur ; nous sommes avec le grand vainqueur, mais nous sommes souvent en difficult\u00e9s ; Le Christ apporte une joie de vivre, une esp\u00e9rance nouvelle, malgr\u00e9 les peines et tristesses\u2026<\/p>\n\n\n\n<h3 class=\"wp-block-heading\">La lumi\u00e8re invincible<\/h3>\n\n\n\n<p>v.5&nbsp;<em>\u00ab La lumi\u00e8re luit dans les t\u00e9n\u00e8bres, et les t\u00e9n\u00e8bres ne l\u2019ont point re\u00e7ue. \u00bb<\/em>&nbsp;ou \u00ab La lumi\u00e8re brille dans les t\u00e9n\u00e8bres et les t\u00e9n\u00e8bres ne l\u2019ont pas \u00e9touff\u00e9e. \u00bb<\/p>\n\n\n\n<p>\u202d\u202d<\/p>\n\n\n\n<p>La lumi\u00e8re continue de briller dans le monde : le Christ brille dans la vie de Ses disciples, nous devons Le laisser transpara\u00eetre \u00e0 travers nous et \u00e9clairer les nations !&nbsp;<\/p>\n\n\n\n<p>Qui est J\u00e9sus ? C\u2019est Celui qui a envahit les t\u00e9n\u00e8bres ! Le conqu\u00e9rant par excellence !<\/p>\n\n\n\n<p>La Parole de Dieu est vie et lumi\u00e8re pour les hommes.<\/p>\n\n\n\n<p>La lumi\u00e8re de la vie a toujours \u00e9t\u00e9 source de vie, lorsque cette lumi\u00e8re brille, rien ne peut l\u2019arr\u00eater.<\/p>\n\n\n\n<p>Nous devons recevoir du Seigneur cette conviction : les t\u00e9n\u00e8bres sont incapables d\u2019arr\u00eater la lumi\u00e8re !<\/p>\n\n\n\n<p>M\u00eame si il y a des forces hostiles qui nous d\u00e9passent, m\u00eame si on a l\u2019impression que le mal ne sera jamais an\u00e9anti : la lumi\u00e8re du Christ triomphera toujours des t\u00e9n\u00e8bres.<\/p>\n\n\n\n<p>Le Royaume de Dieu a surgi dans ce monde, et il est inarr\u00eatable. Le Christ ne cesse de triompher !<\/p>\n\n\n\n<p>Tant que nous sommes unis au Christ, nous sommes infatigables, nous marchons dans la lumi\u00e8re, nous comprenons les paroles de Dieu, nous suivons Sa voix v\u00e9ritable car Sa lumi\u00e8re est dans notre c\u0153ur.<\/p>\n\n\n\n<p>Lorsque la vie est manifest\u00e9e, elle est appel\u00e9e \u00b4lumi\u00e8re\u2019.&nbsp;<\/p>\n\n\n\n<p>Pour l\u2019auteur, la lumi\u00e8re est synonyme de v\u00e9rit\u00e9 et d\u2019amour comme dans Jean&nbsp;3.19-21&nbsp;:&nbsp;<em>\u00ab&nbsp;Voici d&rsquo;o\u00f9 vient la condamnation : la Lumi\u00e8re est venue dans le monde, mais les hommes aiment mieux l&rsquo;Obscurit\u00e9 que la Lumi\u00e8re parce qu&rsquo;ils agissent mal. Tout homme qui fait le mal d\u00e9teste la Lumi\u00e8re et ne vient pas \u00e0 la Lumi\u00e8re, car il a peur que ses mauvaises actions apparaissent en plein jour. Mais celui qui fait ce qui est vrai, vient \u00e0 la Lumi\u00e8re, afin qu\u2019on voit clairement que ses actions sont accomplies dans l\u2019ob\u00e9issance \u00e0 Dieu.&nbsp;\u00bb<\/em><\/p>\n\n\n\n<p>Les t\u00e9n\u00e8bres sont synonymes de mort, ignorance, p\u00e9ch\u00e9, s\u00e9paration\u2026<\/p>\n\n\n\n<p>Les t\u00e9n\u00e8bres n\u2019ont pas \u00e9touff\u00e9 la lumi\u00e8re qu\u2019est la Parole de Dieu. La nuit ne l\u2019a pas surprise !<\/p>\n\n\n\n<p>Nous avons l\u00e0 une assurance : nous avons d\u00e9j\u00e0 la victoire ! Les t\u00e9n\u00e8bres sont incapables d\u2019arr\u00eater la lumi\u00e8re !<\/p>\n\n\n\n<p>Qui est J\u00e9sus ? Il est notre lumi\u00e8re !<\/p>\n\n\n\n<p><em>\u00ab Ils ne croient pas parce que Satan, le dieu de ce monde, a aveugl\u00e9 leur intelligence. Ce dieu les emp\u00eache de voir la lumi\u00e8re diffus\u00e9e par la Bonne Nouvelle de la gloire du Christ, lequel est l&rsquo;image m\u00eame de Dieu. \u00bb<\/em><\/p>\n\n\n\n<p>\u202d\u202d(2 Corinthiens\u202c \u202d4.4)\u202c\u202c<\/p>\n\n\n\n<p>Malgr\u00e9 les faux \u00e9vangiles, la lumi\u00e8re du v\u00e9ritable \u00c9vangile sait triompher de ces mensonges :&nbsp;<em>\u00ab Dieu dit : Que la lumi\u00e8re brille! Et la lumi\u00e8re se met \u00e0 briller. \u00bb<\/em><\/p>\n\n\n\n<p>Jour apr\u00e8s jour, nous sommes appel\u00e9s \u00e0 suivre le Christ notre lumi\u00e8re. Il nous enseigne \u00e0 d\u00e9pendre de Lui, un pas apr\u00e8s l\u2019autre. Il \u00e9claire notre chemin, nous ouvre les yeux au moment opportun. Le Christ nous rend conscient qu\u2019il y a un autre monde, au-del\u00e0 de ce que nos sens humains captent.<\/p>\n\n\n\n<h3 class=\"wp-block-heading\">Conclusion<\/h3>\n\n\n\n<p>Qui est J\u00e9sus Christ ?<\/p>\n\n\n\n<ul class=\"wp-block-list\"><li>Il est Dieu<\/li><li>Il est notre cr\u00e9ateur<\/li><li>Il est Celui qui donne la vie&nbsp;<\/li><li>Il est Celui qui apporte la lumi\u00e8re&nbsp;<\/li><li>Il est Celui qui triomphe des t\u00e9n\u00e8bres<\/li><\/ul>\n\n\n\n<p><\/p>\n\n\n\n<p><\/p>\n","protected":false},"excerpt":{"rendered":"<p>Pr\u00e9dication Culte du 14 aout 2022 par le pasteur Claude \u00ab Au commencement \u00e9tait la Parole, et la Parole \u00e9tait avec Dieu, et la Parole \u00e9tait Dieu. Elle \u00e9tait au commencement avec Dieu. Toutes choses ont \u00e9t\u00e9 faites par elle, et rien de ce qui a \u00e9t\u00e9 fait n\u2019a \u00e9t\u00e9 fait sans elle. En elle&#8230;<\/p>\n","protected":false},"author":4,"featured_media":1846,"comment_status":"open","ping_status":"open","sticky":false,"template":"","format":"standard","meta":{"footnotes":""},"categories":[1],"tags":[272,314],"class_list":["post-1830","post","type-post","status-publish","format-standard","has-post-thumbnail","hentry","category-jesus-le-christ","tag-parole-de-dieu","tag-prologue-de-jean"],"yoast_head":"<!-- This site is optimized with the Yoast SEO plugin v27.3 - https:\/\/yoast.com\/product\/yoast-seo-wordpress\/ -->\n<title>JEAN 1.1-18 J\u00c9SUS, LA PAROLE DE DIEU (1\u00e8re Partie)\u00a0 - Eglise Matthania<\/title>\n<meta name=\"robots\" content=\"index, follow, max-snippet:-1, max-image-preview:large, max-video-preview:-1\" \/>\n<link rel=\"canonical\" href=\"https:\/\/eglisematthania.com\/index.php\/2022\/08\/14\/jean-1-1-18-jesus-la-parole-de-dieu-1ere-partie\/\" \/>\n<meta property=\"og:locale\" content=\"fr_FR\" \/>\n<meta property=\"og:type\" content=\"article\" \/>\n<meta property=\"og:title\" content=\"JEAN 1.1-18 J\u00c9SUS, LA PAROLE DE DIEU (1\u00e8re Partie)\u00a0 - Eglise Matthania\" \/>\n<meta property=\"og:description\" content=\"Pr\u00e9dication Culte du 14 aout 2022 par le pasteur Claude \u00ab Au commencement \u00e9tait la Parole, et la Parole \u00e9tait avec Dieu, et la Parole \u00e9tait Dieu. Elle \u00e9tait au commencement avec Dieu. Toutes choses ont \u00e9t\u00e9 faites par elle, et rien de ce qui a \u00e9t\u00e9 fait n\u2019a \u00e9t\u00e9 fait sans elle. En elle...\" \/>\n<meta property=\"og:url\" content=\"https:\/\/eglisematthania.com\/index.php\/2022\/08\/14\/jean-1-1-18-jesus-la-parole-de-dieu-1ere-partie\/\" \/>\n<meta property=\"og:site_name\" content=\"Eglise Matthania\" \/>\n<meta property=\"article:published_time\" content=\"2022-08-14T15:30:00+00:00\" \/>\n<meta property=\"article:modified_time\" content=\"2022-08-21T20:30:55+00:00\" \/>\n<meta property=\"og:image\" content=\"https:\/\/eglisematthania.com\/wp-content\/uploads\/2022\/08\/Bible-Parole-de-Dieu-Jesus.jpg\" \/>\n\t<meta property=\"og:image:width\" content=\"1280\" \/>\n\t<meta property=\"og:image:height\" content=\"854\" \/>\n\t<meta property=\"og:image:type\" content=\"image\/jpeg\" \/>\n<meta name=\"author\" content=\"Redaction Matthania\" \/>\n<meta name=\"twitter:card\" content=\"summary_large_image\" \/>\n<meta name=\"twitter:label1\" content=\"\u00c9crit par\" \/>\n\t<meta name=\"twitter:data1\" content=\"Redaction Matthania\" \/>\n\t<meta name=\"twitter:label2\" content=\"Dur\u00e9e de lecture estim\u00e9e\" \/>\n\t<meta name=\"twitter:data2\" content=\"11 minutes\" \/>\n<script type=\"application\/ld+json\" class=\"yoast-schema-graph\">{\"@context\":\"https:\\\/\\\/schema.org\",\"@graph\":[{\"@type\":\"Article\",\"@id\":\"https:\\\/\\\/eglisematthania.com\\\/index.php\\\/2022\\\/08\\\/14\\\/jean-1-1-18-jesus-la-parole-de-dieu-1ere-partie\\\/#article\",\"isPartOf\":{\"@id\":\"https:\\\/\\\/eglisematthania.com\\\/index.php\\\/2022\\\/08\\\/14\\\/jean-1-1-18-jesus-la-parole-de-dieu-1ere-partie\\\/\"},\"author\":{\"name\":\"Redaction Matthania\",\"@id\":\"https:\\\/\\\/eglisematthania.com\\\/#\\\/schema\\\/person\\\/dc8a6a5622532e51764c11fddb8c52a3\"},\"headline\":\"JEAN 1.1-18 J\u00c9SUS, LA PAROLE DE DIEU (1\u00e8re Partie)\u00a0\",\"datePublished\":\"2022-08-14T15:30:00+00:00\",\"dateModified\":\"2022-08-21T20:30:55+00:00\",\"mainEntityOfPage\":{\"@id\":\"https:\\\/\\\/eglisematthania.com\\\/index.php\\\/2022\\\/08\\\/14\\\/jean-1-1-18-jesus-la-parole-de-dieu-1ere-partie\\\/\"},\"wordCount\":2487,\"commentCount\":0,\"publisher\":{\"@id\":\"https:\\\/\\\/eglisematthania.com\\\/#organization\"},\"image\":{\"@id\":\"https:\\\/\\\/eglisematthania.com\\\/index.php\\\/2022\\\/08\\\/14\\\/jean-1-1-18-jesus-la-parole-de-dieu-1ere-partie\\\/#primaryimage\"},\"thumbnailUrl\":\"https:\\\/\\\/eglisematthania.com\\\/wp-content\\\/uploads\\\/2022\\\/08\\\/Bible-Parole-de-Dieu-Jesus.jpg\",\"keywords\":[\"Parole de Dieu\",\"prologue de Jean\"],\"articleSection\":[\"Jesus Le Christ\"],\"inLanguage\":\"fr-FR\",\"potentialAction\":[{\"@type\":\"CommentAction\",\"name\":\"Comment\",\"target\":[\"https:\\\/\\\/eglisematthania.com\\\/index.php\\\/2022\\\/08\\\/14\\\/jean-1-1-18-jesus-la-parole-de-dieu-1ere-partie\\\/#respond\"]}]},{\"@type\":\"WebPage\",\"@id\":\"https:\\\/\\\/eglisematthania.com\\\/index.php\\\/2022\\\/08\\\/14\\\/jean-1-1-18-jesus-la-parole-de-dieu-1ere-partie\\\/\",\"url\":\"https:\\\/\\\/eglisematthania.com\\\/index.php\\\/2022\\\/08\\\/14\\\/jean-1-1-18-jesus-la-parole-de-dieu-1ere-partie\\\/\",\"name\":\"JEAN 1.1-18 J\u00c9SUS, LA PAROLE DE DIEU (1\u00e8re Partie)\u00a0 - Eglise Matthania\",\"isPartOf\":{\"@id\":\"https:\\\/\\\/eglisematthania.com\\\/#website\"},\"primaryImageOfPage\":{\"@id\":\"https:\\\/\\\/eglisematthania.com\\\/index.php\\\/2022\\\/08\\\/14\\\/jean-1-1-18-jesus-la-parole-de-dieu-1ere-partie\\\/#primaryimage\"},\"image\":{\"@id\":\"https:\\\/\\\/eglisematthania.com\\\/index.php\\\/2022\\\/08\\\/14\\\/jean-1-1-18-jesus-la-parole-de-dieu-1ere-partie\\\/#primaryimage\"},\"thumbnailUrl\":\"https:\\\/\\\/eglisematthania.com\\\/wp-content\\\/uploads\\\/2022\\\/08\\\/Bible-Parole-de-Dieu-Jesus.jpg\",\"datePublished\":\"2022-08-14T15:30:00+00:00\",\"dateModified\":\"2022-08-21T20:30:55+00:00\",\"breadcrumb\":{\"@id\":\"https:\\\/\\\/eglisematthania.com\\\/index.php\\\/2022\\\/08\\\/14\\\/jean-1-1-18-jesus-la-parole-de-dieu-1ere-partie\\\/#breadcrumb\"},\"inLanguage\":\"fr-FR\",\"potentialAction\":[{\"@type\":\"ReadAction\",\"target\":[\"https:\\\/\\\/eglisematthania.com\\\/index.php\\\/2022\\\/08\\\/14\\\/jean-1-1-18-jesus-la-parole-de-dieu-1ere-partie\\\/\"]}]},{\"@type\":\"ImageObject\",\"inLanguage\":\"fr-FR\",\"@id\":\"https:\\\/\\\/eglisematthania.com\\\/index.php\\\/2022\\\/08\\\/14\\\/jean-1-1-18-jesus-la-parole-de-dieu-1ere-partie\\\/#primaryimage\",\"url\":\"https:\\\/\\\/eglisematthania.com\\\/wp-content\\\/uploads\\\/2022\\\/08\\\/Bible-Parole-de-Dieu-Jesus.jpg\",\"contentUrl\":\"https:\\\/\\\/eglisematthania.com\\\/wp-content\\\/uploads\\\/2022\\\/08\\\/Bible-Parole-de-Dieu-Jesus.jpg\",\"width\":1280,\"height\":854},{\"@type\":\"BreadcrumbList\",\"@id\":\"https:\\\/\\\/eglisematthania.com\\\/index.php\\\/2022\\\/08\\\/14\\\/jean-1-1-18-jesus-la-parole-de-dieu-1ere-partie\\\/#breadcrumb\",\"itemListElement\":[{\"@type\":\"ListItem\",\"position\":1,\"name\":\"Accueil\",\"item\":\"https:\\\/\\\/eglisematthania.com\\\/\"},{\"@type\":\"ListItem\",\"position\":2,\"name\":\"JEAN 1.1-18 J\u00c9SUS, LA PAROLE DE DIEU (1\u00e8re Partie)\u00a0\"}]},{\"@type\":\"WebSite\",\"@id\":\"https:\\\/\\\/eglisematthania.com\\\/#website\",\"url\":\"https:\\\/\\\/eglisematthania.com\\\/\",\"name\":\"Eglise Matthania\",\"description\":\"\u00e9glise Protestante \u00e9vang\u00e9lique\",\"publisher\":{\"@id\":\"https:\\\/\\\/eglisematthania.com\\\/#organization\"},\"potentialAction\":[{\"@type\":\"SearchAction\",\"target\":{\"@type\":\"EntryPoint\",\"urlTemplate\":\"https:\\\/\\\/eglisematthania.com\\\/?s={search_term_string}\"},\"query-input\":{\"@type\":\"PropertyValueSpecification\",\"valueRequired\":true,\"valueName\":\"search_term_string\"}}],\"inLanguage\":\"fr-FR\"},{\"@type\":\"Organization\",\"@id\":\"https:\\\/\\\/eglisematthania.com\\\/#organization\",\"name\":\"Eglise Protestante \u00c9vang\u00e9lique Matthania\",\"url\":\"https:\\\/\\\/eglisematthania.com\\\/\",\"logo\":{\"@type\":\"ImageObject\",\"inLanguage\":\"fr-FR\",\"@id\":\"https:\\\/\\\/eglisematthania.com\\\/#\\\/schema\\\/logo\\\/image\\\/\",\"url\":\"https:\\\/\\\/eglisematthania.com\\\/wp-content\\\/uploads\\\/2020\\\/03\\\/LogoSite3.png\",\"contentUrl\":\"https:\\\/\\\/eglisematthania.com\\\/wp-content\\\/uploads\\\/2020\\\/03\\\/LogoSite3.png\",\"width\":258,\"height\":55,\"caption\":\"Eglise Protestante \u00c9vang\u00e9lique Matthania\"},\"image\":{\"@id\":\"https:\\\/\\\/eglisematthania.com\\\/#\\\/schema\\\/logo\\\/image\\\/\"}},{\"@type\":\"Person\",\"@id\":\"https:\\\/\\\/eglisematthania.com\\\/#\\\/schema\\\/person\\\/dc8a6a5622532e51764c11fddb8c52a3\",\"name\":\"Redaction Matthania\",\"image\":{\"@type\":\"ImageObject\",\"inLanguage\":\"fr-FR\",\"@id\":\"https:\\\/\\\/secure.gravatar.com\\\/avatar\\\/1414a88924072fc6032a395f2bd8af30fee21e82332dcb7070d57fee67ed5b6b?s=96&d=mm&r=g\",\"url\":\"https:\\\/\\\/secure.gravatar.com\\\/avatar\\\/1414a88924072fc6032a395f2bd8af30fee21e82332dcb7070d57fee67ed5b6b?s=96&d=mm&r=g\",\"contentUrl\":\"https:\\\/\\\/secure.gravatar.com\\\/avatar\\\/1414a88924072fc6032a395f2bd8af30fee21e82332dcb7070d57fee67ed5b6b?s=96&d=mm&r=g\",\"caption\":\"Redaction Matthania\"},\"url\":\"https:\\\/\\\/eglisematthania.com\\\/index.php\\\/author\\\/redaction-matthania\\\/\"}]}<\/script>\n<!-- \/ Yoast SEO plugin. -->","yoast_head_json":{"title":"JEAN 1.1-18 J\u00c9SUS, LA PAROLE DE DIEU (1\u00e8re Partie)\u00a0 - Eglise Matthania","robots":{"index":"index","follow":"follow","max-snippet":"max-snippet:-1","max-image-preview":"max-image-preview:large","max-video-preview":"max-video-preview:-1"},"canonical":"https:\/\/eglisematthania.com\/index.php\/2022\/08\/14\/jean-1-1-18-jesus-la-parole-de-dieu-1ere-partie\/","og_locale":"fr_FR","og_type":"article","og_title":"JEAN 1.1-18 J\u00c9SUS, LA PAROLE DE DIEU (1\u00e8re Partie)\u00a0 - Eglise Matthania","og_description":"Pr\u00e9dication Culte du 14 aout 2022 par le pasteur Claude \u00ab Au commencement \u00e9tait la Parole, et la Parole \u00e9tait avec Dieu, et la Parole \u00e9tait Dieu. Elle \u00e9tait au commencement avec Dieu. Toutes choses ont \u00e9t\u00e9 faites par elle, et rien de ce qui a \u00e9t\u00e9 fait n\u2019a \u00e9t\u00e9 fait sans elle. En elle...","og_url":"https:\/\/eglisematthania.com\/index.php\/2022\/08\/14\/jean-1-1-18-jesus-la-parole-de-dieu-1ere-partie\/","og_site_name":"Eglise Matthania","article_published_time":"2022-08-14T15:30:00+00:00","article_modified_time":"2022-08-21T20:30:55+00:00","og_image":[{"width":1280,"height":854,"url":"https:\/\/eglisematthania.com\/wp-content\/uploads\/2022\/08\/Bible-Parole-de-Dieu-Jesus.jpg","type":"image\/jpeg"}],"author":"Redaction Matthania","twitter_card":"summary_large_image","twitter_misc":{"\u00c9crit par":"Redaction Matthania","Dur\u00e9e de lecture estim\u00e9e":"11 minutes"},"schema":{"@context":"https:\/\/schema.org","@graph":[{"@type":"Article","@id":"https:\/\/eglisematthania.com\/index.php\/2022\/08\/14\/jean-1-1-18-jesus-la-parole-de-dieu-1ere-partie\/#article","isPartOf":{"@id":"https:\/\/eglisematthania.com\/index.php\/2022\/08\/14\/jean-1-1-18-jesus-la-parole-de-dieu-1ere-partie\/"},"author":{"name":"Redaction Matthania","@id":"https:\/\/eglisematthania.com\/#\/schema\/person\/dc8a6a5622532e51764c11fddb8c52a3"},"headline":"JEAN 1.1-18 J\u00c9SUS, LA PAROLE DE DIEU (1\u00e8re Partie)\u00a0","datePublished":"2022-08-14T15:30:00+00:00","dateModified":"2022-08-21T20:30:55+00:00","mainEntityOfPage":{"@id":"https:\/\/eglisematthania.com\/index.php\/2022\/08\/14\/jean-1-1-18-jesus-la-parole-de-dieu-1ere-partie\/"},"wordCount":2487,"commentCount":0,"publisher":{"@id":"https:\/\/eglisematthania.com\/#organization"},"image":{"@id":"https:\/\/eglisematthania.com\/index.php\/2022\/08\/14\/jean-1-1-18-jesus-la-parole-de-dieu-1ere-partie\/#primaryimage"},"thumbnailUrl":"https:\/\/eglisematthania.com\/wp-content\/uploads\/2022\/08\/Bible-Parole-de-Dieu-Jesus.jpg","keywords":["Parole de Dieu","prologue de Jean"],"articleSection":["Jesus Le Christ"],"inLanguage":"fr-FR","potentialAction":[{"@type":"CommentAction","name":"Comment","target":["https:\/\/eglisematthania.com\/index.php\/2022\/08\/14\/jean-1-1-18-jesus-la-parole-de-dieu-1ere-partie\/#respond"]}]},{"@type":"WebPage","@id":"https:\/\/eglisematthania.com\/index.php\/2022\/08\/14\/jean-1-1-18-jesus-la-parole-de-dieu-1ere-partie\/","url":"https:\/\/eglisematthania.com\/index.php\/2022\/08\/14\/jean-1-1-18-jesus-la-parole-de-dieu-1ere-partie\/","name":"JEAN 1.1-18 J\u00c9SUS, LA PAROLE DE DIEU (1\u00e8re Partie)\u00a0 - Eglise Matthania","isPartOf":{"@id":"https:\/\/eglisematthania.com\/#website"},"primaryImageOfPage":{"@id":"https:\/\/eglisematthania.com\/index.php\/2022\/08\/14\/jean-1-1-18-jesus-la-parole-de-dieu-1ere-partie\/#primaryimage"},"image":{"@id":"https:\/\/eglisematthania.com\/index.php\/2022\/08\/14\/jean-1-1-18-jesus-la-parole-de-dieu-1ere-partie\/#primaryimage"},"thumbnailUrl":"https:\/\/eglisematthania.com\/wp-content\/uploads\/2022\/08\/Bible-Parole-de-Dieu-Jesus.jpg","datePublished":"2022-08-14T15:30:00+00:00","dateModified":"2022-08-21T20:30:55+00:00","breadcrumb":{"@id":"https:\/\/eglisematthania.com\/index.php\/2022\/08\/14\/jean-1-1-18-jesus-la-parole-de-dieu-1ere-partie\/#breadcrumb"},"inLanguage":"fr-FR","potentialAction":[{"@type":"ReadAction","target":["https:\/\/eglisematthania.com\/index.php\/2022\/08\/14\/jean-1-1-18-jesus-la-parole-de-dieu-1ere-partie\/"]}]},{"@type":"ImageObject","inLanguage":"fr-FR","@id":"https:\/\/eglisematthania.com\/index.php\/2022\/08\/14\/jean-1-1-18-jesus-la-parole-de-dieu-1ere-partie\/#primaryimage","url":"https:\/\/eglisematthania.com\/wp-content\/uploads\/2022\/08\/Bible-Parole-de-Dieu-Jesus.jpg","contentUrl":"https:\/\/eglisematthania.com\/wp-content\/uploads\/2022\/08\/Bible-Parole-de-Dieu-Jesus.jpg","width":1280,"height":854},{"@type":"BreadcrumbList","@id":"https:\/\/eglisematthania.com\/index.php\/2022\/08\/14\/jean-1-1-18-jesus-la-parole-de-dieu-1ere-partie\/#breadcrumb","itemListElement":[{"@type":"ListItem","position":1,"name":"Accueil","item":"https:\/\/eglisematthania.com\/"},{"@type":"ListItem","position":2,"name":"JEAN 1.1-18 J\u00c9SUS, LA PAROLE DE DIEU (1\u00e8re Partie)\u00a0"}]},{"@type":"WebSite","@id":"https:\/\/eglisematthania.com\/#website","url":"https:\/\/eglisematthania.com\/","name":"Eglise Matthania","description":"\u00e9glise Protestante \u00e9vang\u00e9lique","publisher":{"@id":"https:\/\/eglisematthania.com\/#organization"},"potentialAction":[{"@type":"SearchAction","target":{"@type":"EntryPoint","urlTemplate":"https:\/\/eglisematthania.com\/?s={search_term_string}"},"query-input":{"@type":"PropertyValueSpecification","valueRequired":true,"valueName":"search_term_string"}}],"inLanguage":"fr-FR"},{"@type":"Organization","@id":"https:\/\/eglisematthania.com\/#organization","name":"Eglise Protestante \u00c9vang\u00e9lique Matthania","url":"https:\/\/eglisematthania.com\/","logo":{"@type":"ImageObject","inLanguage":"fr-FR","@id":"https:\/\/eglisematthania.com\/#\/schema\/logo\/image\/","url":"https:\/\/eglisematthania.com\/wp-content\/uploads\/2020\/03\/LogoSite3.png","contentUrl":"https:\/\/eglisematthania.com\/wp-content\/uploads\/2020\/03\/LogoSite3.png","width":258,"height":55,"caption":"Eglise Protestante \u00c9vang\u00e9lique Matthania"},"image":{"@id":"https:\/\/eglisematthania.com\/#\/schema\/logo\/image\/"}},{"@type":"Person","@id":"https:\/\/eglisematthania.com\/#\/schema\/person\/dc8a6a5622532e51764c11fddb8c52a3","name":"Redaction Matthania","image":{"@type":"ImageObject","inLanguage":"fr-FR","@id":"https:\/\/secure.gravatar.com\/avatar\/1414a88924072fc6032a395f2bd8af30fee21e82332dcb7070d57fee67ed5b6b?s=96&d=mm&r=g","url":"https:\/\/secure.gravatar.com\/avatar\/1414a88924072fc6032a395f2bd8af30fee21e82332dcb7070d57fee67ed5b6b?s=96&d=mm&r=g","contentUrl":"https:\/\/secure.gravatar.com\/avatar\/1414a88924072fc6032a395f2bd8af30fee21e82332dcb7070d57fee67ed5b6b?s=96&d=mm&r=g","caption":"Redaction Matthania"},"url":"https:\/\/eglisematthania.com\/index.php\/author\/redaction-matthania\/"}]}},"_links":{"self":[{"href":"https:\/\/eglisematthania.com\/index.php\/wp-json\/wp\/v2\/posts\/1830","targetHints":{"allow":["GET"]}}],"collection":[{"href":"https:\/\/eglisematthania.com\/index.php\/wp-json\/wp\/v2\/posts"}],"about":[{"href":"https:\/\/eglisematthania.com\/index.php\/wp-json\/wp\/v2\/types\/post"}],"author":[{"embeddable":true,"href":"https:\/\/eglisematthania.com\/index.php\/wp-json\/wp\/v2\/users\/4"}],"replies":[{"embeddable":true,"href":"https:\/\/eglisematthania.com\/index.php\/wp-json\/wp\/v2\/comments?post=1830"}],"version-history":[{"count":2,"href":"https:\/\/eglisematthania.com\/index.php\/wp-json\/wp\/v2\/posts\/1830\/revisions"}],"predecessor-version":[{"id":1843,"href":"https:\/\/eglisematthania.com\/index.php\/wp-json\/wp\/v2\/posts\/1830\/revisions\/1843"}],"wp:featuredmedia":[{"embeddable":true,"href":"https:\/\/eglisematthania.com\/index.php\/wp-json\/wp\/v2\/media\/1846"}],"wp:attachment":[{"href":"https:\/\/eglisematthania.com\/index.php\/wp-json\/wp\/v2\/media?parent=1830"}],"wp:term":[{"taxonomy":"category","embeddable":true,"href":"https:\/\/eglisematthania.com\/index.php\/wp-json\/wp\/v2\/categories?post=1830"},{"taxonomy":"post_tag","embeddable":true,"href":"https:\/\/eglisematthania.com\/index.php\/wp-json\/wp\/v2\/tags?post=1830"}],"curies":[{"name":"wp","href":"https:\/\/api.w.org\/{rel}","templated":true}]}}