{"id":1429,"date":"2021-04-04T18:37:32","date_gmt":"2021-04-04T16:37:32","guid":{"rendered":"http:\/\/eglisematthania.com\/?p=1429"},"modified":"2021-04-04T18:37:34","modified_gmt":"2021-04-04T16:37:34","slug":"vraiment-le-seigneur-est-ressuscite","status":"publish","type":"post","link":"https:\/\/eglisematthania.com\/index.php\/2021\/04\/04\/vraiment-le-seigneur-est-ressuscite\/","title":{"rendered":"VRAIMENT LE SEIGNEUR EST RESSUSCIT\u00c9"},"content":{"rendered":"\n<h2 class=\"wp-block-heading\">Pr\u00e9dication du 4 Avril 2021 par le Pasteur Claude Missidimbazi <\/h2>\n\n\n\n<h2 class=\"wp-block-heading\">Dimanche de P\u00e2ques 2021<\/h2>\n\n\n\n<h3 class=\"wp-block-heading\">Texte : Luc 24,13-35<\/h3>\n\n\n\n<p><br><strong><em><br>\u00ab\u00a013\u00a0<\/em><\/strong><em>Ce m\u00eame jour, deux disciples se rendaient \u00e0 un village appel\u00e9 Emma\u00fcs, \u00e9loign\u00e9 de J\u00e9rusalem d&rsquo;une douzaine de kilom\u00e8tres.\u00a0<\/em><strong><em>14<\/em><\/strong><em>\u00a0Ils discutaient ensemble de tout ce qui s&rsquo;\u00e9tait pass\u00e9.\u00a0<\/em><strong><em>15<\/em><\/strong><em>\u00a0Pendant qu&rsquo;ils parlaient et discutaient, J\u00e9sus lui-m\u00eame s&rsquo;approcha et fit route avec eux,\u00a0<\/em><strong><em>16<\/em><\/strong><em>\u00a0mais leurs yeux \u00e9taient emp\u00each\u00e9s de le reconna\u00eetre.\u00a0<\/em><strong><em>17<\/em><\/strong><em>\u00a0Il leur dit: \u00abDe quoi parlez-vous en marchant, pour avoir l&rsquo;air si tristes?\u00bb\u00a0<\/em><strong><em>18<\/em><\/strong><em>\u00a0L&rsquo;un d&rsquo;eux, un d\u00e9nomm\u00e9 Cl\u00e9opas, lui r\u00e9pondit: \u00abEs-tu le seul en s\u00e9jour \u00e0 J\u00e9rusalem qui ne sache pas ce qui y est arriv\u00e9 ces jours-ci?\u00bb\u00a0<\/em><strong><em>19<\/em><\/strong><em>\u00a0\u00abQuoi?\u00bb leur dit-il. Ils lui r\u00e9pondirent: \u00abCe qui est arriv\u00e9 \u00e0 J\u00e9sus de Nazareth, qui \u00e9tait un proph\u00e8te puissant en actes et en paroles devant Dieu et devant tout le peuple,\u00a0<\/em><strong><em>20<\/em><\/strong><em>\u00a0et comment les chefs des pr\u00eatres et nos magistrats l&rsquo;ont fait arr\u00eater pour qu&rsquo;il soit condamn\u00e9 \u00e0 mort et l&rsquo;ont crucifi\u00e9.\u00a0<\/em><strong><em>21<\/em><\/strong><em>\u00a0Nous esp\u00e9rions que ce serait lui qui d\u00e9livrerait Isra\u00ebl, mais avec tout cela, voici d\u00e9j\u00e0 le troisi\u00e8me jour que ces \u00e9v\u00e9nements se sont produits.\u00a0<\/em><strong><em>22<\/em><\/strong><em>\u00a0Il est vrai que quelques femmes de notre groupe nous ont beaucoup \u00e9tonn\u00e9s. Elles se sont rendues de grand matin au tombeau\u00a0<\/em><strong><em>23<\/em><\/strong><em>\u00a0et n&rsquo;ont pas trouv\u00e9 son corps; elles sont venues dire que des anges leur sont apparus et ont annonc\u00e9 qu&rsquo;il est vivant.\u00a0<\/em><strong><em>24<\/em><\/strong><em>\u00a0Quelques-uns des n\u00f4tres sont all\u00e9s au tombeau et ils ont trouv\u00e9 les choses comme les femmes l&rsquo;avaient dit, mais lui, ils ne l&rsquo;ont pas vu.\u00bb\u00a0<\/em><strong><em>25<\/em><\/strong><em>\u00a0Alors J\u00e9sus leur dit: \u00abHommes sans intelligence, dont le coeur est lent \u00e0 croire tout ce qu&rsquo;ont dit les proph\u00e8tes!\u00a0<\/em><strong><em>26<\/em><\/strong><em>\u00a0Ne fallait-il pas que le Messie souffre ces choses et qu&rsquo;il entre dans sa gloire?\u00bb\u00a0<\/em><strong><em>27<\/em><\/strong><em>Puis, en commen\u00e7ant par les \u00e9crits de Mo\u00efse et continuant par ceux de tous les proph\u00e8tes, il leur expliqua dans toutes les Ecritures ce qui le concernait.<\/em><strong><em>28<\/em><\/strong><em>\u00a0Lorsqu&rsquo;ils furent pr\u00e8s du village o\u00f9 ils allaient, il parut vouloir aller plus loin,\u00a0<\/em><strong><em>29<\/em><\/strong><em>mais ils le retinrent avec insistance en disant: \u00abReste avec nous car le soir approche, le jour est [d\u00e9j\u00e0] sur son d\u00e9clin.\u00bb Alors il entra pour rester avec eux.\u00a0<\/em><strong><em>30<\/em><\/strong><em>\u00a0Pendant qu&rsquo;il \u00e9tait \u00e0 table avec eux, il prit le pain et, apr\u00e8s avoir prononc\u00e9 la pri\u00e8re de b\u00e9n\u00e9diction, il le rompit et le leur donna.\u00a0<\/em><strong><em>31<\/em><\/strong><em>\u00a0Alors leurs yeux s&rsquo;ouvrirent et ils le reconnurent, mais il disparut de devant eux.\u00a0<\/em><strong><em>32<\/em><\/strong><em>\u00a0Ils se dirent l&rsquo;un \u00e0 l&rsquo;autre: \u00abNotre coeur ne br\u00fblait-il pas en nous lorsqu&rsquo;il nous parlait en chemin et nous expliquait les Ecritures?\u00bb\u00a0<\/em><strong><em>33<\/em><\/strong><em>\u00a0Ils se lev\u00e8rent \u00e0 ce moment m\u00eame et retourn\u00e8rent \u00e0 J\u00e9rusalem, o\u00f9 ils trouv\u00e8rent les onze et les autres qui \u00e9taient rassembl\u00e9s\u00a0<\/em><strong><em>34<\/em><\/strong><em>\u00a0et qui leur dirent: \u00abLe Seigneur est r\u00e9ellement ressuscit\u00e9 et il est apparu \u00e0 Simon.\u00bb\u00a0<\/em><strong><em>35<\/em><\/strong><em>Alors les deux disciples racont\u00e8rent ce qui leur \u00e9tait arriv\u00e9 en chemin et comment ils l&rsquo;avaient reconnu au moment o\u00f9 il rompait le pain.\u00a0\u00bb<\/em><\/p>\n\n\n\n<h4 class=\"wp-block-heading\">Introduction<\/h4>\n\n\n\n<p>Le Seigneur est r\u00e9ellement ressuscit\u00e9 : c\u2019est un fait que proclament les chr\u00e9tiens en ce dimanche de P\u00e2ques. Ce jour est particulier car il ne s\u2019agit pas seulement d\u2019un fait historique, mais cela doit \u00eatre aussi une v\u00e9rit\u00e9 que nous devons vivre. Dieu a r\u00e9alis\u00e9 cela pour cette homme qu\u2019on appelait J\u00e9sus et cela a boulevers\u00e9 la vie des disciples et nos propres vies.<\/p>\n\n\n\n<p>Oui le Christ J\u00e9sus vit aux si\u00e8cles des si\u00e8cles !<br>Dans ce contexte particulier de crise pand\u00e9mique, cette v\u00e9rit\u00e9 est salutaire : ce n\u2019est pas un mirage d\u2019une vie future dont nous avons besoin aujourd\u2019hui, mais du Christ ressuscit\u00e9 en personne.<\/p>\n\n\n\n<p>Il est important de vivre l\u2019all\u00e9gresse de P\u00e2ques.<br>Ressuscit\u00e9, J\u00e9sus s\u2019est manifest\u00e9 aux siens et c\u2019est l\u00e0 ce qui constitue l\u2019\u00e9l\u00e9ment historique du message Pascale.<br>Ce passage de Luc nous raconte l\u2019exp\u00e9rience des deux disciples sur le chemin d\u2019Emma\u00fcs. Le Christ J\u00e9sus nous y est pr\u00e9sent\u00e9 comme l\u2019accompagnateur, l\u2019enseignant et le formateur de Ses disciples.\u00a0<\/p>\n\n\n\n<p>Lorsque nous c\u00e9l\u00e9brons P\u00e2ques, il est bien s\u00fbr question d\u2019un fait, d\u2019un message mais aussi d\u2019une grande joie.<br>Au verset 35, en conclusion de ce r\u00e9cit d\u2019apparition, ce r\u00e9cit de reconnaissance de la personne de J\u00e9sus, il est \u00e9crit que les disciples de retour \u00e0 J\u00e9rusalem&nbsp;<em>\u00ab&nbsp;racont\u00e8rent ce qui leur \u00e9tait arriv\u00e9 en chemin et comment ils l&rsquo;avaient reconnu au moment o\u00f9 il rompait le pain.&nbsp;\u00bb<\/em><\/p>\n\n\n\n<h4 class=\"wp-block-heading\">L\u2019intrigue<\/h4>\n\n\n\n<p>Souvent c\u2019est l\u2019intrigue qui fait la puissance, la force d\u2019un film. Ensuite il y a les acteurs, le cadre, le d\u00e9cor&#8230;\u00a0<br>Dans les r\u00e9cits bibliques on retrouve aussi ces \u00e9l\u00e9ments.<\/p>\n\n\n\n<p>Ici la question est de savoir ce qui s\u2019est pass\u00e9. Car en chemin quelque chose s\u2019est pass\u00e9. Que s\u2019est-il pass\u00e9 pour que ces disciples d\u00e9sempar\u00e9s changent de direction ?<br>Au verset 31, d\u2019une part, il est dit :&nbsp;<em>\u00ab Alors leurs yeux s&rsquo;ouvrirent et ils le reconnurent, mais il disparut de devant eux.&nbsp;\u00bb<\/em><br>Au verset 32, d\u2019autre part, il est expliqu\u00e9 que le Ressuscit\u00e9 S\u2019est fait reconna\u00eetre : \u00ab&nbsp;Ils se dirent l&rsquo;un \u00e0 l&rsquo;autre:<em>&nbsp;\u00ab Notre coeur ne br\u00fblait-il pas en nous lorsqu&rsquo;il nous parlait en chemin et nous expliquait les Ecritures ? \u00bb<\/em><\/p>\n\n\n\n<p>Le r\u00e9cit d\u00e9bute avec ces mots :\u00a0<em>\u00ab\u00a0Ce m\u00eame jour\u00a0\u00bb<\/em>,\u00a0<em>\u00ab\u00a0Et voici, ce m\u00eame jour\u00a0\u00bb<\/em>, c\u2019est \u00e0 dire au matin de P\u00e2ques. Deux disciples partent vers un village nomm\u00e9 Emma\u00fcs, en tournant le dos \u00e0 J\u00e9rusalem. Ils discutent sur les \u00e9v\u00e9nements r\u00e9cents, \u00e9v\u00e8nements tristes pour eux.<\/p>\n\n\n\n<p>Tout le r\u00e9cit est centr\u00e9 sur la reconnaissance de qui est J\u00e9sus, ou encore comment passer de la tristesse \u00e0 la joie, de l\u2019incompr\u00e9hension \u00e0 la v\u00e9rit\u00e9, du \u00ab&nbsp;non sens&nbsp;\u00bb au \u00ab&nbsp;bon sens&nbsp;\u00bb.<\/p>\n\n\n\n<h4 class=\"wp-block-heading\">J\u00e9sus, l\u2019accompagnateur\u00a0(v.15-24)<\/h4>\n\n\n\n<p>v.15&nbsp;<em>\u00ab&nbsp;Pendant qu&rsquo;ils parlaient et discutaient, J\u00e9sus lui-m\u00eame s&rsquo;approcha et fit route avec eux&#8230;&nbsp;\u00bb<\/em><\/p>\n\n\n\n<p>Le Christ J\u00e9sus se pr\u00e9sente aux disciples d\u2019abord comme l\u2019accompagnateur.<br>Le verset 16 nous explique qu\u2019ils sont emp\u00each\u00e9s de Le reconna\u00eetre :&nbsp;<em>\u00ab&nbsp;&#8230;mais leurs yeux \u00e9taient emp\u00each\u00e9s de le reconna\u00eetre.&nbsp;\u00bb<\/em><br>Ils sont sous le coup du d\u00e9couragement et emp\u00eatr\u00e9s dans le manque de foi.&nbsp;<\/p>\n\n\n\n<p>Aux versets 17 \u00e0 24, nous voyons comment les disciples, tristes et sombres, qui ne se sentent pas bien, confient leur d\u00e9ception \u00e0 J\u00e9sus.<br>Ils connaissent pourtant l\u2019annonce pascale mais ils n\u2019arrivent pas \u00e0 y croire :\u00a0<em>\u00ab\u00a0Il est vrai que quelques femmes de notre groupe nous ont beaucoup \u00e9tonn\u00e9s. Elles se sont rendues de grand matin au tombeau\u00a0et n&rsquo;ont pas trouv\u00e9 son corps; elles sont venues dire que des anges leur sont apparus et ont annonc\u00e9 qu&rsquo;il est vivant. \u00bb<\/em>(v.22-23).<br>J\u00e9sus leur demande donc pourquoi ils sont tristes :\u00a0<em>\u00ab\u00a0Il leur dit: \u00abDe quoi parlez-vous en marchant, pour avoir l&rsquo;air si tristes?\u00bb L&rsquo;un d&rsquo;eux, un d\u00e9nomm\u00e9 Cl\u00e9opas, lui r\u00e9pondit: \u00abEs-tu le seul en s\u00e9jour \u00e0 J\u00e9rusalem qui ne sache pas ce qui y est arriv\u00e9 ces jours-ci ? \u00bb<\/em><br>Nous avons l\u00e0 cette ironie qui caract\u00e9rise souvent les \u00e9crits de Luc : le Christ J\u00e9sus fait semblant de ne rien savoir de ce qui s\u2019est pass\u00e9, pourtant qui mieux que Lui peut conna\u00eetre les faits qui viennent de se passer ? Qui mieux que Lui peut appr\u00e9hender leurs causes et leurs cons\u00e9quences ?<br>Ici le Christ agit en professeur pour enseigner une v\u00e9rit\u00e9. Il conna\u00eet bien les r\u00e9ponses mais Il veut pousser les ap\u00f4tres \u00e0 s\u2019exprimer. Le Christ J\u00e9sus veut les faire parler pour mettre en lumi\u00e8re ce qu\u2019ils attendaient ou ce qu\u2019ils n\u2019attendaient plus.<\/p>\n\n\n\n<p>La question du Christ lib\u00e8re le trop-plein du c\u0153ur des disciples.<br>Par Sa question, le voyageur J\u00e9sus a atteint son but : les deux disciples ont pu exprimer leurs d\u00e9sirs immenses mais d\u00e9\u00e7us.&nbsp;<br>Le verset 19 nous donne de comprendre ce qu\u2019il y\u2019a au plus profond d\u2019eux, concernant leurs croyances, leurs attentes :<br><em>\u00ab&nbsp;Ils lui r\u00e9pondirent: Ce qui est arriv\u00e9 \u00e0 J\u00e9sus de Nazareth, qui \u00e9tait un proph\u00e8te puissant en actes et en paroles devant Dieu et devant tout le peuple&#8230; \u00bb.<\/em><\/p>\n\n\n\n<p>Pour eux, le Christ n\u2019\u00e9tait donc qu\u2019un proph\u00e8te. Pourtant le Christ J\u00e9sus n\u2019avait pas cess\u00e9 de leur dire qui Il \u00e9tait :&nbsp;<em>\u00ab&nbsp;le chemin, la v\u00e9rit\u00e9 et la vie&nbsp;\u00bb<\/em>,&nbsp;<em>\u00ab&nbsp;le pain du Ciel&nbsp;\u00bb<\/em>.&nbsp;Mais ils n\u2019ont retenu que cette v\u00e9rit\u00e9 rudimentaire sur Lui :&nbsp;<em>\u00ab&nbsp;J\u00e9sus de Nazareth \u00e9tait [&#8230;] un proph\u00e8te puissant en actes et en paroles&#8230;&nbsp;\u00bb<\/em><\/p>\n\n\n\n<p>Le verset 21 pr\u00e9cise l\u2019espoir que les disciples avaient eu avant les \u00e9v\u00e9nements qui ont men\u00e9 \u00e0 la Crucifixion :\u00a0<em>\u00ab\u00a0Nous esp\u00e9rions nous que ce serait Lui qui d\u00e9livrerait Isra\u00ebl mais avec tout cela voici d\u00e9j\u00e0 le troisi\u00e8me jour que ces \u00e9v\u00e9nements se sont produits&#8230; \u00bb<\/em><br>Ces mots sont lourds de tout le poids de la vie quotidienne, lourds d\u2019exp\u00e9rience et d\u2019esp\u00e9rance humaines.<br>Cette situation des disciples est le reflet de la situation de bien des croyants d\u2019aujourd\u2019hui, aux espoirs d\u00e9\u00e7us.<br>Dans ces mots, il y a un cri d\u2019\u00e9chec et de doute.\u00a0<\/p>\n\n\n\n<p>Les disciples persistaient dans cette croyance en un Messie terrestre et nationale.Ils avaient la connaissance des \u00c9critures mais ils n\u2019avaient pas r\u00e9ellement compris l\u2019\u00c9vangile.Ils ont fr\u00e9quent\u00e9 le Christ mais ils ne L\u2019ont pas r\u00e9ellement connu. Les disciples avaient projet\u00e9 leurs attentes sur Lui, comme c\u2019est aussi souvent le cas pour nous aujourd\u2019hui.&nbsp;Mais le Messie est venu pour apporter la paix, pardonner les p\u00e9ch\u00e9s et gu\u00e9rir les c\u0153urs bris\u00e9s.<\/p>\n\n\n\n<h4 class=\"wp-block-heading\">J\u00e9sus, l\u2019enseignant des\u00a0\u00c9critures (v.25-27)<\/h4>\n\n\n\n<p>Dans les versets 25 \u00e0 27, le Christ explique aux disciples ce qui Le concerne dans toutes les \u00c9critures :<em>\u00ab&nbsp;Alors J\u00e9sus leur dit: \u00ab<\/em><em>&nbsp;<\/em><em>Hommes sans intelligence, dont le coeur est lent \u00e0 croire tout ce qu&rsquo;ont dit les proph\u00e8tes! Ne fallait-il pas que le Messie souffre ces choses et qu&rsquo;il entre dans sa gloire<\/em><em>&nbsp;<\/em><em>?<\/em><em>&nbsp;<\/em><em>\u00bb Puis, en commen\u00e7ant par les \u00e9crits de Mo\u00efse et continuant par ceux de tous les proph\u00e8tes, il leur expliqua dans toutes les Ecritures ce qui le concernait. \u00bb<\/em><\/p>\n\n\n\n<p>Le Christ J\u00e9sus se pr\u00e9sente \u00e0 eux comme l\u2019enseignant en \u00c9critures.<\/p>\n\n\n\n<p><em>\u00ab Alors J\u00e9sus leur dit: O hommes sans intelligence, et dont le c\u0153ur est lent \u00e0 croire tout ce qu&rsquo;ont dit les proph\u00e8tes ! \u00bb<\/em>Le Christ utilise le vocatif&nbsp;<em>\u00ab&nbsp;\u00d4&nbsp;\u00bb<\/em>&nbsp;qui exprime une profonde \u00e9motion du Ressuscit\u00e9.<em>\u00ab&nbsp;Hommes sans intelligence&nbsp;\u00bb<\/em>&nbsp;: Le mot \u00b4anoetos\u2019 en grec signifie \u00ab&nbsp;\u00e9cervel\u00e9&nbsp;\u00bb, \u00ab&nbsp;sans cervelles&nbsp;\u00bb, \u00ab&nbsp;ne comprenant pas&nbsp;\u00bb.<br>Il s\u2019agit de quelqu\u2019un qui n\u2019agit pas selon le bon sens, de mani\u00e8re sage.Le m\u00eame mot est utilis\u00e9 par l\u2019ap\u00f4tre Paul dans Galates 3.1, pour d\u00e9signer ceux qui se d\u00e9tournent du vrai \u00c9vangile pour \u00e9pouser un faux \u00e9vangile :&nbsp;<em>\u00ab&nbsp;O Galates d\u00e9pourvus de sens! qui vous a fascin\u00e9s, vous, aux yeux de qui J\u00e9sus-Christ a \u00e9t\u00e9 peint comme crucifi\u00e9 ? \u00bb<\/em><br>\u202d\u202d<\/p>\n\n\n\n<p>La r\u00e9ponse de J\u00e9sus nous interpelle car Il pr\u00e9cise<em>&nbsp;\u00ab&nbsp;Ne fallait il pas que le Messie souffre toutes ces choses ?&nbsp;\u00bb<\/em><br><em>\u00ab&nbsp;Fallait&nbsp;\u00bb<\/em>&nbsp;est un mot cher \u00e0 Luc. Il indique une n\u00e9cessit\u00e9, une sainte obligation.&nbsp;<\/p>\n\n\n\n<p><em>\u00ab\u00a0Ne fallait-il pas que le Christ souffr\u00eet ces choses, et qu&rsquo;il entr\u00e2t dans sa gloire ? \u00bb<\/em><br>Nous voyons que les souffrances du Christ sont les moyens que Dieu avait pr\u00e9par\u00e9s pour qu\u2019Il retrouve Sa gloire. Le Christ devait souffrir afin d\u2019\u00eatre \u00e9lev\u00e9 au plus haut des cieux.<br>Ce que les disciples n\u2019avaient pas compris.<\/p>\n\n\n\n<p>Le Christ J\u00e9sus va citer les trois grandes divisions du canon h\u00e9breu pour expliquer les raisons de Sa mort : les livres de Mo\u00efse, les psaumes et les Proph\u00e8tes.<br>Dans le r\u00e9cit, si on se place du point de vue des disciples, ils ne savent pas que c\u2019est J\u00e9sus qui les accompagne. Il Le voit comme un ma\u00eetre, un enseignant, expert dans les \u00c9critures.<\/p>\n\n\n\n<p>J\u00e9sus leur explique donc que la souffrance \u00e9tait le pr\u00e9lude n\u00e9cessaire \u00e0 l\u2019entr\u00e9e du Messie dans sa gloire royale.<br>La souffrance et Sa mort faisaient parties du plan de Dieu et avaient \u00e9t\u00e9 annonc\u00e9es par les proph\u00e8tes du Premier Testament. Ainsi le Christ J\u00e9sus a accept\u00e9 le projet de Dieu, l\u2019a incarn\u00e9 et v\u00e9cu jusqu\u2019au bout<br>Le destin de J\u00e9sus, la souffrance par laquelle Il est pass\u00e9, est interpr\u00e9t\u00e9e de mani\u00e8re tr\u00e8s diff\u00e9rente selon le point de vue que l\u2019on prend.\u00a0<\/p>\n\n\n\n<ul class=\"wp-block-list\"><li>Pour les grands pr\u00eatres, la foule, et m\u00eame pour les disciples d\u2019Emma\u00fcs : il s\u2019agissait de la mort d\u2019une esp\u00e9rance de lib\u00e9ration.&nbsp;<\/li><li>Pour les femmes que les disciples d\u2019Emma\u00fcs \u00e9voquent et selon l\u2019interpr\u00e9tation que le Christ donne Lui m\u00eame ici : il s\u2019agit de l\u2019av\u00e8nement et l\u2019intronisation du Messie, annonc\u00e9s d\u2019avance !<\/li><\/ul>\n\n\n\n<p>Notons que J\u00e9sus interpr\u00e8te les \u00c9critures, mais qu\u2019Il est Lui m\u00eame le sujet de m\u00e9ditation \u00e9galement.&nbsp;Le Ressuscit\u00e9 explique les \u00c9critures aux disciples. Tout est christologique : Il leur explique ce qu\u2019ils sont cens\u00e9s savoir et vivre.<br>Une v\u00e9rit\u00e9 se d\u00e9gage de ce passage : Le Christ n\u2019est pas \u00e0 chercher quelque part ailleurs que dans les \u00c9critures.&nbsp;<br>Lui-m\u00eame nous ram\u00e8ne aux \u00c9critures. C\u2019est de Lui dont Il est question du d\u00e9but \u00e0 la fin : Il est question du Christ J\u00e9sus dans toute l\u2019\u00c9criture.Notre foi doit donc \u00eatre fond\u00e9e sur ce qui est \u00e9crit.&nbsp;<\/p>\n\n\n\n<p>Il fallait que le Christ meurt donc :<\/p>\n\n\n\n<ul class=\"wp-block-list\"><li>pour nous racheter du p\u00e9ch\u00e9 ;<\/li><li>pour vaincre la mort ;<\/li><li>pour donner un plein salut \u00e0 tous ceux qui se tourneront vers Lui.<\/li><\/ul>\n\n\n\n<p>Depuis la Gen\u00e8se jusqu\u2019\u00e0 l\u2019Apocalypse, il est question du Christ J\u00e9sus : que ce soit au travers des promesses de Dieu, de \u00ab\u00a0types\u00a0\u00bb christiques, de proph\u00e9ties.<br>Puisons dans la Bible les \u00e9l\u00e9ments qui alimentent notre connaissance du Christ.<br>Note : Pour aller plus loin, vous pouvez chercher le livre\u00a0<em><u>Christ dans toutes les \u00c9critures<\/u><\/em><\/p>\n\n\n\n<h4 class=\"wp-block-heading\">J\u00e9sus, le formateur&nbsp;<\/h4>\n\n\n\n<p>Aux versets 28 \u00e0 35, se trouve le d\u00e9nouement de l\u2019action : les disciples reconnaissent enfin le Christ au moment du partage du pain.<\/p>\n\n\n\n<p><em>\u00ab&nbsp;Lorsqu&rsquo;ils furent pr\u00e8s du village o\u00f9 ils allaient, il parut vouloir aller plus loin, mais ils le retinrent avec insistance en disant: \u00abReste avec nous car le soir approche, le jour est [d\u00e9j\u00e0] sur son d\u00e9clin.\u00bb Alors il entra pour rester avec eux.&nbsp;\u00bb<\/em><br>Les disciples demandent avec insistance \u00e0 leur accompagnateur enseignant de rester avec eux.&nbsp;Le Christ r\u00e9pond favorablement \u00e0 leur demande et Se met alors \u00e0 table avec eux.<\/p>\n\n\n\n<p>Le r\u00e9cit cherche \u00e0 nous amener \u00e0 une reconnaissance de qui J\u00e9sus est. Malgr\u00e9 que le Christ leur ait parl\u00e9 de Lui selon les \u00c9critures, les disciples ne l\u2019avaient toujours pas reconnu.Le Christ va alors poser des actes et va ouvrir leur intelligence.\u00a0<br>Le Christ n\u2019est pas seulement un bon orateur ou un tribun exceptionnel mais sa vie m\u00eame est un enseignement : Il est le verbe incarn\u00e9 !<\/p>\n\n\n\n<p><em>\u00ab&nbsp;Pendant qu&rsquo;il \u00e9tait \u00e0 table avec eux, il prit le pain; et, apr\u00e8s avoir rendu gr\u00e2ces, il le rompit, et le leur donna. Alors leurs yeux s&rsquo;ouvrirent, et ils le reconnurent; mais il disparut de devant eux. \u00bb<\/em>&nbsp;(v.30-31)&nbsp;<br>Lors de la fraction du pain, les disciples reconnaissent J\u00e9sus :&nbsp;<em>\u00ab&nbsp;leurs yeux s\u2019ouvrent&nbsp;\u00bb<\/em><em>.<\/em><br>Ici, il ne s\u2019agit pas seulement d\u2019une reconnaissance objective, d\u2019une exp\u00e9rience ext\u00e9rieur mais il s\u2019agit d\u2019une renaissance, un recadrage, une conversion, une r\u00e9orientation.&nbsp;<br>Le regard des disciples ne sera plus jamais le m\u00eame<\/p>\n\n\n\n<p>Ce passage (v.30-31) est rythm\u00e9 par 4 verbes importants : les m\u00eames verbes que nous utilisons lorsque nous c\u00e9l\u00e9brons le \u00ab&nbsp;Repas du S.eigneur&nbsp;\u00bb.&nbsp;<\/p>\n\n\n\n<ul class=\"wp-block-list\"><li>Prendre:&nbsp;<em>\u00ab&nbsp;Il prit le pain&nbsp;\u00bb<\/em><\/li><li>Rendre gr\u00e2ce :&nbsp;<em>\u00ab&nbsp;apr\u00e8s avoir rendu gr\u00e2ces \u00bb<\/em><\/li><li>Rompre :&nbsp;<em>\u00ab&nbsp;Il le rompit \u00bb<\/em><\/li><li>Donner :&nbsp;<em>\u00ab&nbsp;et le leur donna&nbsp;\u00bb<\/em><\/li><\/ul>\n\n\n\n<p><em>\u00ab&nbsp;Et ils se dirent l&rsquo;un \u00e0 l&rsquo;autre: Notre c\u0153ur ne br\u00fblait-il pas au-dedans de nous, lorsqu&rsquo;il nous parlait en chemin et nous expliquait les Ecritures ? Se levant \u00e0 l&rsquo;heure m\u00eame, ils retourn\u00e8rent \u00e0 J\u00e9rusalem<\/em><em>&#8230;&nbsp;\u00bb<\/em><br>Les disciples retournent de suite vers Jerusalem. Ils ne lui tournent plus le dos, ils ne cherchent plus \u00e0 s\u2019en \u00e9loigner.&nbsp;Cette fois-ci, ils ne sont plus tristes et sombres, mais ils sont dans la joie parce que quelque chose vient de se passer dans leur vie : la lumi\u00e8re du Vivant a suffi \u00e0 changer leur mani\u00e8re de vivre !<\/p>\n\n\n\n<h4 class=\"wp-block-heading\">Que s\u2019est-il donc pass\u00e9 ?<\/h4>\n\n\n\n<p>Dans le d\u00e9nouement de notre r\u00e9cit nous lisons que&nbsp;<em>\u00ab&nbsp;les deux disciples racont\u00e8rent ce qui leur \u00e9tait arriv\u00e9 en chemin&#8230;&nbsp;\u00bb<\/em>&nbsp;(v.35)<br>Alors quelle est la r\u00e9ponse \u00e0 notre question du tout d\u00e9but, a savoir \u00ab&nbsp;que s\u2019est il pass\u00e9 qui fait la diff\u00e9rence&nbsp;\u00bb ?&nbsp;Et comment nos yeux pourraient-ils s\u2019ouvrir comme les leurs ?<\/p>\n\n\n\n<p>Pour vivre la m\u00eame exp\u00e9rience, la premi\u00e8re des choses \u00e0 faire, c\u2019est qu\u2019il faut que nous soyons honn\u00eates comme les disciples qui ne faisaient pas semblant, ils avaient&nbsp;<em>\u00ab l\u2019air si triste \u00bb<\/em>.Pour vivre la m\u00eame exp\u00e9rience, nous devons prendre conscience que nous sommes dans la nuit. Soyons conscients et honn\u00eates avec nous m\u00eames.<\/p>\n\n\n\n<p>Ensuite nous pouvons conna\u00eetre le Christ par les \u00c9critures.\u00a0<br>Au verset 32, les disciples se disent l&rsquo;un \u00e0 l&rsquo;autre:\u00a0<em>\u00ab Notre coeur ne br\u00fblait-il pas en nous lorsqu&rsquo;il nous parlait en chemin et nous expliquait les \u00c9critures ? \u00bb\u00a0<\/em><br>Il nous faut chercher le Christ dans toutes les \u00c9critures. C\u2019est ainsi que nous sommes nourris mais aussi que nous purifions la vision qu\u2019on peut avoir du Christ J\u00e9sus.\u00a0<br>Le Christ dit Lui-m\u00eame dans Jean 5.39\u00a0<em>\u00ab\u00a0Vous \u00e9tudiez avec soin les \u00c9critures parce que vous pensez trouver en elles la vie \u00e9ternelle: ce sont justement elles qui t\u00e9moignent de moi ! \u00bb<\/em><br>\u202d\u202dIl ne s\u2019agit pas seulement de lire pour lire mais aussi de comprendre ce que nous lisons.\u00a0Le c\u0153ur (si\u00e8ge de la pens\u00e9e, \u00e9motions, intelligence&#8230;) est lent \u00e0 croire et \u00e0 comprendre. Le Seigneur doit ouvrir pour nous les \u00c9critures :\u00a0<em>\u00ab\u00a0Notre c\u0153ur ne br\u00fblait-il pas\u00a0&#8230; lorsqu&rsquo;Il\u00a0nous ouvrait les \u00e9critures?\u00bb\u00a0<\/em>(v.32)<br>Nous pouvons aussi conna\u00eetre le Christ par la fraction du pain. Dans le repas du Seigneur, nous avons l\u2019opportunit\u00e9 dans le m\u00e9morial, les gestes, les signes&#8230; de reconna\u00eetre le Christ J\u00e9sus.<\/p>\n\n\n\n<p>Quand nous communions avec le Seigneur, quand nous \u00e9coutons Sa Parole, il y a comme un feu dans nos c\u0153ur qui ne s\u2019\u00e9teint pas. Plus l\u2019\u00c9vangile entre dans notre vie et plus nous sommes vivants.<\/p>\n\n\n\n<p>L\u2019\u00c9glise doit se r\u00e9veiller et \u00e9couter son ma\u00eetre J\u00e9sus. Il nous faut rencontrer le Ressuscit\u00e9.<\/p>\n\n\n\n<p>Aux versets 33 \u00e0 35, les disciples retournent donc \u00e0 J\u00e9rusalem :&nbsp;<em>\u00ab Ils se lev\u00e8rent \u00e0 ce moment m\u00eame et retourn\u00e8rent \u00e0 J\u00e9rusalem, o\u00f9 ils trouv\u00e8rent les onze et les autres qui \u00e9taient rassembl\u00e9s et qui leur dirent: \u00abLe Seigneur est r\u00e9ellement ressuscit\u00e9 et il est apparu \u00e0 Simon.\u00bb Alors les deux disciples racont\u00e8rent ce qui leur \u00e9tait arriv\u00e9 en chemin et comment ils l&rsquo;avaient reconnu au moment o\u00f9 il rompait le pain.&nbsp;\u00bb<\/em><\/p>\n\n\n\n<p>Dans cette exp\u00e9rience d\u2019Emma\u00fcs, c\u2019est le Seigneur qui dans une approche remarquable a r\u00e9ussi \u00e0 :<\/p>\n\n\n\n<ul class=\"wp-block-list\"><li>Ouvrir l\u2019intelligence des disciples (v.27);<\/li><li>Ouvrir leurs yeux (v.31);<\/li><li>Ouvrir leur c\u0153ur(v.32).<\/li><\/ul>\n\n\n\n<p>Et la cons\u00e9quence de cette action du Ressuscit\u00e9 dans la vie des disciples, c\u2019est que ces derniers ont automatiquement chang\u00e9 de direction et ont ouvert leurs bouches :&nbsp;<em>\u00ab&nbsp;les deux disciples racont\u00e8rent&nbsp;\u00bb<\/em><em>.<\/em><\/p>\n\n\n\n<p>Celui qui re\u00e7oit du Christ ne peut qu\u2019offrir aux autres ce qu\u2019il a re\u00e7u !\u00a0<br>On est \u00ab\u00a0\u00e9vang\u00e9liste\u00a0\u00bb au moment o\u00f9 on re\u00e7oit la vie de Dieu : on est en mesure de raconter les merveilles de Dieu dans nos vies. Nous t\u00e9moignons, nous \u00e9vang\u00e9lisons, parce que nous consid\u00e9rons que ce qui nous a fait du bien fera aussi du bien \u00e0 notre prochain.Quand quelqu\u2019un vit une exp\u00e9rience avec le Ressuscit\u00e9 alors il se l\u00e8ve et va raconter aux autres ce que J\u00e9sus est et ce que J\u00e9sus fait.<\/p>\n\n\n\n<h3 class=\"wp-block-heading\">Conclusion<\/h3>\n\n\n\n<p>Ayons un c\u0153ur pour J\u00e9sus et devenons de vrais disciples.<br>Que Dieu nous accorde d\u2019avoir les yeux ouverts, d\u2019avoir un c\u0153ur de disciple.<\/p>\n\n\n\n<p>Au v.20 J\u00e9sus est mort pour les disciples&nbsp;Leurs esp\u00e9rances aussi est morte v.21v.17 triste et sombre&nbsp;D\u00e9sempar\u00e9s<br>Combien de croyants disent que J\u00e9sus est vivant, mais ne le vivent pas ?&nbsp;Dire que J\u00e9sus est Ressuscit\u00e9 est un fait historique mais vivre en Lui c\u2019est autre chose. C\u2019est un drame de savoir autant de choses Le concernant et ne rien vivre avec Lui.<\/p>\n\n\n\n<p>M\u00eame invisible \u00e0 nos sens, J\u00e9sus est bien pr\u00e9sent. Il a promis d\u2019\u00eatre avec Ses disciples. L\u2019invisibilit\u00e9 n\u2019\u00e9quivaut pas \u00e0 l\u2019absence : le Christ est l\u00e0 pour nous accompagner comme Il l\u2019a fait pour les disciples d\u2019Emmaus, pour nous enseigner, nous former.&nbsp;<br>Que nos yeux s\u2019ouvrent \u00e0 nouveau, et comme les disciples d\u2019Emma\u00fcs devenons des \u00ab&nbsp;proclamateurs&nbsp;\u00bb !<\/p>\n\n\n\n<p>Avec J\u00e9sus les \u00c9critures reprennent vie : qu\u2019il ouvre notre intelligence, nos yeux et nos c\u0153urs. Qu\u2019Il nous donne de vivre Sa r\u00e9alit\u00e9 !<br>Po\u00e8me :&nbsp;\u00ab&nbsp;L\u2019ange leur dit pourquoi cherchez vous parmi les morts Celui qui est vivant ?<br>\u00d4 J\u00e9sus Christ, ressuscit\u00e9, apparu aux femmes&nbsp;Victoire sur la d\u00e9tresse et la mort !\u00ab&nbsp;Pourquoi cherchez vous parmi les morts Celui qui est vivant ?&nbsp;\u00bb<\/p>\n\n\n\n<p>\u00d4 J\u00e9sus Christ, ressuscit\u00e9, apparu aux disciples&nbsp;Victoire sur la peur et l\u2019abandon !\u00ab&nbsp;Voici, Je suis avec vous jusqu\u2019\u00e0 la fin du monde&nbsp;\u00bb<br>\u00d4 J\u00e9sus Christ, ressuscit\u00e9, reconnu par Thomas&nbsp;Victoire sur l\u2019orgueil et le doute !\u00ab&nbsp;Mon S.eigneur et mon D ieu&nbsp;\u00bb !<\/p>\n\n\n\n<p>\u00d4 J\u00e9sus Christ, ressuscit\u00e9, rompant le pain \u00e0 Emma\u00fcs&nbsp;Victoire sur la tristesse et l\u2019angoisse !\u00ab&nbsp;Alors leurs yeux s\u2019ouvrirent et ils reconnurent&nbsp;\u00bb<\/p>\n\n\n\n<p>\u00d4 J\u00e9sus Christ, ressuscit\u00e9&nbsp;Tu es vivant, vainqueur, notre sauveurTu es notre esp\u00e9rance&nbsp;Viens S.eigneur J\u00e9sus,&nbsp;Viens bient\u00f4t&nbsp;<br>All\u00e9luia !&nbsp;\u00bb<\/p>\n\n\n\n<p>Avec une telle nouvelle, l\u2019all\u00e9gresse de P\u00e2ques ne peut \u00eatre qu\u2019au rendez vous !&nbsp;Christ est ressuscit\u00e9 : c\u2019est l\u2019\u00c9vangile de P\u00e2ques !<\/p>\n\n\n\n<p><em>\u00ab&nbsp;B\u00e9ni soit Dieu, le P\u00e8re de notre Seigneur J\u00e9sus-Christ<\/em><em>&nbsp;<\/em><em>! Conform\u00e9ment \u00e0 sa grande bont\u00e9, il nous a fait na\u00eetre de nouveau \u00e0 travers la r\u00e9surrection de J\u00e9sus-Christ pour une esp\u00e9rance vivante.&nbsp;\u00bb<\/em><\/p>\n\n\n\n<p>A Dieu seul soit la gloire ! Entrons dans l\u2019all\u00e9gresse de P\u00e2ques non seulement en priant mais aussi en croyant.Oui nous croyons que le Christ J\u00e9sus \u00e9tait mort mais voici, Il vit \u00e0 tout jamais !<\/p>\n","protected":false},"excerpt":{"rendered":"<p>Pr\u00e9dication du 4 Avril 2021 par le Pasteur Claude Missidimbazi Dimanche de P\u00e2ques 2021 Texte : Luc 24,13-35 \u00ab\u00a013\u00a0Ce m\u00eame jour, deux disciples se rendaient \u00e0 un village appel\u00e9 Emma\u00fcs, \u00e9loign\u00e9 de J\u00e9rusalem d&rsquo;une douzaine de kilom\u00e8tres.\u00a014\u00a0Ils discutaient ensemble de tout ce qui s&rsquo;\u00e9tait pass\u00e9.\u00a015\u00a0Pendant qu&rsquo;ils parlaient et discutaient, J\u00e9sus lui-m\u00eame s&rsquo;approcha et fit route&#8230;<\/p>\n","protected":false},"author":4,"featured_media":1430,"comment_status":"open","ping_status":"open","sticky":false,"template":"","format":"standard","meta":{"footnotes":""},"categories":[1],"tags":[172,171,169,170],"class_list":["post-1429","post","type-post","status-publish","format-standard","has-post-thumbnail","hentry","category-jesus-le-christ","tag-disciples-demmaus","tag-jesus-ressuscite","tag-paques-2","tag-resurrection"],"yoast_head":"<!-- This site is optimized with the Yoast SEO plugin v27.3 - https:\/\/yoast.com\/product\/yoast-seo-wordpress\/ -->\n<title>VRAIMENT LE SEIGNEUR EST RESSUSCIT\u00c9 - Eglise Matthania<\/title>\n<meta name=\"robots\" content=\"index, follow, max-snippet:-1, max-image-preview:large, max-video-preview:-1\" \/>\n<link rel=\"canonical\" href=\"https:\/\/eglisematthania.com\/index.php\/2021\/04\/04\/vraiment-le-seigneur-est-ressuscite\/\" \/>\n<meta property=\"og:locale\" content=\"fr_FR\" \/>\n<meta property=\"og:type\" content=\"article\" \/>\n<meta property=\"og:title\" content=\"VRAIMENT LE SEIGNEUR EST RESSUSCIT\u00c9 - Eglise Matthania\" \/>\n<meta property=\"og:description\" content=\"Pr\u00e9dication du 4 Avril 2021 par le Pasteur Claude Missidimbazi Dimanche de P\u00e2ques 2021 Texte : Luc 24,13-35 \u00ab\u00a013\u00a0Ce m\u00eame jour, deux disciples se rendaient \u00e0 un village appel\u00e9 Emma\u00fcs, \u00e9loign\u00e9 de J\u00e9rusalem d&rsquo;une douzaine de kilom\u00e8tres.\u00a014\u00a0Ils discutaient ensemble de tout ce qui s&rsquo;\u00e9tait pass\u00e9.\u00a015\u00a0Pendant qu&rsquo;ils parlaient et discutaient, J\u00e9sus lui-m\u00eame s&rsquo;approcha et fit route...\" \/>\n<meta property=\"og:url\" content=\"https:\/\/eglisematthania.com\/index.php\/2021\/04\/04\/vraiment-le-seigneur-est-ressuscite\/\" \/>\n<meta property=\"og:site_name\" content=\"Eglise Matthania\" \/>\n<meta property=\"article:published_time\" content=\"2021-04-04T16:37:32+00:00\" \/>\n<meta property=\"article:modified_time\" content=\"2021-04-04T16:37:34+00:00\" \/>\n<meta property=\"og:image\" content=\"https:\/\/eglisematthania.com\/wp-content\/uploads\/2021\/04\/Jesus-resurrection.jpg\" \/>\n\t<meta property=\"og:image:width\" content=\"1280\" \/>\n\t<meta property=\"og:image:height\" content=\"851\" \/>\n\t<meta property=\"og:image:type\" content=\"image\/jpeg\" \/>\n<meta name=\"author\" content=\"Redaction Matthania\" \/>\n<meta name=\"twitter:card\" content=\"summary_large_image\" \/>\n<meta name=\"twitter:label1\" content=\"\u00c9crit par\" \/>\n\t<meta name=\"twitter:data1\" content=\"Redaction Matthania\" \/>\n\t<meta name=\"twitter:label2\" content=\"Dur\u00e9e de lecture estim\u00e9e\" \/>\n\t<meta name=\"twitter:data2\" content=\"20 minutes\" \/>\n<script type=\"application\/ld+json\" class=\"yoast-schema-graph\">{\"@context\":\"https:\\\/\\\/schema.org\",\"@graph\":[{\"@type\":\"Article\",\"@id\":\"https:\\\/\\\/eglisematthania.com\\\/index.php\\\/2021\\\/04\\\/04\\\/vraiment-le-seigneur-est-ressuscite\\\/#article\",\"isPartOf\":{\"@id\":\"https:\\\/\\\/eglisematthania.com\\\/index.php\\\/2021\\\/04\\\/04\\\/vraiment-le-seigneur-est-ressuscite\\\/\"},\"author\":{\"name\":\"Redaction Matthania\",\"@id\":\"https:\\\/\\\/eglisematthania.com\\\/#\\\/schema\\\/person\\\/dc8a6a5622532e51764c11fddb8c52a3\"},\"headline\":\"VRAIMENT LE SEIGNEUR EST RESSUSCIT\u00c9\",\"datePublished\":\"2021-04-04T16:37:32+00:00\",\"dateModified\":\"2021-04-04T16:37:34+00:00\",\"mainEntityOfPage\":{\"@id\":\"https:\\\/\\\/eglisematthania.com\\\/index.php\\\/2021\\\/04\\\/04\\\/vraiment-le-seigneur-est-ressuscite\\\/\"},\"wordCount\":4060,\"commentCount\":0,\"publisher\":{\"@id\":\"https:\\\/\\\/eglisematthania.com\\\/#organization\"},\"image\":{\"@id\":\"https:\\\/\\\/eglisematthania.com\\\/index.php\\\/2021\\\/04\\\/04\\\/vraiment-le-seigneur-est-ressuscite\\\/#primaryimage\"},\"thumbnailUrl\":\"https:\\\/\\\/eglisematthania.com\\\/wp-content\\\/uploads\\\/2021\\\/04\\\/Jesus-resurrection.jpg\",\"keywords\":[\"Disciples d\u2019Emma\u00fcs\",\"J\u00e9sus ressuscit\u00e9\",\"P\u00e2ques\",\"r\u00e9surrection\"],\"articleSection\":[\"Jesus Le Christ\"],\"inLanguage\":\"fr-FR\",\"potentialAction\":[{\"@type\":\"CommentAction\",\"name\":\"Comment\",\"target\":[\"https:\\\/\\\/eglisematthania.com\\\/index.php\\\/2021\\\/04\\\/04\\\/vraiment-le-seigneur-est-ressuscite\\\/#respond\"]}]},{\"@type\":\"WebPage\",\"@id\":\"https:\\\/\\\/eglisematthania.com\\\/index.php\\\/2021\\\/04\\\/04\\\/vraiment-le-seigneur-est-ressuscite\\\/\",\"url\":\"https:\\\/\\\/eglisematthania.com\\\/index.php\\\/2021\\\/04\\\/04\\\/vraiment-le-seigneur-est-ressuscite\\\/\",\"name\":\"VRAIMENT LE SEIGNEUR EST RESSUSCIT\u00c9 - Eglise Matthania\",\"isPartOf\":{\"@id\":\"https:\\\/\\\/eglisematthania.com\\\/#website\"},\"primaryImageOfPage\":{\"@id\":\"https:\\\/\\\/eglisematthania.com\\\/index.php\\\/2021\\\/04\\\/04\\\/vraiment-le-seigneur-est-ressuscite\\\/#primaryimage\"},\"image\":{\"@id\":\"https:\\\/\\\/eglisematthania.com\\\/index.php\\\/2021\\\/04\\\/04\\\/vraiment-le-seigneur-est-ressuscite\\\/#primaryimage\"},\"thumbnailUrl\":\"https:\\\/\\\/eglisematthania.com\\\/wp-content\\\/uploads\\\/2021\\\/04\\\/Jesus-resurrection.jpg\",\"datePublished\":\"2021-04-04T16:37:32+00:00\",\"dateModified\":\"2021-04-04T16:37:34+00:00\",\"breadcrumb\":{\"@id\":\"https:\\\/\\\/eglisematthania.com\\\/index.php\\\/2021\\\/04\\\/04\\\/vraiment-le-seigneur-est-ressuscite\\\/#breadcrumb\"},\"inLanguage\":\"fr-FR\",\"potentialAction\":[{\"@type\":\"ReadAction\",\"target\":[\"https:\\\/\\\/eglisematthania.com\\\/index.php\\\/2021\\\/04\\\/04\\\/vraiment-le-seigneur-est-ressuscite\\\/\"]}]},{\"@type\":\"ImageObject\",\"inLanguage\":\"fr-FR\",\"@id\":\"https:\\\/\\\/eglisematthania.com\\\/index.php\\\/2021\\\/04\\\/04\\\/vraiment-le-seigneur-est-ressuscite\\\/#primaryimage\",\"url\":\"https:\\\/\\\/eglisematthania.com\\\/wp-content\\\/uploads\\\/2021\\\/04\\\/Jesus-resurrection.jpg\",\"contentUrl\":\"https:\\\/\\\/eglisematthania.com\\\/wp-content\\\/uploads\\\/2021\\\/04\\\/Jesus-resurrection.jpg\",\"width\":1280,\"height\":851},{\"@type\":\"BreadcrumbList\",\"@id\":\"https:\\\/\\\/eglisematthania.com\\\/index.php\\\/2021\\\/04\\\/04\\\/vraiment-le-seigneur-est-ressuscite\\\/#breadcrumb\",\"itemListElement\":[{\"@type\":\"ListItem\",\"position\":1,\"name\":\"Accueil\",\"item\":\"https:\\\/\\\/eglisematthania.com\\\/\"},{\"@type\":\"ListItem\",\"position\":2,\"name\":\"VRAIMENT LE SEIGNEUR EST RESSUSCIT\u00c9\"}]},{\"@type\":\"WebSite\",\"@id\":\"https:\\\/\\\/eglisematthania.com\\\/#website\",\"url\":\"https:\\\/\\\/eglisematthania.com\\\/\",\"name\":\"Eglise Matthania\",\"description\":\"\u00e9glise Protestante \u00e9vang\u00e9lique\",\"publisher\":{\"@id\":\"https:\\\/\\\/eglisematthania.com\\\/#organization\"},\"potentialAction\":[{\"@type\":\"SearchAction\",\"target\":{\"@type\":\"EntryPoint\",\"urlTemplate\":\"https:\\\/\\\/eglisematthania.com\\\/?s={search_term_string}\"},\"query-input\":{\"@type\":\"PropertyValueSpecification\",\"valueRequired\":true,\"valueName\":\"search_term_string\"}}],\"inLanguage\":\"fr-FR\"},{\"@type\":\"Organization\",\"@id\":\"https:\\\/\\\/eglisematthania.com\\\/#organization\",\"name\":\"Eglise Protestante \u00c9vang\u00e9lique Matthania\",\"url\":\"https:\\\/\\\/eglisematthania.com\\\/\",\"logo\":{\"@type\":\"ImageObject\",\"inLanguage\":\"fr-FR\",\"@id\":\"https:\\\/\\\/eglisematthania.com\\\/#\\\/schema\\\/logo\\\/image\\\/\",\"url\":\"https:\\\/\\\/eglisematthania.com\\\/wp-content\\\/uploads\\\/2020\\\/03\\\/LogoSite3.png\",\"contentUrl\":\"https:\\\/\\\/eglisematthania.com\\\/wp-content\\\/uploads\\\/2020\\\/03\\\/LogoSite3.png\",\"width\":258,\"height\":55,\"caption\":\"Eglise Protestante \u00c9vang\u00e9lique Matthania\"},\"image\":{\"@id\":\"https:\\\/\\\/eglisematthania.com\\\/#\\\/schema\\\/logo\\\/image\\\/\"}},{\"@type\":\"Person\",\"@id\":\"https:\\\/\\\/eglisematthania.com\\\/#\\\/schema\\\/person\\\/dc8a6a5622532e51764c11fddb8c52a3\",\"name\":\"Redaction Matthania\",\"image\":{\"@type\":\"ImageObject\",\"inLanguage\":\"fr-FR\",\"@id\":\"https:\\\/\\\/secure.gravatar.com\\\/avatar\\\/1414a88924072fc6032a395f2bd8af30fee21e82332dcb7070d57fee67ed5b6b?s=96&d=mm&r=g\",\"url\":\"https:\\\/\\\/secure.gravatar.com\\\/avatar\\\/1414a88924072fc6032a395f2bd8af30fee21e82332dcb7070d57fee67ed5b6b?s=96&d=mm&r=g\",\"contentUrl\":\"https:\\\/\\\/secure.gravatar.com\\\/avatar\\\/1414a88924072fc6032a395f2bd8af30fee21e82332dcb7070d57fee67ed5b6b?s=96&d=mm&r=g\",\"caption\":\"Redaction Matthania\"},\"url\":\"https:\\\/\\\/eglisematthania.com\\\/index.php\\\/author\\\/redaction-matthania\\\/\"}]}<\/script>\n<!-- \/ Yoast SEO plugin. -->","yoast_head_json":{"title":"VRAIMENT LE SEIGNEUR EST RESSUSCIT\u00c9 - Eglise Matthania","robots":{"index":"index","follow":"follow","max-snippet":"max-snippet:-1","max-image-preview":"max-image-preview:large","max-video-preview":"max-video-preview:-1"},"canonical":"https:\/\/eglisematthania.com\/index.php\/2021\/04\/04\/vraiment-le-seigneur-est-ressuscite\/","og_locale":"fr_FR","og_type":"article","og_title":"VRAIMENT LE SEIGNEUR EST RESSUSCIT\u00c9 - Eglise Matthania","og_description":"Pr\u00e9dication du 4 Avril 2021 par le Pasteur Claude Missidimbazi Dimanche de P\u00e2ques 2021 Texte : Luc 24,13-35 \u00ab\u00a013\u00a0Ce m\u00eame jour, deux disciples se rendaient \u00e0 un village appel\u00e9 Emma\u00fcs, \u00e9loign\u00e9 de J\u00e9rusalem d&rsquo;une douzaine de kilom\u00e8tres.\u00a014\u00a0Ils discutaient ensemble de tout ce qui s&rsquo;\u00e9tait pass\u00e9.\u00a015\u00a0Pendant qu&rsquo;ils parlaient et discutaient, J\u00e9sus lui-m\u00eame s&rsquo;approcha et fit route...","og_url":"https:\/\/eglisematthania.com\/index.php\/2021\/04\/04\/vraiment-le-seigneur-est-ressuscite\/","og_site_name":"Eglise Matthania","article_published_time":"2021-04-04T16:37:32+00:00","article_modified_time":"2021-04-04T16:37:34+00:00","og_image":[{"width":1280,"height":851,"url":"https:\/\/eglisematthania.com\/wp-content\/uploads\/2021\/04\/Jesus-resurrection.jpg","type":"image\/jpeg"}],"author":"Redaction Matthania","twitter_card":"summary_large_image","twitter_misc":{"\u00c9crit par":"Redaction Matthania","Dur\u00e9e de lecture estim\u00e9e":"20 minutes"},"schema":{"@context":"https:\/\/schema.org","@graph":[{"@type":"Article","@id":"https:\/\/eglisematthania.com\/index.php\/2021\/04\/04\/vraiment-le-seigneur-est-ressuscite\/#article","isPartOf":{"@id":"https:\/\/eglisematthania.com\/index.php\/2021\/04\/04\/vraiment-le-seigneur-est-ressuscite\/"},"author":{"name":"Redaction Matthania","@id":"https:\/\/eglisematthania.com\/#\/schema\/person\/dc8a6a5622532e51764c11fddb8c52a3"},"headline":"VRAIMENT LE SEIGNEUR EST RESSUSCIT\u00c9","datePublished":"2021-04-04T16:37:32+00:00","dateModified":"2021-04-04T16:37:34+00:00","mainEntityOfPage":{"@id":"https:\/\/eglisematthania.com\/index.php\/2021\/04\/04\/vraiment-le-seigneur-est-ressuscite\/"},"wordCount":4060,"commentCount":0,"publisher":{"@id":"https:\/\/eglisematthania.com\/#organization"},"image":{"@id":"https:\/\/eglisematthania.com\/index.php\/2021\/04\/04\/vraiment-le-seigneur-est-ressuscite\/#primaryimage"},"thumbnailUrl":"https:\/\/eglisematthania.com\/wp-content\/uploads\/2021\/04\/Jesus-resurrection.jpg","keywords":["Disciples d\u2019Emma\u00fcs","J\u00e9sus ressuscit\u00e9","P\u00e2ques","r\u00e9surrection"],"articleSection":["Jesus Le Christ"],"inLanguage":"fr-FR","potentialAction":[{"@type":"CommentAction","name":"Comment","target":["https:\/\/eglisematthania.com\/index.php\/2021\/04\/04\/vraiment-le-seigneur-est-ressuscite\/#respond"]}]},{"@type":"WebPage","@id":"https:\/\/eglisematthania.com\/index.php\/2021\/04\/04\/vraiment-le-seigneur-est-ressuscite\/","url":"https:\/\/eglisematthania.com\/index.php\/2021\/04\/04\/vraiment-le-seigneur-est-ressuscite\/","name":"VRAIMENT LE SEIGNEUR EST RESSUSCIT\u00c9 - Eglise Matthania","isPartOf":{"@id":"https:\/\/eglisematthania.com\/#website"},"primaryImageOfPage":{"@id":"https:\/\/eglisematthania.com\/index.php\/2021\/04\/04\/vraiment-le-seigneur-est-ressuscite\/#primaryimage"},"image":{"@id":"https:\/\/eglisematthania.com\/index.php\/2021\/04\/04\/vraiment-le-seigneur-est-ressuscite\/#primaryimage"},"thumbnailUrl":"https:\/\/eglisematthania.com\/wp-content\/uploads\/2021\/04\/Jesus-resurrection.jpg","datePublished":"2021-04-04T16:37:32+00:00","dateModified":"2021-04-04T16:37:34+00:00","breadcrumb":{"@id":"https:\/\/eglisematthania.com\/index.php\/2021\/04\/04\/vraiment-le-seigneur-est-ressuscite\/#breadcrumb"},"inLanguage":"fr-FR","potentialAction":[{"@type":"ReadAction","target":["https:\/\/eglisematthania.com\/index.php\/2021\/04\/04\/vraiment-le-seigneur-est-ressuscite\/"]}]},{"@type":"ImageObject","inLanguage":"fr-FR","@id":"https:\/\/eglisematthania.com\/index.php\/2021\/04\/04\/vraiment-le-seigneur-est-ressuscite\/#primaryimage","url":"https:\/\/eglisematthania.com\/wp-content\/uploads\/2021\/04\/Jesus-resurrection.jpg","contentUrl":"https:\/\/eglisematthania.com\/wp-content\/uploads\/2021\/04\/Jesus-resurrection.jpg","width":1280,"height":851},{"@type":"BreadcrumbList","@id":"https:\/\/eglisematthania.com\/index.php\/2021\/04\/04\/vraiment-le-seigneur-est-ressuscite\/#breadcrumb","itemListElement":[{"@type":"ListItem","position":1,"name":"Accueil","item":"https:\/\/eglisematthania.com\/"},{"@type":"ListItem","position":2,"name":"VRAIMENT LE SEIGNEUR EST RESSUSCIT\u00c9"}]},{"@type":"WebSite","@id":"https:\/\/eglisematthania.com\/#website","url":"https:\/\/eglisematthania.com\/","name":"Eglise Matthania","description":"\u00e9glise Protestante \u00e9vang\u00e9lique","publisher":{"@id":"https:\/\/eglisematthania.com\/#organization"},"potentialAction":[{"@type":"SearchAction","target":{"@type":"EntryPoint","urlTemplate":"https:\/\/eglisematthania.com\/?s={search_term_string}"},"query-input":{"@type":"PropertyValueSpecification","valueRequired":true,"valueName":"search_term_string"}}],"inLanguage":"fr-FR"},{"@type":"Organization","@id":"https:\/\/eglisematthania.com\/#organization","name":"Eglise Protestante \u00c9vang\u00e9lique Matthania","url":"https:\/\/eglisematthania.com\/","logo":{"@type":"ImageObject","inLanguage":"fr-FR","@id":"https:\/\/eglisematthania.com\/#\/schema\/logo\/image\/","url":"https:\/\/eglisematthania.com\/wp-content\/uploads\/2020\/03\/LogoSite3.png","contentUrl":"https:\/\/eglisematthania.com\/wp-content\/uploads\/2020\/03\/LogoSite3.png","width":258,"height":55,"caption":"Eglise Protestante \u00c9vang\u00e9lique Matthania"},"image":{"@id":"https:\/\/eglisematthania.com\/#\/schema\/logo\/image\/"}},{"@type":"Person","@id":"https:\/\/eglisematthania.com\/#\/schema\/person\/dc8a6a5622532e51764c11fddb8c52a3","name":"Redaction Matthania","image":{"@type":"ImageObject","inLanguage":"fr-FR","@id":"https:\/\/secure.gravatar.com\/avatar\/1414a88924072fc6032a395f2bd8af30fee21e82332dcb7070d57fee67ed5b6b?s=96&d=mm&r=g","url":"https:\/\/secure.gravatar.com\/avatar\/1414a88924072fc6032a395f2bd8af30fee21e82332dcb7070d57fee67ed5b6b?s=96&d=mm&r=g","contentUrl":"https:\/\/secure.gravatar.com\/avatar\/1414a88924072fc6032a395f2bd8af30fee21e82332dcb7070d57fee67ed5b6b?s=96&d=mm&r=g","caption":"Redaction Matthania"},"url":"https:\/\/eglisematthania.com\/index.php\/author\/redaction-matthania\/"}]}},"_links":{"self":[{"href":"https:\/\/eglisematthania.com\/index.php\/wp-json\/wp\/v2\/posts\/1429","targetHints":{"allow":["GET"]}}],"collection":[{"href":"https:\/\/eglisematthania.com\/index.php\/wp-json\/wp\/v2\/posts"}],"about":[{"href":"https:\/\/eglisematthania.com\/index.php\/wp-json\/wp\/v2\/types\/post"}],"author":[{"embeddable":true,"href":"https:\/\/eglisematthania.com\/index.php\/wp-json\/wp\/v2\/users\/4"}],"replies":[{"embeddable":true,"href":"https:\/\/eglisematthania.com\/index.php\/wp-json\/wp\/v2\/comments?post=1429"}],"version-history":[{"count":1,"href":"https:\/\/eglisematthania.com\/index.php\/wp-json\/wp\/v2\/posts\/1429\/revisions"}],"predecessor-version":[{"id":1431,"href":"https:\/\/eglisematthania.com\/index.php\/wp-json\/wp\/v2\/posts\/1429\/revisions\/1431"}],"wp:featuredmedia":[{"embeddable":true,"href":"https:\/\/eglisematthania.com\/index.php\/wp-json\/wp\/v2\/media\/1430"}],"wp:attachment":[{"href":"https:\/\/eglisematthania.com\/index.php\/wp-json\/wp\/v2\/media?parent=1429"}],"wp:term":[{"taxonomy":"category","embeddable":true,"href":"https:\/\/eglisematthania.com\/index.php\/wp-json\/wp\/v2\/categories?post=1429"},{"taxonomy":"post_tag","embeddable":true,"href":"https:\/\/eglisematthania.com\/index.php\/wp-json\/wp\/v2\/tags?post=1429"}],"curies":[{"name":"wp","href":"https:\/\/api.w.org\/{rel}","templated":true}]}}