{"id":1331,"date":"2021-01-04T13:56:37","date_gmt":"2021-01-04T12:56:37","guid":{"rendered":"http:\/\/eglisematthania.com\/?p=1331"},"modified":"2021-01-04T13:56:39","modified_gmt":"2021-01-04T12:56:39","slug":"pere-glorifie-ton-nom","status":"publish","type":"post","link":"https:\/\/eglisematthania.com\/index.php\/2021\/01\/04\/pere-glorifie-ton-nom\/","title":{"rendered":"P\u00c8RE GLORIFIE TON NOM"},"content":{"rendered":"\n<h2 class=\"wp-block-heading\"><strong>Pr\u00e9dication Culte Du 03 Janvier 202<\/strong>1 Par Le Pasteur Claude Missidimbazi<\/h2>\n\n\n\n<h3 class=\"wp-block-heading\" id=\"block-b7f5518e-3aeb-401e-97fd-149340419f77\">Titre : P\u00e8re Glorifie Ton Nom<br>Texte : Jean 12.27-28<\/h3>\n\n\n\n<p><em>\u00ab Maintenant mon \u00e2me est troubl\u00e9e, et que dirai-je ? P\u00e8re, sauve-moi de cette heure ? Mais c&rsquo;est pr\u00e9cis\u00e9ment pour cette heure que je suis venu. P\u00e8re, glorifie ton nom. \u00bb Alors, une voix vint du ciel : \u00ab Je l&rsquo;ai glorifi\u00e9 et je le glorifierai encore. \u00bb<\/em><br>Jean 12.27-28&nbsp;<\/p>\n\n\n\n<p>Nous avons cette ann\u00e9e deux mots d\u2019ordre :<\/p>\n\n\n\n<ul class=\"wp-block-list\"><li>celui de l\u2019an dernier tir\u00e9 du Psaume 46,\u00a0<em>\u00ab\u00a0Arr\u00eatez et sachez que je suis Dieu je domine sur les nations, je domine sur la terre\u00a0\u00bb,<\/em><\/li><li>compl\u00e9t\u00e9 par celui de que nous lisons dans Jean 12\u00a0\u00a0<em>\u00ab\u00a0P\u00e8re, glorifie Ton Nom\u00a0\u00bb<\/em>.<\/li><\/ul>\n\n\n\n<p>Ce que Dieu a dit hier est toujours d\u2019actualit\u00e9 : nous devons nous arr\u00eater et prendre conscience que le Seigneur est Dieu.\u00a0<br>Ainsi, nous ne devons pas nous laisser \u00e9branler mais nous arr\u00eater, prendre conscience que Dieu est souverain et prier comme J\u00e9sus :\u00a0<em>\u00ab\u00a0P\u00e8re, glorifie Ton Nom\u00a0\u00bb<\/em><\/p>\n\n\n\n<p>Il nous faut apprendre dans le concret de nos vies ce que signifie glorifier Dieu.<\/p>\n\n\n\n<h4 class=\"wp-block-heading\">Le contexte&nbsp;<\/h4>\n\n\n\n<p>Les difficult\u00e9s interrogent notre foi. Dans notre texte, le Christ J\u00e9sus se pr\u00e9pare \u00e0 affronter Son \u00ab\u00a0heure\u00a0\u00bb.<br>Depuis le chapitre 11, verset 4, de l\u2019Evangile selon Jean, l\u2019heure de la glorification du Christ avait \u00e9t\u00e9 annonc\u00e9e. Nous voyons ici que cette heure est en train de sonner, d\u2019aller vers son accomplissement.<br>Les versets 51 \u00e0 52 de Jean 11 proclament que la mort de J\u00e9sus entra\u00eenera l\u2019ouverture de Son message \u00e0 tous les hommes.<br>L\u2019\u00e9vang\u00e9liste pr\u00e9sente le Christ dans toute Sa dignit\u00e9 de Fils en conversation avec Son P\u00e8re.<\/p>\n\n\n\n<h4 class=\"wp-block-heading\">Le trouble de J\u00e9sus&nbsp;<\/h4>\n\n\n\n<p>Au verset 27 nous lisons&nbsp;<em>\u00ab&nbsp;Maintenant mon \u00e2me est troubl\u00e9e&nbsp;\u00bb<\/em>, qu\u2019on peut aussi rendre par&nbsp;<em>\u00ab&nbsp;maintenant je suis profond\u00e9ment secou\u00e9, je suis dans l\u2019effroi, je suis dans l\u2019angoisse&nbsp;\u00bb<\/em>.<br>Le Christ J\u00e9sus est parfaitement homme dans son trouble et son h\u00e9sitation face \u00e0 La Croix.<br>Le Christ J\u00e9sus nous partage Ses \u00e9motions int\u00e9rieures et le mot grec employ\u00e9 pour&nbsp;<em>\u00ab&nbsp;troubl\u00e9&nbsp;\u00bb<\/em>&nbsp;est fort :&nbsp;<em>\u00ab&nbsp;je suis remu\u00e9 en diff\u00e9rents sens, je suis agit\u00e9&#8230;&nbsp;\u00bb<\/em><\/p>\n\n\n\n<p>Dans ce trouble, J\u00e9sus pose cette question :&nbsp;<em>\u00ab&nbsp;Et que dirai-je ? P\u00e8re, \u00e9pargne moi ce moment ?&nbsp;\u00bb<\/em><\/p>\n\n\n\n<p>Le Christ J\u00e9sus vit l\u2019exp\u00e9rience d\u2019un Dieu qui est P\u00e8re : Son Dieu nourrit les oiseaux, Il fait briller son soleil sur les m\u00e9chants et sur les bons, qui s\u2019adressent aux plus petits&#8230;\u00a0<br>Le Christ J\u00e9sus aime appeler Dieu, \u00ab\u00a0P\u00e8re\u00a0\u00bb. Il le fait \u00e0 plusieurs reprises dans l\u2019Evangile de Jean comme au chapitre 20.17 : \u00ab\u00a0<em>J\u00e9sus lui dit : Ne me retiens pas ! car je ne suis pas encore mont\u00e9 vers mon P\u00e8re. Pour toi, va trouver mes fr\u00e8res et dis-leur que je monte vers mon P\u00e8re qui est votre P\u00e8re, vers mon Dieu qui est votre Dieu.<\/em>\u00a0\u00bb<br>Le Christ n\u2019accumule pas les titres majestueux pour s\u2019adresser \u00e0 l\u2019\u00c9 ternel, mais Il L\u2019appelle simplement \u00ab\u00a0P\u00e8re\u00a0\u00bb parce qu\u2019Il vit en intimit\u00e9 avec Lui.\u00a0Il a constamment partag\u00e9 cette appellation de \u00ab\u00a0P\u00e8re, Abba P\u00e8re, Papa\u00a0\u00bb avec Ses disciples, notamment dans la pri\u00e8re dite du \u00ab\u00a0Notre P\u00e8re\u00a0\u00bb.<\/p>\n\n\n\n<p>Le cri que pousse le Christ J\u00e9sus est \u00e0 la fois un cri de confiance mais aussi une pri\u00e8re de soumission.<br>Cette conversation int\u00e9rieure, le Christ l\u2019exprime \u00e0 l\u2019ext\u00e9rieur, Il rend ext\u00e9rieur ce qui est cach\u00e9.&nbsp;<\/p>\n\n\n\n<h4 class=\"wp-block-heading\">Un retournement remarquable&nbsp;<\/h4>\n\n\n\n<p><em>\u00ab&nbsp;Mais c&rsquo;est pr\u00e9cis\u00e9ment pour cette heure que je suis venu.&nbsp;\u00bb<\/em>Le&nbsp;<em>\u00ab&nbsp;mais&nbsp;\u00bb<\/em>&nbsp;dans le texte marque un retournement remarquable.Il y a la un revirement puissant et totale :&nbsp;<em>\u00ab&nbsp;Mais oui c\u2019est pour cette heure que je suis l\u00e0&nbsp;\u00bb&nbsp;<\/em>!<br>Le Christ J\u00e9sus est conscient de la gravit\u00e9 et de la puissance de la mort, mais pourtant Il ne se laisse pas aller \u00e0 cette angoisse : Il prononce ce&nbsp;<em>\u00ab&nbsp;mais&nbsp;\u00bb<\/em>&nbsp;fort.<br>J\u00e9sus op\u00e8re un retournement d\u00e9finitif pour dire Son accord avec le P\u00e8re :&nbsp;<em>\u00ab&nbsp;pour cela je suis venu vers cette heure, c\u2019est pr\u00e9cis\u00e9ment pour l\u2019affronter sue je suis venu jusqu\u2019\u00e0 cette heure.\u00bb<\/em><\/p>\n\n\n\n<p>Cela s\u2019accorde avec d\u2019autres pri\u00e8res du Christ exprim\u00e9es dans les autres \u00e9vangiles, telle que la pri\u00e8re \u00e0 Gethsemane dans Marc 14.32&nbsp;<em>\u00ab Abba, P\u00e8re, \u00e0 Toi tout est possible, \u00e9carte de moi cette coupe ! Pourtant, non pas ce que je veux, mais ce que Tu veux ! \u00bb<\/em><br>Le Christ J\u00e9sus exprime son accord avec le P\u00e8re, Il se soumet \u00e0 la volont\u00e9 du P\u00e8re.<\/p>\n\n\n\n<p>Notre Seigneur \u00e9tait capable d\u2019\u00e9motion face \u00e0 la mort, mais aussi d\u2019une r\u00e9solution sans faille dans cette d\u00e9cision d\u2019aller jusqu\u2019au bout de son destin : mourir pour les p\u00e9ch\u00e9s de tous les hommes.<br>Ce ressaisissement de J\u00e9sus Le conduit \u00e0 s\u2019engager vers l\u2019heure, sa mission.<br>Le Christ se r\u00e9v\u00e8le comme \u00e9tant le Fils, Il se comporte comme Fils. \u00catre Fils ici signifie correspondre \u00e0 ce que Son P\u00e8re a pr\u00e9vu pour Lui.<br>Il est seul pour Se d\u00e9cider :\u00a0<em>\u00ab\u00a0Je suis venu pour cette heure\u00a0\u00bb<\/em>\u00a0exprime le moment de Sa d\u00e9cision personnelle.Il s\u2019adresse au P\u00e8re apr\u00e8s avoir pris Sa d\u00e9cision. Il affronte seul ce combat int\u00e9rieur et apr\u00e8s avoir pris Sa r\u00e9solution, Il peut Se tourner vers Dieu pour affirmer Son plein accord.<br>Pour J\u00e9sus c\u2019est une heure sombre, mais aussi une heure de victoire : Il est pr\u00eat, il est r\u00e9solu \u00e0 aller jusqu\u2019au bout de l\u2019incarnation.<br>Nous aussi nous devons apprendre \u00e0 cesser de \u00ab\u00a0souhaiter\u00a0\u00bb pour se mettre \u00e0 \u00ab\u00a0d\u00e9cider\u00a0\u00bb. L\u2019heure est venue de prendre position, de dire oui \u00e0 la volont\u00e9 de Dieu et d\u2019adopter une soumission totale. Arr\u00eatons de nous cacher dans la pri\u00e8re pour demander de l\u2019aide \u00e0 Dieu : il faut aussi r\u00e9pondre \u00e0 ces pri\u00e8res en prenant des d\u00e9cisions fortes. Nous avons tendance \u00e0 fuir quand l\u2019heure de l\u2019\u00e9preuve est l\u00e0. L\u2019\u00e9preuve r\u00e9v\u00e8le r\u00e9ellement si nous sommes dans la foi ou si nous ne l\u2019avons jamais vraiment \u00e9t\u00e9.\u00a0L\u2019heure de l\u2019\u00e9preuve est le moment o\u00f9 il ne faut pas fuir, mais au contraire s\u2019engager\u00a0et aller jusqu\u2019au bout.<br>Le Christ J\u00e9sus a d\u00e9montr\u00e9 de la force, de la volont\u00e9 de faire et d\u2019accomplir. Il est important qu\u2019il y ait ce d\u00e9clic spirituel pour dire\u00a0<em>\u00ab\u00a0mais\u00a0\u00bb<\/em>, pour dire \u00ab\u00a0malgr\u00e9 les souffrances, les \u00e9preuves, j\u2019ai pris la r\u00e9solution de faire la volont\u00e9 de Dieu, j\u2019ai pris la d\u00e9termination sans faille de ne jamais abandonner le Seigneur \u00bb.\u00a0<br>Le Christ J\u00e9sus ne cache pas Ses \u00e9motions, Il s\u2019interroge mais Il affirme Sa d\u00e9termination. Pour Sauver l\u2019humanit\u00e9 J\u00e9sus ne doit pas \u00eatre sauv\u00e9 de cette heure, de l\u2019\u00e9preuve, de la mort mais Il doit venir dans cette heure, Il doit entrer dans l\u2019\u00e9preuve de la mort.<br>Nous avons tendance \u00e0 prier pour demander d\u2019\u00eatre b\u00e9ni, de vivre bien&#8230; mais nous voyons qu\u2019ici J\u00e9sus ne prie pas pour \u00eatre sauv\u00e9 de la mort mais Il prie pour entrer dans la mort, car Il sait que c\u2019est l\u00e0 le dessein du P\u00e8re.\u00a0J\u00e9sus prie pour S\u2019en remettre \u00e0 Son P\u00e8re, car Celui-ci peut tout, mais en m\u00eame temps Il S\u2019engage.\u00a0<\/p>\n\n\n\n<h4 class=\"wp-block-heading\">Le th\u00e8me de l\u2019heure&nbsp;<\/h4>\n\n\n\n<p>Ce th\u00e8me de l\u2019heure est tr\u00e8s suivi, d\u00e9velopp\u00e9 dans l\u2019\u00c9vangile de Jean. Il y est employ\u00e9 26 fois. A chaque fois ce terme parle d\u2019un temps favorable :<\/p>\n\n\n\n<ul class=\"wp-block-list\"><li>Chapitre 2,&nbsp;<em>\u00ab&nbsp;&#8230; mon&nbsp;<\/em><strong><em>heure<\/em><\/strong><em>&nbsp;n\u2019est pas encore venue&nbsp;\u00bb<\/em>, J\u00e9sus r\u00e9pondant \u00e0 Sa m\u00e8re qui Lui demande d\u2019intervenir aux noces de Cana ;<\/li><li>Chapitre 7, il semblait m\u00eame impossible que J\u00e9sus soit touch\u00e9, arr\u00eat\u00e9 ou tu\u00e9 tant que&nbsp;<em>\u00ab&nbsp;son heure&nbsp;\u00bb<\/em>&nbsp;n\u2019\u00e9tait pas arriv\u00e9e :&nbsp;<em>\u00ab&nbsp;Ils cherch\u00e8rent alors \u00e0 l&rsquo;arr\u00eater, mais personne ne mit la main sur lui parce que son&nbsp;<\/em><strong><em>heure<\/em><\/strong><em>&nbsp;n&rsquo;\u00e9tait pas encore venue ;<\/em><\/li><li>Chapitre 4, \u00ab Crois-moi, femme,&nbsp;<strong>l&rsquo;heure<\/strong>&nbsp;vient o\u00f9 ce n&rsquo;est ni sur cette montagne ni \u00e0 J\u00e9rusalem que vous adorerez le P\u00e8re.&nbsp;\u00bb, J\u00e9sus r\u00e9pondant \u00e0 la femme samaritaine ;&nbsp;<\/li><\/ul>\n\n\n\n<p>Le Christ J\u00e9sus en tant qu\u2019homme entre dans l\u2019accomplissement des desseins voulus par Dieu, dans l\u2019accomplissement de la volont\u00e9 de son P\u00e8re.<br>Dieu dans Sa grande sagesse a pr\u00e9par\u00e9 cette heure. J\u00e9sus est pr\u00e9sent\u00e9 comme le Fils de l\u2019Homme qui vient vers l\u2019heure.\u00a0<br>Pour nous aussi, en ces temps difficiles, l\u2019heure est sombre. Mais l\u2019heure est l\u00e0 non pas pour se d\u00e9courager, d\u00e9missionner et devenir infid\u00e8le. L\u2019heure est l\u00e0 pour que nous disions un\u00a0<em>\u00ab\u00a0mais\u00a0\u00bb<\/em>, pour que nous puissions prendre de fermes r\u00e9solutions.<br>L\u2019Eglise vit dans l\u2019heure de Dieu : Lui, Il sait ce qu\u2019il se passe.\u00a0Nous devons donc prier le P\u00e8re : \u00ab\u00a0Dans ces heures sombres donne moi de rester fid\u00e8le, de faire ce qui est juste. Que ce temps d\u2019angoisse n\u2019est pas une emprise sur mon esp\u00e9rance car je sais que Tu l\u2019as d\u00e9j\u00e0 vaincu !\u00a0\u00bb<\/p>\n\n\n\n<p>Le Christ ne veut pas Se sauver Lui m\u00eame, Il affirme au contraire qu\u2019Il vient pour sauver. Et cela signifie pour Lui d\u2019aller vers l\u2019heure, l\u2019heure de cette mort.Pour que le grain de bl\u00e9 porte du fruit, il doit mourir :&nbsp;<em>\u00ab&nbsp;si le grain de bl\u00e9 qui tombe en terre ne meurt pas, il reste seul ; si au contraire il meurt, il porte du fruit en abondance.&nbsp;\u00bb (<\/em>Jean 12.24)<\/p>\n\n\n\n<h4 class=\"wp-block-heading\">P\u00e8re glorifie Ton Nom<\/h4>\n\n\n\n<p>Tout d\u2019un coup ces paroles r\u00e9sonne \u00ab&nbsp;<em>P\u00e8re, glorifie Ton nom&nbsp;\u00bb.<\/em><br>Le Christ r\u00e9solu, qui a accept\u00e9 le projet de Son P\u00e8re, cette mort sur La Croix fait jaillir ce cri avec force \u00ab&nbsp;P\u00e8re glorifie Ton Nom, montre Ta splendeur de P\u00e8re&#8230;&nbsp;\u00bb<br>Et le P\u00e8re Lui r\u00e9pond :&nbsp;<em>\u00ab&nbsp; Alors, une voix vint du ciel : Je l&rsquo;ai glorifi\u00e9 et je le glorifierai encore. \u00bb<\/em><\/p>\n\n\n\n<p>Dans notre passage, \u00e0 trois reprises le mot grec \u00ab&nbsp;gloire&nbsp;\u00bb revient, avec des temps diff\u00e9rents qui marque :<\/p>\n\n\n\n<ul class=\"wp-block-list\"><li>Le pr\u00e9sent, maintenant :&nbsp;<em>\u00ab&nbsp;P\u00e8re maintenant glorifie Ton nom&nbsp;\u00bb<\/em><\/li><li>Le pass\u00e9, hier :&nbsp;<em>\u00ab&nbsp;Je L\u2019ai d\u00e9j\u00e0 glorifi\u00e9&nbsp;\u00bb<\/em><\/li><li>Le futur, demain:&nbsp;<em>\u00ab&nbsp;Et je Le glorifierai encore&nbsp;\u00bb<\/em><\/li><\/ul>\n\n\n\n<p>Le Christ J\u00e9sus prie le P\u00e8re de Se manifester comme Dieu, de r\u00e9v\u00e9ler la splendeur de Sa pr\u00e9sence.<br>Dans le chapitre 17, nous lisons\u00a0<em>\u00ab\u00a0Apr\u00e8s avoir ainsi parl\u00e9, J\u00e9sus leva les yeux au ciel et dit : P\u00e8re, l&rsquo;heure est venue, glorifie ton Fils, afin que ton Fils te glorifie\u00a0\u00bb<\/em>.<br>Glorifier Dieu dans le concret de sa vie C\u2019est l\u2019aimer jusqu\u2019au bout.Lorsqu\u2019on d\u00e9borde d\u2019amour, on s\u2019oublie naturellement pour prendre \u00e0 la personne aim\u00e9e, on ne peut emp\u00eacher de publier partout la louange de celui qu\u2019on aime.<br>Le Christ est absorb\u00e9, poss\u00e9d\u00e9 par l\u2019amour du P\u00e8re, et c\u2019est pour cela qu\u2019Il Se pla\u00eet \u00e0 parler sans cesse de Lui.\u00a0Il Se pla\u00eet \u00e0 Se faire petit devant Lui et \u00e0 reconna\u00eetre qu\u2019Il a tout re\u00e7u de Lui. Il Lui rapporte tout le m\u00e9rite du plan de r\u00e9demption.<br>Toujours au chapitre 17, le Christ affirme\u00a0<em>\u00ab\u00a0Je T\u2019ai glorifi\u00e9 sur la terre, j&rsquo;ai achev\u00e9 l&rsquo;oeuvre que Tu m&rsquo;as donn\u00e9e \u00e0 faire.\u00a0\u00bb<\/em><br>M\u00eame au soir de Sa vie, le Christ S\u2019adresse au P\u00e8re pour r\u00e9sumer Sa mission ici bas. Ce n\u2019est que lorsque le croyant peut dire la m\u00eame chose,\u00a0<em>\u00ab\u00a0je T\u2019ai glorifi\u00e9 sur la terre\u00a0\u00bb<\/em>, qu\u2019il peut partir rejoindre Son ma\u00eetre.<\/p>\n\n\n\n<p>Si dans le langage courant la gloire est g\u00e9n\u00e9ralement associ\u00e9e \u00e0 la c\u00e9l\u00e9brit\u00e9, dans le vocabulaire biblique la gloire (\u2018doxa\u2019 en grec) consiste principalement \u00e0 donner du poids. Glorifier quelqu\u2019un c\u2019est r\u00e9v\u00e9ler quelqu\u2019un tel qu\u2019il est. Lorsqu\u2019on parle de gloire dans la Bible, on parle d\u2019\u00e9clat, de rayonnement.<br>Lorsque le Christ prie\u00a0<em>\u00ab\u00a0P\u00e8re, glorifie Ton Nom\u00a0\u00bb<\/em>, Il demande qu\u2019Il se r\u00e9v\u00e8le comme le seul Dieu vivant et vrai.<\/p>\n\n\n\n<p>Glorifier Dieu dans le concret de nos vies c\u2019est L\u2019aimer. Lorsque l\u2019on aime Dieu il n\u2019y a pas de retenu, on est \u00e0 fond, on ne calcule pas, on est absorb\u00e9 par l\u2019amour du P\u00e8re et tout ce que l\u2019on fait, on le fait pour Sa gloire. La passion nous fait faire des choses incroyables. Nous r\u00eavons que les gens dans l\u2019Eglise soit passionn\u00e9 de J\u00e9sus !<br>Le Christ J\u00e9sus est un passionn\u00e9 du P\u00e8re. Le croyant qui re\u00e7oit l\u2019Esprit de J\u00e9sus doit donc aussi devenir un passionn\u00e9 du P\u00e8re !<br>Quand le Christ J\u00e9sus prie\u00a0<em>\u00ab\u00a0P\u00e8re, glorifie Ton Nom\u00a0\u00bb<\/em>\u00a0c\u2019est Son c\u0153ur m\u00eame qui s\u2019exprime ici. Il montre ce qu\u2019il y a de plus important, de plus cher \u00e0 Ses yeux, ce n\u2019est pas Sa propre vie mais la gloire de Dieu.<br>\u00ab\u00a0P\u00e8re glorifie Ton nom\u00a0\u00bb tel est la demande fondamentale du Christ.\u00a0Elle surmonte comme une victoire dans la lumi\u00e8re, le moment de trouble, de questionnement de J\u00e9sus.<br>A ce moment, le nom du P\u00e8re a \u00e9t\u00e9 glorifi\u00e9 dans Son minist\u00e8re, et Il le sera dans Sa mort et Sa r\u00e9surrection.\u00a0<br>Glorifier Dieu dans le concret de sa vie c\u2019est demander que le plan con\u00e7u par Dieu s\u2019accomplisse et que la gloire de Sa volont\u00e9 se manifeste.\u00a0<br>M\u00eame dans ces temps difficiles, m\u00eame si nous ne comprenons pas tout, prions P\u00e8re glorifie Ton Nom, que Ta volont\u00e9 soit faite.<\/p>\n\n\n\n<h4 class=\"wp-block-heading\">Je l\u2019ai glorifi\u00e9 et Je le glorifierai encore<\/h4>\n\n\n\n<p>Verset 28 :&nbsp;<em>\u00ab&nbsp;Alors, une voix vint du ciel : Je l&rsquo;ai glorifi\u00e9 et je le glorifierai encore. \u00bb<\/em><\/p>\n\n\n\n<p>La r\u00e9ponse du P\u00e8re ne tarde pas, la pri\u00e8re du Christ J\u00e9sus re\u00e7oit imm\u00e9diatement l\u2019assurance d\u2019\u00eatre exauc\u00e9e.&nbsp;Il faut comprendre que le P\u00e8re affirme au Fils que \u00ab&nbsp;Jusqu\u2019\u00e0 maintenant ce que Tu as \u00e9t\u00e9, ce que Tu as dit en Mon Nom, pour Ma gloire. Ton style de vie M\u2019a glorifi\u00e9, Ton message M\u2019a glorifi\u00e9 et m\u00eame dans Ta mort Je serai encore glorifi\u00e9.&nbsp;\u00bb<br>Nous devons nous aussi entendre cette voix du P\u00e8re&nbsp;<em>\u00ab Je l\u2019ai d\u00e9j\u00e0 glorifi\u00e9&nbsp;\u00bb<\/em>&nbsp;: \u00ab&nbsp;Je t\u2019observe chaque jour, je te vois marcher pour Moi, je te vois penser aux autres, je te vois renoncer \u00e0 ta vie, je te vois Me servir, je te vois Me louer, alors oui j\u2019ai d\u00e9j\u00e0 glorifi\u00e9 Mon Nom dans ta vie.&nbsp;\u00bb<br>La r\u00e9ponse est \u00e9clatante, c\u2019est le sceau divin qui vient sur la d\u00e9termination du Christ J\u00e9sus qui a d\u00e9cid\u00e9 d\u2019aller jusqu\u2019au terme de Sa mission.&nbsp;Le P\u00e8re ne peut qu\u2019\u00eatre d\u2019accord. La voix du Ciel confirme la volont\u00e9 du P\u00e8re sur la mission et l\u2019\u0153uvre du Christ J\u00e9sus.<br>Cette voix r\u00e9pond \u00e9galement \u00e0 l\u2019esp\u00e9rance des gens qui entouraient le Christ ce jour l\u00e0 (les grecs qui \u00e9taient venus adorer \u00e0 J\u00e9rusalem et voulait Le voir). Elle r\u00e9pond \u00e0 notre esp\u00e9rance \u00e0 nous.&nbsp;Elle dit \u00ab&nbsp;Oui ! Je L\u2019ai d\u00e9j\u00e0 glorifi\u00e9, c\u2019est bien Lui J\u00e9sus votre sauveur !&nbsp;\u00bb<\/p>\n\n\n\n<p>Nous devons revoir nos convictions, revoir nos doctrines \u00e0 la lumi\u00e8re de la gloire de Dieu.\u00a0<br>Rien n\u2019est plus important que la gloire de Dieu.\u00a0<br>Nous ne devons pas nous pr\u00e9occuper en premier de notre bien \u00eatre, de notre bonheur terrestre mais la priorit\u00e9 c\u2019est la gloire de Dieu, c\u2019est d\u2019\u00eatre \u00e9panoui en Dieu en faisant Sa volont\u00e9.<\/p>\n\n\n\n<p>Le Christ a choisi de ne pas \u00eatre sauv\u00e9 tout de suite, mais d\u2019aller jusqu\u2019au bout, \u00e0 la mort parce que c\u2019\u00e9tait le dessein de Dieu, parce qu\u2019Il savait que c\u2019\u00e9tait le seul chemin pour que les hommes soient sauv\u00e9s.\u00a0<br>En tant que disciples de J\u00e9sus, prenons chaque jour notre croix et suivons Le, renon\u00e7ons \u00e0 notre vie. Cela implique une mort \u00e0 nous m\u00eame.\u00a0On suit le Christ J\u00e9sus maintenant, mais on Le suivra aussi apr\u00e8s la mort, cela veut dire que l\u00e0 o\u00f9 Il sera, nous aussi nous y serons.<br>Il y a donc plus \u00e0 gagner en renon\u00e7ant \u00e0 ces choses terrestres passag\u00e8res qu\u2019\u00e0 vouloir toujours poss\u00e9der plus. Nous n\u2019avons rien apporter sur cette terre et nous n\u2019en emporterons rien.\u00a0<\/p>\n\n\n\n<p>Que notre unique passion, ambition soit de glorifier Dieu. Alors nous pourrons entendre cette voix int\u00e9rieure :\u00a0<em>\u00ab\u00a0Je l\u2019ai d\u00e9j\u00e0 glorifi\u00e9\u00a0et je le glorifierai encore\u00a0\u00bb.<\/em><\/p>\n\n\n\n<p>N\u2019oublions jamais que tout ce que Dieu fait tourne autour de Sa gloire.\u00a0<\/p>\n\n\n\n<p>Alors que nous Le glorifions, nous serons surpris d\u2019\u00eatre heureux dans cet exercice m\u00eame !&nbsp;Il y a une jubilation de faire la volont\u00e9 de notre P\u00e8re.&nbsp;<br>Le Christ n\u2019\u00e9tait pas malheureux, Il n\u2019\u00e9tait pas triste. Il n\u2019avait pas de grandes possessions mat\u00e9rielles, maisons, gard\u00e9s robes remarquables, de v\u00e9hicules ou troupeaux. C\u2019est pourtant Lui qui pr\u00eache et qui incarne le vrai bonheur ! Qu\u2019est-ce qu\u2019Il a qu\u2019on a pas ? Il a \u00e9t\u00e9 heureux de faire la volont\u00e9 de son P\u00e8re et de Le glorifier.<br>Tant qu\u2019on arrive pas \u00e0 ce point l\u00e0, on erre, on t\u00e2tonne pour chercher notre satisfaction dans des lieux ou des choses o\u00f9 on ne trouvera jamais.&nbsp;<\/p>\n\n\n\n<p>Le bonheur avec Dieu est dans la mort \u00e0 soi-m\u00eame. Il est totalement diff\u00e9rent de ce que le monde pr\u00f4ne. Acceptons ce que J\u00e9sus dit, acceptons la d\u00e9finition du bonheur selon le Christ J\u00e9sus :&nbsp;<em>\u00ab&nbsp;Heureux les pauvres en esprit : le Royaume des cieux est \u00e0 eux ; Heureux les doux ; Heureux ceux qui pleurent&#8230;&nbsp;\u00bb<\/em>&nbsp;(voir Matthieu 5).<\/p>\n\n\n\n<p>Les exigences de J\u00e9sus nous d\u00e9passent parce qu\u2019on ne veut pas l\u00e2cher prise et nous naviguons souvent dans la compromission entre deux mondes. Soyons comme le Christ qui n\u2019avait qu\u2019une seule pr\u00e9occupation depuis le d\u00e9but : la gloire de Dieu. La seule chose qui Le dirige c\u2019est de faire plaisir \u00e0 Son P\u00e8re, tant qu\u2019Il a l\u2019approbation du P\u00e8re, Il est heureux !Parfois \u00e7a passait par le fait de dire des paroles durs, de chasser avec violence les vendeurs du temple parce que le Christ est anim\u00e9 du z\u00e8le pour la gloire de Son P\u00e8re.<\/p>\n\n\n\n<h4 class=\"wp-block-heading\">Conclusion<\/h4>\n\n\n\n<p>Dans Jean 14.13, le Christ J\u00e9sus d\u00e9clare\u00a0<em>\u00ab\u00a0Tout ce que vous demanderez en mon nom, je le ferai, de sorte que le P\u00e8re soit glorifi\u00e9 dans le Fils.\u00a0\u00bb<\/em><br>M\u00eame la dans la pri\u00e8re, il est d\u2019abord question de la splendeur du P\u00e8re, il est d\u2019abord question du poids que nous donnons \u00e0 la personne de Dieu.<\/p>\n\n\n\n<p>Dor\u00e9navant en priant ne soyons pas obs\u00e9d\u00e9 par notre bien \u00eatre mais prions plut\u00f4t pour que l\u2019exaucement soit une occasion de t\u00e9moigner du poids du Nom de Dieu, de Son amour, de Sa manifestation, de dire\u00a0<br>\u00ab\u00a0Regardez ce que le Seigneur est capable de faire !\u00a0\u00bb. Prions plut\u00f4t comme ceci : \u00ab\u00a0Exauce moi pour que ce soit l\u2019occasion pour moi de rendre gloire \u00e0 Ton Nom !\u00a0\u00bb<br>Glorifier Dieu c\u2019est Lui donner du poids, qu\u2019Il soit r\u00e9v\u00e9l\u00e9 comme le seul vrai Dieu, que Sa gloire resplendisse&#8230;<\/p>\n","protected":false},"excerpt":{"rendered":"<p>Pr\u00e9dication Culte Du 03 Janvier 2021 Par Le Pasteur Claude Missidimbazi Titre : P\u00e8re Glorifie Ton NomTexte : Jean 12.27-28 \u00ab Maintenant mon \u00e2me est troubl\u00e9e, et que dirai-je ? P\u00e8re, sauve-moi de cette heure ? Mais c&rsquo;est pr\u00e9cis\u00e9ment pour cette heure que je suis venu. P\u00e8re, glorifie ton nom. \u00bb Alors, une voix vint&#8230;<\/p>\n","protected":false},"author":4,"featured_media":1332,"comment_status":"open","ping_status":"open","sticky":false,"template":"","format":"standard","meta":{"footnotes":""},"categories":[31,1],"tags":[66,128,130,129],"class_list":["post-1331","post","type-post","status-publish","format-standard","has-post-thumbnail","hentry","category-dieu-le-pere","category-jesus-le-christ","tag-dieu-le-pere","tag-gloire","tag-glorification","tag-jesus-glorifie-le-pere"],"yoast_head":"<!-- This site is optimized with the Yoast SEO plugin v27.3 - https:\/\/yoast.com\/product\/yoast-seo-wordpress\/ -->\n<title>P\u00c8RE GLORIFIE TON NOM - Eglise Matthania<\/title>\n<meta name=\"robots\" content=\"index, follow, max-snippet:-1, max-image-preview:large, max-video-preview:-1\" \/>\n<link rel=\"canonical\" href=\"https:\/\/eglisematthania.com\/index.php\/2021\/01\/04\/pere-glorifie-ton-nom\/\" \/>\n<meta property=\"og:locale\" content=\"fr_FR\" \/>\n<meta property=\"og:type\" content=\"article\" \/>\n<meta property=\"og:title\" content=\"P\u00c8RE GLORIFIE TON NOM - Eglise Matthania\" \/>\n<meta property=\"og:description\" content=\"Pr\u00e9dication Culte Du 03 Janvier 2021 Par Le Pasteur Claude Missidimbazi Titre : P\u00e8re Glorifie Ton NomTexte : Jean 12.27-28 \u00ab Maintenant mon \u00e2me est troubl\u00e9e, et que dirai-je ? P\u00e8re, sauve-moi de cette heure ? Mais c&rsquo;est pr\u00e9cis\u00e9ment pour cette heure que je suis venu. P\u00e8re, glorifie ton nom. \u00bb Alors, une voix vint...\" \/>\n<meta property=\"og:url\" content=\"https:\/\/eglisematthania.com\/index.php\/2021\/01\/04\/pere-glorifie-ton-nom\/\" \/>\n<meta property=\"og:site_name\" content=\"Eglise Matthania\" \/>\n<meta property=\"article:published_time\" content=\"2021-01-04T12:56:37+00:00\" \/>\n<meta property=\"article:modified_time\" content=\"2021-01-04T12:56:39+00:00\" \/>\n<meta property=\"og:image\" content=\"https:\/\/eglisematthania.com\/wp-content\/uploads\/2021\/01\/Pere-glorifie-ton-nom-scaled.jpg\" \/>\n\t<meta property=\"og:image:width\" content=\"2560\" \/>\n\t<meta property=\"og:image:height\" content=\"1707\" \/>\n\t<meta property=\"og:image:type\" content=\"image\/jpeg\" \/>\n<meta name=\"author\" content=\"Redaction Matthania\" \/>\n<meta name=\"twitter:card\" content=\"summary_large_image\" \/>\n<meta name=\"twitter:label1\" content=\"\u00c9crit par\" \/>\n\t<meta name=\"twitter:data1\" content=\"Redaction Matthania\" \/>\n\t<meta name=\"twitter:label2\" content=\"Dur\u00e9e de lecture estim\u00e9e\" \/>\n\t<meta name=\"twitter:data2\" content=\"17 minutes\" \/>\n<script type=\"application\/ld+json\" class=\"yoast-schema-graph\">{\"@context\":\"https:\\\/\\\/schema.org\",\"@graph\":[{\"@type\":\"Article\",\"@id\":\"https:\\\/\\\/eglisematthania.com\\\/index.php\\\/2021\\\/01\\\/04\\\/pere-glorifie-ton-nom\\\/#article\",\"isPartOf\":{\"@id\":\"https:\\\/\\\/eglisematthania.com\\\/index.php\\\/2021\\\/01\\\/04\\\/pere-glorifie-ton-nom\\\/\"},\"author\":{\"name\":\"Redaction Matthania\",\"@id\":\"https:\\\/\\\/eglisematthania.com\\\/#\\\/schema\\\/person\\\/dc8a6a5622532e51764c11fddb8c52a3\"},\"headline\":\"P\u00c8RE GLORIFIE TON NOM\",\"datePublished\":\"2021-01-04T12:56:37+00:00\",\"dateModified\":\"2021-01-04T12:56:39+00:00\",\"mainEntityOfPage\":{\"@id\":\"https:\\\/\\\/eglisematthania.com\\\/index.php\\\/2021\\\/01\\\/04\\\/pere-glorifie-ton-nom\\\/\"},\"wordCount\":3391,\"commentCount\":0,\"publisher\":{\"@id\":\"https:\\\/\\\/eglisematthania.com\\\/#organization\"},\"image\":{\"@id\":\"https:\\\/\\\/eglisematthania.com\\\/index.php\\\/2021\\\/01\\\/04\\\/pere-glorifie-ton-nom\\\/#primaryimage\"},\"thumbnailUrl\":\"https:\\\/\\\/eglisematthania.com\\\/wp-content\\\/uploads\\\/2021\\\/01\\\/Pere-glorifie-ton-nom-scaled.jpg\",\"keywords\":[\"Dieu le Pere\",\"Gloire\",\"Glorification\",\"Jesus glorifie le Pere\"],\"articleSection\":[\"Dieu Le P\u00e8re\",\"Jesus Le Christ\"],\"inLanguage\":\"fr-FR\",\"potentialAction\":[{\"@type\":\"CommentAction\",\"name\":\"Comment\",\"target\":[\"https:\\\/\\\/eglisematthania.com\\\/index.php\\\/2021\\\/01\\\/04\\\/pere-glorifie-ton-nom\\\/#respond\"]}]},{\"@type\":\"WebPage\",\"@id\":\"https:\\\/\\\/eglisematthania.com\\\/index.php\\\/2021\\\/01\\\/04\\\/pere-glorifie-ton-nom\\\/\",\"url\":\"https:\\\/\\\/eglisematthania.com\\\/index.php\\\/2021\\\/01\\\/04\\\/pere-glorifie-ton-nom\\\/\",\"name\":\"P\u00c8RE GLORIFIE TON NOM - Eglise Matthania\",\"isPartOf\":{\"@id\":\"https:\\\/\\\/eglisematthania.com\\\/#website\"},\"primaryImageOfPage\":{\"@id\":\"https:\\\/\\\/eglisematthania.com\\\/index.php\\\/2021\\\/01\\\/04\\\/pere-glorifie-ton-nom\\\/#primaryimage\"},\"image\":{\"@id\":\"https:\\\/\\\/eglisematthania.com\\\/index.php\\\/2021\\\/01\\\/04\\\/pere-glorifie-ton-nom\\\/#primaryimage\"},\"thumbnailUrl\":\"https:\\\/\\\/eglisematthania.com\\\/wp-content\\\/uploads\\\/2021\\\/01\\\/Pere-glorifie-ton-nom-scaled.jpg\",\"datePublished\":\"2021-01-04T12:56:37+00:00\",\"dateModified\":\"2021-01-04T12:56:39+00:00\",\"breadcrumb\":{\"@id\":\"https:\\\/\\\/eglisematthania.com\\\/index.php\\\/2021\\\/01\\\/04\\\/pere-glorifie-ton-nom\\\/#breadcrumb\"},\"inLanguage\":\"fr-FR\",\"potentialAction\":[{\"@type\":\"ReadAction\",\"target\":[\"https:\\\/\\\/eglisematthania.com\\\/index.php\\\/2021\\\/01\\\/04\\\/pere-glorifie-ton-nom\\\/\"]}]},{\"@type\":\"ImageObject\",\"inLanguage\":\"fr-FR\",\"@id\":\"https:\\\/\\\/eglisematthania.com\\\/index.php\\\/2021\\\/01\\\/04\\\/pere-glorifie-ton-nom\\\/#primaryimage\",\"url\":\"https:\\\/\\\/eglisematthania.com\\\/wp-content\\\/uploads\\\/2021\\\/01\\\/Pere-glorifie-ton-nom-scaled.jpg\",\"contentUrl\":\"https:\\\/\\\/eglisematthania.com\\\/wp-content\\\/uploads\\\/2021\\\/01\\\/Pere-glorifie-ton-nom-scaled.jpg\",\"width\":2560,\"height\":1707},{\"@type\":\"BreadcrumbList\",\"@id\":\"https:\\\/\\\/eglisematthania.com\\\/index.php\\\/2021\\\/01\\\/04\\\/pere-glorifie-ton-nom\\\/#breadcrumb\",\"itemListElement\":[{\"@type\":\"ListItem\",\"position\":1,\"name\":\"Accueil\",\"item\":\"https:\\\/\\\/eglisematthania.com\\\/\"},{\"@type\":\"ListItem\",\"position\":2,\"name\":\"P\u00c8RE GLORIFIE TON NOM\"}]},{\"@type\":\"WebSite\",\"@id\":\"https:\\\/\\\/eglisematthania.com\\\/#website\",\"url\":\"https:\\\/\\\/eglisematthania.com\\\/\",\"name\":\"Eglise Matthania\",\"description\":\"\u00e9glise Protestante \u00e9vang\u00e9lique\",\"publisher\":{\"@id\":\"https:\\\/\\\/eglisematthania.com\\\/#organization\"},\"potentialAction\":[{\"@type\":\"SearchAction\",\"target\":{\"@type\":\"EntryPoint\",\"urlTemplate\":\"https:\\\/\\\/eglisematthania.com\\\/?s={search_term_string}\"},\"query-input\":{\"@type\":\"PropertyValueSpecification\",\"valueRequired\":true,\"valueName\":\"search_term_string\"}}],\"inLanguage\":\"fr-FR\"},{\"@type\":\"Organization\",\"@id\":\"https:\\\/\\\/eglisematthania.com\\\/#organization\",\"name\":\"Eglise Protestante \u00c9vang\u00e9lique Matthania\",\"url\":\"https:\\\/\\\/eglisematthania.com\\\/\",\"logo\":{\"@type\":\"ImageObject\",\"inLanguage\":\"fr-FR\",\"@id\":\"https:\\\/\\\/eglisematthania.com\\\/#\\\/schema\\\/logo\\\/image\\\/\",\"url\":\"https:\\\/\\\/eglisematthania.com\\\/wp-content\\\/uploads\\\/2020\\\/03\\\/LogoSite3.png\",\"contentUrl\":\"https:\\\/\\\/eglisematthania.com\\\/wp-content\\\/uploads\\\/2020\\\/03\\\/LogoSite3.png\",\"width\":258,\"height\":55,\"caption\":\"Eglise Protestante \u00c9vang\u00e9lique Matthania\"},\"image\":{\"@id\":\"https:\\\/\\\/eglisematthania.com\\\/#\\\/schema\\\/logo\\\/image\\\/\"}},{\"@type\":\"Person\",\"@id\":\"https:\\\/\\\/eglisematthania.com\\\/#\\\/schema\\\/person\\\/dc8a6a5622532e51764c11fddb8c52a3\",\"name\":\"Redaction Matthania\",\"image\":{\"@type\":\"ImageObject\",\"inLanguage\":\"fr-FR\",\"@id\":\"https:\\\/\\\/secure.gravatar.com\\\/avatar\\\/1414a88924072fc6032a395f2bd8af30fee21e82332dcb7070d57fee67ed5b6b?s=96&d=mm&r=g\",\"url\":\"https:\\\/\\\/secure.gravatar.com\\\/avatar\\\/1414a88924072fc6032a395f2bd8af30fee21e82332dcb7070d57fee67ed5b6b?s=96&d=mm&r=g\",\"contentUrl\":\"https:\\\/\\\/secure.gravatar.com\\\/avatar\\\/1414a88924072fc6032a395f2bd8af30fee21e82332dcb7070d57fee67ed5b6b?s=96&d=mm&r=g\",\"caption\":\"Redaction Matthania\"},\"url\":\"https:\\\/\\\/eglisematthania.com\\\/index.php\\\/author\\\/redaction-matthania\\\/\"}]}<\/script>\n<!-- \/ Yoast SEO plugin. -->","yoast_head_json":{"title":"P\u00c8RE GLORIFIE TON NOM - Eglise Matthania","robots":{"index":"index","follow":"follow","max-snippet":"max-snippet:-1","max-image-preview":"max-image-preview:large","max-video-preview":"max-video-preview:-1"},"canonical":"https:\/\/eglisematthania.com\/index.php\/2021\/01\/04\/pere-glorifie-ton-nom\/","og_locale":"fr_FR","og_type":"article","og_title":"P\u00c8RE GLORIFIE TON NOM - Eglise Matthania","og_description":"Pr\u00e9dication Culte Du 03 Janvier 2021 Par Le Pasteur Claude Missidimbazi Titre : P\u00e8re Glorifie Ton NomTexte : Jean 12.27-28 \u00ab Maintenant mon \u00e2me est troubl\u00e9e, et que dirai-je ? P\u00e8re, sauve-moi de cette heure ? Mais c&rsquo;est pr\u00e9cis\u00e9ment pour cette heure que je suis venu. P\u00e8re, glorifie ton nom. \u00bb Alors, une voix vint...","og_url":"https:\/\/eglisematthania.com\/index.php\/2021\/01\/04\/pere-glorifie-ton-nom\/","og_site_name":"Eglise Matthania","article_published_time":"2021-01-04T12:56:37+00:00","article_modified_time":"2021-01-04T12:56:39+00:00","og_image":[{"width":2560,"height":1707,"url":"https:\/\/eglisematthania.com\/wp-content\/uploads\/2021\/01\/Pere-glorifie-ton-nom-scaled.jpg","type":"image\/jpeg"}],"author":"Redaction Matthania","twitter_card":"summary_large_image","twitter_misc":{"\u00c9crit par":"Redaction Matthania","Dur\u00e9e de lecture estim\u00e9e":"17 minutes"},"schema":{"@context":"https:\/\/schema.org","@graph":[{"@type":"Article","@id":"https:\/\/eglisematthania.com\/index.php\/2021\/01\/04\/pere-glorifie-ton-nom\/#article","isPartOf":{"@id":"https:\/\/eglisematthania.com\/index.php\/2021\/01\/04\/pere-glorifie-ton-nom\/"},"author":{"name":"Redaction Matthania","@id":"https:\/\/eglisematthania.com\/#\/schema\/person\/dc8a6a5622532e51764c11fddb8c52a3"},"headline":"P\u00c8RE GLORIFIE TON NOM","datePublished":"2021-01-04T12:56:37+00:00","dateModified":"2021-01-04T12:56:39+00:00","mainEntityOfPage":{"@id":"https:\/\/eglisematthania.com\/index.php\/2021\/01\/04\/pere-glorifie-ton-nom\/"},"wordCount":3391,"commentCount":0,"publisher":{"@id":"https:\/\/eglisematthania.com\/#organization"},"image":{"@id":"https:\/\/eglisematthania.com\/index.php\/2021\/01\/04\/pere-glorifie-ton-nom\/#primaryimage"},"thumbnailUrl":"https:\/\/eglisematthania.com\/wp-content\/uploads\/2021\/01\/Pere-glorifie-ton-nom-scaled.jpg","keywords":["Dieu le Pere","Gloire","Glorification","Jesus glorifie le Pere"],"articleSection":["Dieu Le P\u00e8re","Jesus Le Christ"],"inLanguage":"fr-FR","potentialAction":[{"@type":"CommentAction","name":"Comment","target":["https:\/\/eglisematthania.com\/index.php\/2021\/01\/04\/pere-glorifie-ton-nom\/#respond"]}]},{"@type":"WebPage","@id":"https:\/\/eglisematthania.com\/index.php\/2021\/01\/04\/pere-glorifie-ton-nom\/","url":"https:\/\/eglisematthania.com\/index.php\/2021\/01\/04\/pere-glorifie-ton-nom\/","name":"P\u00c8RE GLORIFIE TON NOM - Eglise Matthania","isPartOf":{"@id":"https:\/\/eglisematthania.com\/#website"},"primaryImageOfPage":{"@id":"https:\/\/eglisematthania.com\/index.php\/2021\/01\/04\/pere-glorifie-ton-nom\/#primaryimage"},"image":{"@id":"https:\/\/eglisematthania.com\/index.php\/2021\/01\/04\/pere-glorifie-ton-nom\/#primaryimage"},"thumbnailUrl":"https:\/\/eglisematthania.com\/wp-content\/uploads\/2021\/01\/Pere-glorifie-ton-nom-scaled.jpg","datePublished":"2021-01-04T12:56:37+00:00","dateModified":"2021-01-04T12:56:39+00:00","breadcrumb":{"@id":"https:\/\/eglisematthania.com\/index.php\/2021\/01\/04\/pere-glorifie-ton-nom\/#breadcrumb"},"inLanguage":"fr-FR","potentialAction":[{"@type":"ReadAction","target":["https:\/\/eglisematthania.com\/index.php\/2021\/01\/04\/pere-glorifie-ton-nom\/"]}]},{"@type":"ImageObject","inLanguage":"fr-FR","@id":"https:\/\/eglisematthania.com\/index.php\/2021\/01\/04\/pere-glorifie-ton-nom\/#primaryimage","url":"https:\/\/eglisematthania.com\/wp-content\/uploads\/2021\/01\/Pere-glorifie-ton-nom-scaled.jpg","contentUrl":"https:\/\/eglisematthania.com\/wp-content\/uploads\/2021\/01\/Pere-glorifie-ton-nom-scaled.jpg","width":2560,"height":1707},{"@type":"BreadcrumbList","@id":"https:\/\/eglisematthania.com\/index.php\/2021\/01\/04\/pere-glorifie-ton-nom\/#breadcrumb","itemListElement":[{"@type":"ListItem","position":1,"name":"Accueil","item":"https:\/\/eglisematthania.com\/"},{"@type":"ListItem","position":2,"name":"P\u00c8RE GLORIFIE TON NOM"}]},{"@type":"WebSite","@id":"https:\/\/eglisematthania.com\/#website","url":"https:\/\/eglisematthania.com\/","name":"Eglise Matthania","description":"\u00e9glise Protestante \u00e9vang\u00e9lique","publisher":{"@id":"https:\/\/eglisematthania.com\/#organization"},"potentialAction":[{"@type":"SearchAction","target":{"@type":"EntryPoint","urlTemplate":"https:\/\/eglisematthania.com\/?s={search_term_string}"},"query-input":{"@type":"PropertyValueSpecification","valueRequired":true,"valueName":"search_term_string"}}],"inLanguage":"fr-FR"},{"@type":"Organization","@id":"https:\/\/eglisematthania.com\/#organization","name":"Eglise Protestante \u00c9vang\u00e9lique Matthania","url":"https:\/\/eglisematthania.com\/","logo":{"@type":"ImageObject","inLanguage":"fr-FR","@id":"https:\/\/eglisematthania.com\/#\/schema\/logo\/image\/","url":"https:\/\/eglisematthania.com\/wp-content\/uploads\/2020\/03\/LogoSite3.png","contentUrl":"https:\/\/eglisematthania.com\/wp-content\/uploads\/2020\/03\/LogoSite3.png","width":258,"height":55,"caption":"Eglise Protestante \u00c9vang\u00e9lique Matthania"},"image":{"@id":"https:\/\/eglisematthania.com\/#\/schema\/logo\/image\/"}},{"@type":"Person","@id":"https:\/\/eglisematthania.com\/#\/schema\/person\/dc8a6a5622532e51764c11fddb8c52a3","name":"Redaction Matthania","image":{"@type":"ImageObject","inLanguage":"fr-FR","@id":"https:\/\/secure.gravatar.com\/avatar\/1414a88924072fc6032a395f2bd8af30fee21e82332dcb7070d57fee67ed5b6b?s=96&d=mm&r=g","url":"https:\/\/secure.gravatar.com\/avatar\/1414a88924072fc6032a395f2bd8af30fee21e82332dcb7070d57fee67ed5b6b?s=96&d=mm&r=g","contentUrl":"https:\/\/secure.gravatar.com\/avatar\/1414a88924072fc6032a395f2bd8af30fee21e82332dcb7070d57fee67ed5b6b?s=96&d=mm&r=g","caption":"Redaction Matthania"},"url":"https:\/\/eglisematthania.com\/index.php\/author\/redaction-matthania\/"}]}},"_links":{"self":[{"href":"https:\/\/eglisematthania.com\/index.php\/wp-json\/wp\/v2\/posts\/1331","targetHints":{"allow":["GET"]}}],"collection":[{"href":"https:\/\/eglisematthania.com\/index.php\/wp-json\/wp\/v2\/posts"}],"about":[{"href":"https:\/\/eglisematthania.com\/index.php\/wp-json\/wp\/v2\/types\/post"}],"author":[{"embeddable":true,"href":"https:\/\/eglisematthania.com\/index.php\/wp-json\/wp\/v2\/users\/4"}],"replies":[{"embeddable":true,"href":"https:\/\/eglisematthania.com\/index.php\/wp-json\/wp\/v2\/comments?post=1331"}],"version-history":[{"count":1,"href":"https:\/\/eglisematthania.com\/index.php\/wp-json\/wp\/v2\/posts\/1331\/revisions"}],"predecessor-version":[{"id":1333,"href":"https:\/\/eglisematthania.com\/index.php\/wp-json\/wp\/v2\/posts\/1331\/revisions\/1333"}],"wp:featuredmedia":[{"embeddable":true,"href":"https:\/\/eglisematthania.com\/index.php\/wp-json\/wp\/v2\/media\/1332"}],"wp:attachment":[{"href":"https:\/\/eglisematthania.com\/index.php\/wp-json\/wp\/v2\/media?parent=1331"}],"wp:term":[{"taxonomy":"category","embeddable":true,"href":"https:\/\/eglisematthania.com\/index.php\/wp-json\/wp\/v2\/categories?post=1331"},{"taxonomy":"post_tag","embeddable":true,"href":"https:\/\/eglisematthania.com\/index.php\/wp-json\/wp\/v2\/tags?post=1331"}],"curies":[{"name":"wp","href":"https:\/\/api.w.org\/{rel}","templated":true}]}}